{"id":9922,"date":"2022-01-19T19:16:17","date_gmt":"2022-01-19T19:16:17","guid":{"rendered":"https:\/\/cetm-madrid.es\/web\/?p=9922"},"modified":"2022-01-20T19:31:32","modified_gmt":"2022-01-20T19:31:32","slug":"cetm-multimodal-denuncia-el-incremento-de-las-tarifas-de-las-empresas-ferroviarias-y-la-inaccion-del-mitma-para-impulsar-el-transporte-multimodal","status":"publish","type":"post","link":"https:\/\/cetm-madrid.es\/web\/cetm-multimodal-denuncia-el-incremento-de-las-tarifas-de-las-empresas-ferroviarias-y-la-inaccion-del-mitma-para-impulsar-el-transporte-multimodal\/","title":{"rendered":"CETM Multimodal denuncia el incremento de las tarifas de las empresas ferroviarias y la inacci\u00f3n del MITMA para impulsar el transporte multimodal"},"content":{"rendered":"<p>[et_pb_section fb_built=&#8221;1&#8243; admin_label=&#8221;section&#8221; _builder_version=&#8221;3.22&#8243; global_colors_info=&#8221;{}&#8221; theme_builder_area=&#8221;post_content&#8221;][et_pb_row admin_label=&#8221;row&#8221; _builder_version=&#8221;3.25&#8243; background_size=&#8221;initial&#8221; background_position=&#8221;top_left&#8221; background_repeat=&#8221;repeat&#8221; global_colors_info=&#8221;{}&#8221; column_structure=&#8221;2_3,1_3&#8243; theme_builder_area=&#8221;post_content&#8221;][et_pb_column type=&#8221;2_3&#8243; _builder_version=&#8221;3.25&#8243; custom_padding=&#8221;|||&#8221; global_colors_info=&#8221;{}&#8221; custom_padding__hover=&#8221;|||&#8221; theme_builder_area=&#8221;post_content&#8221;][et_pb_text admin_label=&#8221;Texto&#8221; _builder_version=&#8221;4.14.4&#8243; background_size=&#8221;initial&#8221; background_position=&#8221;top_left&#8221; background_repeat=&#8221;repeat&#8221; text_orientation=&#8221;justified&#8221; hover_enabled=&#8221;0&#8243; use_border_color=&#8221;off&#8221; border_color=&#8221;#ffffff&#8221; border_style=&#8221;solid&#8221; global_colors_info=&#8221;{}&#8221; theme_builder_area=&#8221;post_content&#8221; sticky_enabled=&#8221;0&#8243;]<\/p>\n<p><strong>\u2022 La asociaci\u00f3n de la CETM critica como el incremento de los costes energ\u00e9ticos que soportan las empresas ferroviarias se ha trasladado a las tarifas finales del transporte.<\/strong><\/p>\n<p><strong>\u2022 Renfe Mercanc\u00edas ha aprovechado la ocasi\u00f3n para aplicar una subida desproporcionada en la red multicliente.<\/strong><\/p>\n<p>CETM MULTIMODAL denuncia las nuevas condiciones tarifarias anunciadas por Renfe Mercanc\u00edas para 2022 que ya han entrado en vigor desde el 15 de enero y que <strong>supondr\u00e1n un grave perjuicio para el impulso de la multimodalidad<\/strong> en el transporte de mercanc\u00edas.<\/p>\n<p>Una situaci\u00f3n que deriva de <strong>la inacci\u00f3n del Ministerio de Transportes, Movilidad y Agenda Urbana<\/strong>, m\u00e1ximo responsable de la gesti\u00f3n de ADIF, Renfe Operadora y Renfe Mercanc\u00edas.<\/p>\n<p>El problema es que<strong> los costes de la energ\u00eda el\u00e9ctrica se han disparado<\/strong> desde mediados de 2021, multiplic\u00e1ndose por cuatro desde diciembre. El suministro esta energ\u00eda, necesaria para la circulaci\u00f3n de los trenes, es monopolio de ADIF que, adem\u00e1s, no la adquiere con contratos a medio y largo plazo para poder paliar los cambios en los precios. En consecuencia, la recientemente publicada Declaraci\u00f3n sobre la Red de ADIF correspondiente al 2022, anuncia <strong>un incremento del 88,5% sobre la tarifa de 2021<\/strong>, y todav\u00eda no recoge el incremento adicional que se ha producido a final de a\u00f1o.<\/p>\n<p>Este incremento de la energ\u00eda el\u00e9ctrica, sumado a los costes que lastran hist\u00f3ricamente las cuentas del transporte de mercanc\u00edas por ferrocarril, ha provocado que las empresas ferroviarias, entre las que se incluye Renfe Mercanc\u00edas, se hayan visto obligadas a aplicar nuevas condiciones tarifarias para el nuevo a\u00f1o, un hecho que <strong>supondr\u00e1 la p\u00e9rdida de 500.000 toneladas<\/strong> <strong>de mercanc\u00edas<\/strong> que dejar\u00e1n de trasladarse por este medio, seg\u00fan ha podido estimar el sector.<\/p>\n<p>Adem\u00e1s, en el caso de las tarifas de Renfe Mercanc\u00edas para los trenes multicliente se establecen otras condiciones nuevas:<\/p>\n<p><strong>&#8211; Todos los contenedores se facturar\u00e1n como cargados<\/strong>, eliminando la tarifa de contenedor vac\u00edo, una medida que no se ha adoptado en ning\u00fan pa\u00eds europeo.<\/p>\n<p>&#8211; Los incrementos de las tarifas son <strong>desorbitados<\/strong>, llegando en algunos casos a superar el 68% en algunos tr\u00e1ficos de ida en cargado y vuelta en vac\u00edo.<\/p>\n<p>CETM MULTIMODAL y el resto de las asociaciones del sector <strong>han solicitado durante a\u00f1os ayudas para fomentar el transporte multimodal<\/strong> con el objetivo de poder alcanzar los objetivos de sostenibilidad comprometidos en el Green Deal. Ayudas que, adem\u00e1s, ya se est\u00e1n otorgando en la mayor\u00eda de los pa\u00edses de la Uni\u00f3n Europea.<\/p>\n<p>Sin embargo, a pesar de que el MITMA ha manifestado p\u00fablicamente su compromiso con el impulso del transporte de mercanc\u00edas por ferrocarril, <strong>no ha otorgado ning\u00fan <\/strong><br \/><strong>tipo de ayuda para lograr el empuje que hace falta<\/strong>, ni tampoco para que las empresas puedan hacer frente a la subida de las tarifas. Todo esto contando con la voluntad negociadora de las asociaciones y desaprovechando la celebraci\u00f3n de 2021 como el A\u00f1o Europeo del Ferrocarril.<\/p>\n<p>Por tanto, CETM MULTIMODAL <strong>ha solicitado por carta a la ministra Raquel S\u00e1nchez su intervenci\u00f3n<\/strong> para evitar la p\u00e9rdida de 500.000 toneladas en la intermodalidad terrestre, puesto que <strong>si continua la inacci\u00f3n del Ministerio, no ser\u00e1n recuperables.<\/strong><\/p>\n<p>En caso de que no haya una respuesta en la que se hallen soluciones de consenso, la asociaci\u00f3n de la CETM, en defensa de los intereses de sus asociados, <strong>ejercer\u00e1 todas las acciones necesarias<\/strong> para evitar que la intermodalidad deje de ser una alternativa, teniendo en cuenta que est\u00e1 destinada a mejorar la competitividad, la eficiencia y la sostenibilidad.<\/p>\n<p>[\/et_pb_text][\/et_pb_column][et_pb_column type=&#8221;1_3&#8243; _builder_version=&#8221;3.25&#8243; custom_padding=&#8221;|||&#8221; global_colors_info=&#8221;{}&#8221; custom_padding__hover=&#8221;|||&#8221; theme_builder_area=&#8221;post_content&#8221;][et_pb_image src=&#8221;https:\/\/cetm-madrid.es\/web\/wp-content\/uploads\/2022\/01\/Dise\u00f1o-sin-t\u00edtulo-11.png&#8221; align_tablet=&#8221;center&#8221; align_last_edited=&#8221;on|desktop&#8221; admin_label=&#8221;Imagen&#8221; _builder_version=&#8221;4.14.4&#8243; animation_style=&#8221;slide&#8221; animation_direction=&#8221;left&#8221; animation_duration=&#8221;500ms&#8221; animation_intensity_slide=&#8221;10%&#8221; hover_enabled=&#8221;0&#8243; use_border_color=&#8221;off&#8221; border_color=&#8221;#ffffff&#8221; border_style=&#8221;solid&#8221; animation=&#8221;left&#8221; sticky=&#8221;off&#8221; always_center_on_mobile=&#8221;on&#8221; global_colors_info=&#8221;{}&#8221; theme_builder_area=&#8221;post_content&#8221; title_text=&#8221;Dise\u00f1o sin t\u00edtulo (11)&#8221; sticky_enabled=&#8221;0&#8243; align_phone=&#8221;center&#8221;][\/et_pb_image][\/et_pb_column][\/et_pb_row][\/et_pb_section]<\/p>\n","protected":false},"excerpt":{"rendered":"<p>\u2022 La asociaci\u00f3n de la CETM critica como el incremento de los costes energ\u00e9ticos que soportan las empresas ferroviarias se ha trasladado a las tarifas finales del transporte. \u2022 Renfe Mercanc\u00edas ha aprovechado la ocasi\u00f3n para aplicar una subida desproporcionada en la red multicliente. CETM MULTIMODAL denuncia las nuevas condiciones tarifarias anunciadas por Renfe Mercanc\u00edas [&hellip;]<\/p>\n","protected":false},"author":1,"featured_media":9926,"comment_status":"closed","ping_status":"open","sticky":false,"template":"","format":"standard","meta":{"_et_pb_use_builder":"on","_et_pb_old_content":"","_et_gb_content_width":"","footnotes":""},"categories":[5,4],"tags":[],"class_list":["post-9922","post","type-post","status-publish","format-standard","has-post-thumbnail","hentry","category-general","category-organizacion"],"_links":{"self":[{"href":"https:\/\/cetm-madrid.es\/web\/wp-json\/wp\/v2\/posts\/9922","targetHints":{"allow":["GET"]}}],"collection":[{"href":"https:\/\/cetm-madrid.es\/web\/wp-json\/wp\/v2\/posts"}],"about":[{"href":"https:\/\/cetm-madrid.es\/web\/wp-json\/wp\/v2\/types\/post"}],"author":[{"embeddable":true,"href":"https:\/\/cetm-madrid.es\/web\/wp-json\/wp\/v2\/users\/1"}],"replies":[{"embeddable":true,"href":"https:\/\/cetm-madrid.es\/web\/wp-json\/wp\/v2\/comments?post=9922"}],"version-history":[{"count":2,"href":"https:\/\/cetm-madrid.es\/web\/wp-json\/wp\/v2\/posts\/9922\/revisions"}],"predecessor-version":[{"id":9927,"href":"https:\/\/cetm-madrid.es\/web\/wp-json\/wp\/v2\/posts\/9922\/revisions\/9927"}],"wp:featuredmedia":[{"embeddable":true,"href":"https:\/\/cetm-madrid.es\/web\/wp-json\/wp\/v2\/media\/9926"}],"wp:attachment":[{"href":"https:\/\/cetm-madrid.es\/web\/wp-json\/wp\/v2\/media?parent=9922"}],"wp:term":[{"taxonomy":"category","embeddable":true,"href":"https:\/\/cetm-madrid.es\/web\/wp-json\/wp\/v2\/categories?post=9922"},{"taxonomy":"post_tag","embeddable":true,"href":"https:\/\/cetm-madrid.es\/web\/wp-json\/wp\/v2\/tags?post=9922"}],"curies":[{"name":"wp","href":"https:\/\/api.w.org\/{rel}","templated":true}]}}