{"id":9897,"date":"2022-01-14T19:17:46","date_gmt":"2022-01-14T19:17:46","guid":{"rendered":"https:\/\/cetm-madrid.es\/web\/?p=9897"},"modified":"2022-01-14T19:17:50","modified_gmt":"2022-01-14T19:17:50","slug":"la-cetm-considera-injusto-que-las-victimas-de-trafico-tengan-que-tributar-por-las-indemnizaciones","status":"publish","type":"post","link":"https:\/\/cetm-madrid.es\/web\/la-cetm-considera-injusto-que-las-victimas-de-trafico-tengan-que-tributar-por-las-indemnizaciones\/","title":{"rendered":"La CETM considera injusto que las v\u00edctimas de tr\u00e1fico tengan que tributar por las indemnizaciones"},"content":{"rendered":"<p>[et_pb_section fb_built=&#8221;1&#8243; admin_label=&#8221;section&#8221; _builder_version=&#8221;3.22&#8243; global_colors_info=&#8221;{}&#8221;][et_pb_row column_structure=&#8221;2_3,1_3&#8243; admin_label=&#8221;row&#8221; _builder_version=&#8221;3.25&#8243; background_size=&#8221;initial&#8221; background_position=&#8221;top_left&#8221; background_repeat=&#8221;repeat&#8221; global_colors_info=&#8221;{}&#8221;][et_pb_column type=&#8221;2_3&#8243; _builder_version=&#8221;3.25&#8243; custom_padding=&#8221;|||&#8221; global_colors_info=&#8221;{}&#8221; custom_padding__hover=&#8221;|||&#8221;][et_pb_text admin_label=&#8221;Texto&#8221; _builder_version=&#8221;4.14.4&#8243; background_size=&#8221;initial&#8221; background_position=&#8221;top_left&#8221; background_repeat=&#8221;repeat&#8221; text_orientation=&#8221;justified&#8221; hover_enabled=&#8221;0&#8243; use_border_color=&#8221;off&#8221; border_color=&#8221;#ffffff&#8221; border_style=&#8221;solid&#8221; global_colors_info=&#8221;{}&#8221; sticky_enabled=&#8221;0&#8243;]<\/p>\n<p>El anteproyecto de Ley de medidas de Eficiencia Procesal del Servicio P\u00fablico de Justicia fue aprobado por el Consejo de Ministros el pasado mes de diciembre y ahora se encuentra en fase prelegislativa. Entre las novedades, se incluye solapadamente la posibilidad de que las v\u00edctimas de accidentes de tr\u00e1fico tengan <strong>que tributar por la\u00a0 indemnizaci\u00f3n que reciban cuando se trate de un acuerdo amistoso.<\/strong><\/p>\n<p>Para un sector como el nuestro, <strong>cuya actividad se desarrolla en la carretera<\/strong>, a pesar de que la tasa de accidentalidad de camiones no es elevada y se ha reducido con\u00a0 fuerza en los \u00faltimos a\u00f1os, esta modificaci\u00f3n <strong>supondr\u00e1 un fuerte perjuicio<\/strong> para los profesionales que, desgraciadamente, sufran un accidente.<\/p>\n<p>La CETM advierte que <strong>es injusto<\/strong> que, a la hora de recibir una compensaci\u00f3n por los da\u00f1os sufridos tras un suceso de estas caracter\u00edsticas, se deba hacer frente a este gasto y considera que <strong>no se puede establecer una medida recaudatoria cuando se trata de algo tan delicado<\/strong> como la restituci\u00f3n de los graves perjuicios personales y patrimoniales sufridos por las v\u00edctimas.<\/p>\n<p>Adem\u00e1s, este anteproyecto introduce <strong>cambios en el procedimiento de los tr\u00e1mites de los acuerdos amistosos<\/strong> extrajudiciales entre las aseguradoras y los perjudicados que provocar\u00e1 un<strong> incremento de los costes<\/strong> de los mismos, pues introduce la intervenci\u00f3n de una figura denominada \u2018tercero neutral\u2019, exigiendo adem\u00e1s <strong>escritura p\u00fablica<\/strong>\u00a0 cuando el pago es realizado por una entidad aseguradora.<\/p>\n<p>Por otro lado, si tributan las indemnizaciones obtenidas tras un acuerdo amistoso, se generar\u00e1 un <strong>aumento de los litigios<\/strong>, pues las v\u00edctimas deber\u00edan esperar a la sentencia judicial para que su indemnizaci\u00f3n quede exenta de tributaci\u00f3n, <strong>cargando, a\u00fan m\u00e1s si cabe, la ya desbordada administraci\u00f3n de Justicia.<\/strong><\/p>\n<p>Ante esto, la Confederaci\u00f3n espera que <strong>se estudie esta modificaci\u00f3n y finalmente no se lleve a cabo<\/strong>, puesto que reparar los da\u00f1os personales y patrimoniales de las v\u00edctimas de los accidentes de tr\u00e1fico de manera \u00edntegra es indispensable y un derecho de los ciudadanos.<\/p>\n<p>[\/et_pb_text][\/et_pb_column][et_pb_column type=&#8221;1_3&#8243; _builder_version=&#8221;3.25&#8243; custom_padding=&#8221;|||&#8221; global_colors_info=&#8221;{}&#8221; custom_padding__hover=&#8221;|||&#8221;][et_pb_image src=&#8221;https:\/\/cetm-madrid.es\/web\/wp-content\/uploads\/2022\/01\/Dise\u00f1o-sin-t\u00edtulo-10.png&#8221; align_tablet=&#8221;center&#8221; align_phone=&#8221;&#8221; align_last_edited=&#8221;on|desktop&#8221; admin_label=&#8221;Imagen&#8221; _builder_version=&#8221;4.14.4&#8243; animation_style=&#8221;slide&#8221; animation_direction=&#8221;left&#8221; animation_duration=&#8221;500ms&#8221; animation_intensity_slide=&#8221;10%&#8221; hover_enabled=&#8221;0&#8243; use_border_color=&#8221;off&#8221; border_color=&#8221;#ffffff&#8221; border_style=&#8221;solid&#8221; animation=&#8221;left&#8221; sticky=&#8221;off&#8221; always_center_on_mobile=&#8221;on&#8221; global_colors_info=&#8221;{}&#8221; title_text=&#8221;Dise\u00f1o sin t\u00edtulo (10)&#8221; sticky_enabled=&#8221;0&#8243;][\/et_pb_image][\/et_pb_column][\/et_pb_row][\/et_pb_section]<\/p>\n","protected":false},"excerpt":{"rendered":"<p>El anteproyecto de Ley de medidas de Eficiencia Procesal del Servicio P\u00fablico de Justicia fue aprobado por el Consejo de Ministros el pasado mes de diciembre y ahora se encuentra en fase prelegislativa. Entre las novedades, se incluye solapadamente la posibilidad de que las v\u00edctimas de accidentes de tr\u00e1fico tengan que tributar por la\u00a0 indemnizaci\u00f3n [&hellip;]<\/p>\n","protected":false},"author":1,"featured_media":9901,"comment_status":"closed","ping_status":"open","sticky":false,"template":"","format":"standard","meta":{"_et_pb_use_builder":"on","_et_pb_old_content":"","_et_gb_content_width":"","footnotes":""},"categories":[5,4],"tags":[],"class_list":["post-9897","post","type-post","status-publish","format-standard","has-post-thumbnail","hentry","category-general","category-organizacion"],"_links":{"self":[{"href":"https:\/\/cetm-madrid.es\/web\/wp-json\/wp\/v2\/posts\/9897","targetHints":{"allow":["GET"]}}],"collection":[{"href":"https:\/\/cetm-madrid.es\/web\/wp-json\/wp\/v2\/posts"}],"about":[{"href":"https:\/\/cetm-madrid.es\/web\/wp-json\/wp\/v2\/types\/post"}],"author":[{"embeddable":true,"href":"https:\/\/cetm-madrid.es\/web\/wp-json\/wp\/v2\/users\/1"}],"replies":[{"embeddable":true,"href":"https:\/\/cetm-madrid.es\/web\/wp-json\/wp\/v2\/comments?post=9897"}],"version-history":[{"count":2,"href":"https:\/\/cetm-madrid.es\/web\/wp-json\/wp\/v2\/posts\/9897\/revisions"}],"predecessor-version":[{"id":9902,"href":"https:\/\/cetm-madrid.es\/web\/wp-json\/wp\/v2\/posts\/9897\/revisions\/9902"}],"wp:featuredmedia":[{"embeddable":true,"href":"https:\/\/cetm-madrid.es\/web\/wp-json\/wp\/v2\/media\/9901"}],"wp:attachment":[{"href":"https:\/\/cetm-madrid.es\/web\/wp-json\/wp\/v2\/media?parent=9897"}],"wp:term":[{"taxonomy":"category","embeddable":true,"href":"https:\/\/cetm-madrid.es\/web\/wp-json\/wp\/v2\/categories?post=9897"},{"taxonomy":"post_tag","embeddable":true,"href":"https:\/\/cetm-madrid.es\/web\/wp-json\/wp\/v2\/tags?post=9897"}],"curies":[{"name":"wp","href":"https:\/\/api.w.org\/{rel}","templated":true}]}}