{"id":9766,"date":"2021-12-22T19:44:51","date_gmt":"2021-12-22T19:44:51","guid":{"rendered":"https:\/\/cetm-madrid.es\/web\/?p=9766"},"modified":"2021-12-22T19:44:55","modified_gmt":"2021-12-22T19:44:55","slug":"aclaracion-de-la-dgt-sobre-la-senal-v16","status":"publish","type":"post","link":"https:\/\/cetm-madrid.es\/web\/aclaracion-de-la-dgt-sobre-la-senal-v16\/","title":{"rendered":"Aclaraci\u00f3n de la DGT sobre la se\u00f1al V16"},"content":{"rendered":"<p>[et_pb_section fb_built=&#8221;1&#8243; admin_label=&#8221;section&#8221; _builder_version=&#8221;3.22&#8243;][et_pb_row admin_label=&#8221;row&#8221; _builder_version=&#8221;3.25&#8243; background_size=&#8221;initial&#8221; background_position=&#8221;top_left&#8221; background_repeat=&#8221;repeat&#8221; column_structure=&#8221;2_3,1_3&#8243;][et_pb_column type=&#8221;2_3&#8243; _builder_version=&#8221;3.25&#8243; custom_padding=&#8221;|||&#8221; custom_padding__hover=&#8221;|||&#8221;][et_pb_text admin_label=&#8221;Texto&#8221; _builder_version=&#8221;4.7.7&#8243; background_size=&#8221;initial&#8221; background_position=&#8221;top_left&#8221; background_repeat=&#8221;repeat&#8221; text_orientation=&#8221;justified&#8221; hover_enabled=&#8221;0&#8243; use_border_color=&#8221;off&#8221; border_color=&#8221;#ffffff&#8221; border_style=&#8221;solid&#8221; sticky_enabled=&#8221;0&#8243;]<\/p>\n<p>La Direcci\u00f3n General de Tr\u00e1fico (DGT) ha enviado un comunicado para aclarar la confusi\u00f3n que existe en torno al nuevo dispositivo de prese\u00f1alizaci\u00f3n V16 tras diversas noticias publicadas en los medios de comunicaci\u00f3n.<\/p>\n<p>En la nota aclara que todav\u00eda no hay en el mercado dispositivos conectados con la plataforma DGT 3.0, debido a que el proceso de certificaci\u00f3n del mismo a\u00fan no se ha publicado. Por tanto, aquellas personas que hayan adquirido un dispositivo con luz no certificada y no conectada, tendr\u00e1n que realizar una nueva compra de dicho dispositivo conectado con DGT 3.0 antes del 1 de enero del 2026, fecha en la que dicha conectividad ser\u00e1 obligatoria.<\/p>\n<p>Asimismo, Tr\u00e1fico afirma que en el mes de enero de 2022 publicar\u00e1 el proceso por el que se proceder\u00e1 a la certificaci\u00f3n de aquellas luces V16 que cumplan con las caracter\u00edsticas de luminosidad y conectividad.<\/p>\n<p>Ser\u00e1 a partir de febrero cuando los fabricantes puedan acudir a los servicios t\u00e9cnicos responsables de la certificaci\u00f3n para someter sus prototipos a pruebas definidas y comprobar que cumplen los requisitos necesarios.<\/p>\n<p>Del mismo modo, la DGT se\u00f1ala que est\u00e1 trabajando en la redacci\u00f3n de una modificaci\u00f3n del Real Decreto 159\/2021, que se publicar\u00e1 en el segundo semestre de 2022, con la finalidad de que los productos que salgan al mercado sean de la mayor calidad posible.<\/p>\n<p>Hay que recordar que esta se\u00f1al no ser\u00e1 obligatoria hasta el 1 de enero de 2026. Hasta esa fecha los tri\u00e1ngulos convivir\u00e1n con las se\u00f1ales V16 no conectadas y con las V16 conectadas cuando \u00e9stas est\u00e9n en el mercado.\u00a0<\/p>\n<p>Fuente: CETM<\/p>\n<p>[\/et_pb_text][\/et_pb_column][et_pb_column type=&#8221;1_3&#8243; _builder_version=&#8221;3.25&#8243; custom_padding=&#8221;|||&#8221; custom_padding__hover=&#8221;|||&#8221;][et_pb_image src=&#8221;https:\/\/cetm-madrid.es\/web\/wp-content\/uploads\/2021\/12\/Dise\u00f1o-sin-t\u00edtulo-8.png&#8221; align_tablet=&#8221;center&#8221; align_last_edited=&#8221;on|desktop&#8221; admin_label=&#8221;Imagen&#8221; _builder_version=&#8221;4.7.7&#8243; animation_style=&#8221;slide&#8221; animation_direction=&#8221;left&#8221; animation_duration=&#8221;500ms&#8221; animation_intensity_slide=&#8221;10%&#8221; hover_enabled=&#8221;0&#8243; use_border_color=&#8221;off&#8221; border_color=&#8221;#ffffff&#8221; border_style=&#8221;solid&#8221; animation=&#8221;left&#8221; sticky=&#8221;off&#8221; always_center_on_mobile=&#8221;on&#8221; title_text=&#8221;Dise\u00f1o sin t\u00edtulo (8)&#8221; sticky_enabled=&#8221;0&#8243;][\/et_pb_image][\/et_pb_column][\/et_pb_row][\/et_pb_section]<\/p>\n","protected":false},"excerpt":{"rendered":"<p>La Direcci\u00f3n General de Tr\u00e1fico (DGT) ha enviado un comunicado para aclarar la confusi\u00f3n que existe en torno al nuevo dispositivo de prese\u00f1alizaci\u00f3n V16 tras diversas noticias publicadas en los medios de comunicaci\u00f3n. En la nota aclara que todav\u00eda no hay en el mercado dispositivos conectados con la plataforma DGT 3.0, debido a que el [&hellip;]<\/p>\n","protected":false},"author":1,"featured_media":9770,"comment_status":"closed","ping_status":"open","sticky":false,"template":"","format":"standard","meta":{"_et_pb_use_builder":"on","_et_pb_old_content":"","_et_gb_content_width":"","footnotes":""},"categories":[5,4],"tags":[],"class_list":["post-9766","post","type-post","status-publish","format-standard","has-post-thumbnail","hentry","category-general","category-organizacion"],"_links":{"self":[{"href":"https:\/\/cetm-madrid.es\/web\/wp-json\/wp\/v2\/posts\/9766","targetHints":{"allow":["GET"]}}],"collection":[{"href":"https:\/\/cetm-madrid.es\/web\/wp-json\/wp\/v2\/posts"}],"about":[{"href":"https:\/\/cetm-madrid.es\/web\/wp-json\/wp\/v2\/types\/post"}],"author":[{"embeddable":true,"href":"https:\/\/cetm-madrid.es\/web\/wp-json\/wp\/v2\/users\/1"}],"replies":[{"embeddable":true,"href":"https:\/\/cetm-madrid.es\/web\/wp-json\/wp\/v2\/comments?post=9766"}],"version-history":[{"count":2,"href":"https:\/\/cetm-madrid.es\/web\/wp-json\/wp\/v2\/posts\/9766\/revisions"}],"predecessor-version":[{"id":9771,"href":"https:\/\/cetm-madrid.es\/web\/wp-json\/wp\/v2\/posts\/9766\/revisions\/9771"}],"wp:featuredmedia":[{"embeddable":true,"href":"https:\/\/cetm-madrid.es\/web\/wp-json\/wp\/v2\/media\/9770"}],"wp:attachment":[{"href":"https:\/\/cetm-madrid.es\/web\/wp-json\/wp\/v2\/media?parent=9766"}],"wp:term":[{"taxonomy":"category","embeddable":true,"href":"https:\/\/cetm-madrid.es\/web\/wp-json\/wp\/v2\/categories?post=9766"},{"taxonomy":"post_tag","embeddable":true,"href":"https:\/\/cetm-madrid.es\/web\/wp-json\/wp\/v2\/tags?post=9766"}],"curies":[{"name":"wp","href":"https:\/\/api.w.org\/{rel}","templated":true}]}}