{"id":9715,"date":"2021-12-16T19:10:43","date_gmt":"2021-12-16T19:10:43","guid":{"rendered":"https:\/\/cetm-madrid.es\/web\/?p=9715"},"modified":"2021-12-17T19:27:25","modified_gmt":"2021-12-17T19:27:25","slug":"el-paro-de-las-empresas-de-transporte-de-mercancias-se-mantiene","status":"publish","type":"post","link":"https:\/\/cetm-madrid.es\/web\/el-paro-de-las-empresas-de-transporte-de-mercancias-se-mantiene\/","title":{"rendered":"El paro de las empresas de transporte de mercanc\u00edas se mantiene"},"content":{"rendered":"<p>[et_pb_section fb_built=&#8221;1&#8243; admin_label=&#8221;section&#8221; _builder_version=&#8221;3.22&#8243;][et_pb_row column_structure=&#8221;2_3,1_3&#8243; admin_label=&#8221;row&#8221; _builder_version=&#8221;3.25&#8243; background_size=&#8221;initial&#8221; background_position=&#8221;top_left&#8221; background_repeat=&#8221;repeat&#8221;][et_pb_column type=&#8221;2_3&#8243; _builder_version=&#8221;3.25&#8243; custom_padding=&#8221;|||&#8221; custom_padding__hover=&#8221;|||&#8221;][et_pb_text admin_label=&#8221;Texto&#8221; _builder_version=&#8221;4.7.7&#8243; background_size=&#8221;initial&#8221; background_position=&#8221;top_left&#8221; background_repeat=&#8221;repeat&#8221; text_orientation=&#8221;justified&#8221; use_border_color=&#8221;off&#8221; border_color=&#8221;#ffffff&#8221; border_style=&#8221;solid&#8221;]<\/p>\n<p>Este jueves la Confederaci\u00f3n Espa\u00f1ola de Transporte de Mercanc\u00edas (CETM) ha celebrado una Asamblea General Extraordinaria para la aprobaci\u00f3n de cuentas y, aprovechando la coyuntura actual, se ha analizado la convocatoria de paro prevista para los d\u00edas 20, 21 y 22 de diciembre, llegando a las siguientes conclusiones:<\/p>\n<p>En primer lugar, que<strong> la situaci\u00f3n que llev\u00f3 al Comit\u00e9 Nacional de Transporte por Carretera (CNTC) a convocar esta movilizaci\u00f3n contin\u00faa siendo la misma.<\/strong> Las empresas del sector tienen que hacer frente a una fuerte subida de los costes (especialmente el carburante) que luego no pueden repercutir en sus clientes ante la falta de\u00a0 herramientas jur\u00eddicas para ello (cl\u00e1usula del gas\u00f3leo obligatoria) y la clara posici\u00f3n de dominio de dichos clientes que, en algunos casos, incluso amenazan con rebajar los precios. Adem\u00e1s, nuestros profesionales siguen soportando tiempos de espera desorbitados y tienen que realizar las labores de carga y descarga. Del mismo modo, otras cuestiones, como la posible imposici\u00f3n de peajes, la desaparici\u00f3n del gas\u00f3leo profesional o la falta de la devoluci\u00f3n de los 200 millones del c\u00e9ntimo sanitario ponen en peligro la viabilidad de nuestras empresas y, en consecuencia, la recuperaci\u00f3n de la econom\u00eda espa\u00f1ola.<\/p>\n<p>En segundo lugar, la CETM a trav\u00e9s del CNTC <strong>mantiene el talante negociador,<\/strong> aunque por el momento no hay prevista una pr\u00f3xima reuni\u00f3n y se est\u00e1 a la espera de recibir una propuesta por escrito del Gobierno que concrete y detalle su contenido para poder lograr alg\u00fan avance.<\/p>\n<p>Por \u00faltimo, durante la Asamblea se ha acordado <strong>por unanimidad que el cese de actividad se mantiene.<\/strong> Lejos de las \u00faltimas declaraciones realizadas por la secretaria de Estado, Isabel Pardo de Vera, o de la ministra de Transportes, Raquel S\u00e1nchez, que auguran que no habr\u00e1 paro, la realidad es muy distinta.<\/p>\n<p>[\/et_pb_text][\/et_pb_column][et_pb_column type=&#8221;1_3&#8243; _builder_version=&#8221;3.25&#8243; custom_padding=&#8221;|||&#8221; custom_padding__hover=&#8221;|||&#8221;][et_pb_image src=&#8221;https:\/\/cetm-madrid.es\/web\/wp-content\/uploads\/2020\/11\/Copia-de-Sin-t\u00edtulo.png&#8221; title_text=&#8221;Copia de Sin t\u00edtulo&#8221; align_tablet=&#8221;center&#8221; align_phone=&#8221;&#8221; align_last_edited=&#8221;on|desktop&#8221; admin_label=&#8221;Imagen&#8221; _builder_version=&#8221;4.7.7&#8243; animation_style=&#8221;slide&#8221; animation_direction=&#8221;left&#8221; animation_duration=&#8221;500ms&#8221; animation_intensity_slide=&#8221;10%&#8221; use_border_color=&#8221;off&#8221; border_color=&#8221;#ffffff&#8221; border_style=&#8221;solid&#8221; animation=&#8221;left&#8221; sticky=&#8221;off&#8221; always_center_on_mobile=&#8221;on&#8221;][\/et_pb_image][\/et_pb_column][\/et_pb_row][\/et_pb_section]<\/p>\n","protected":false},"excerpt":{"rendered":"<p>Este jueves la Confederaci\u00f3n Espa\u00f1ola de Transporte de Mercanc\u00edas (CETM) ha celebrado una Asamblea General Extraordinaria para la aprobaci\u00f3n de cuentas y, aprovechando la coyuntura actual, se ha analizado la convocatoria de paro prevista para los d\u00edas 20, 21 y 22 de diciembre, llegando a las siguientes conclusiones: En primer lugar, que la situaci\u00f3n que [&hellip;]<\/p>\n","protected":false},"author":1,"featured_media":6762,"comment_status":"closed","ping_status":"open","sticky":false,"template":"","format":"standard","meta":{"_et_pb_use_builder":"on","_et_pb_old_content":"","_et_gb_content_width":"","footnotes":""},"categories":[5,4],"tags":[],"class_list":["post-9715","post","type-post","status-publish","format-standard","has-post-thumbnail","hentry","category-general","category-organizacion"],"_links":{"self":[{"href":"https:\/\/cetm-madrid.es\/web\/wp-json\/wp\/v2\/posts\/9715","targetHints":{"allow":["GET"]}}],"collection":[{"href":"https:\/\/cetm-madrid.es\/web\/wp-json\/wp\/v2\/posts"}],"about":[{"href":"https:\/\/cetm-madrid.es\/web\/wp-json\/wp\/v2\/types\/post"}],"author":[{"embeddable":true,"href":"https:\/\/cetm-madrid.es\/web\/wp-json\/wp\/v2\/users\/1"}],"replies":[{"embeddable":true,"href":"https:\/\/cetm-madrid.es\/web\/wp-json\/wp\/v2\/comments?post=9715"}],"version-history":[{"count":3,"href":"https:\/\/cetm-madrid.es\/web\/wp-json\/wp\/v2\/posts\/9715\/revisions"}],"predecessor-version":[{"id":9720,"href":"https:\/\/cetm-madrid.es\/web\/wp-json\/wp\/v2\/posts\/9715\/revisions\/9720"}],"wp:featuredmedia":[{"embeddable":true,"href":"https:\/\/cetm-madrid.es\/web\/wp-json\/wp\/v2\/media\/6762"}],"wp:attachment":[{"href":"https:\/\/cetm-madrid.es\/web\/wp-json\/wp\/v2\/media?parent=9715"}],"wp:term":[{"taxonomy":"category","embeddable":true,"href":"https:\/\/cetm-madrid.es\/web\/wp-json\/wp\/v2\/categories?post=9715"},{"taxonomy":"post_tag","embeddable":true,"href":"https:\/\/cetm-madrid.es\/web\/wp-json\/wp\/v2\/tags?post=9715"}],"curies":[{"name":"wp","href":"https:\/\/api.w.org\/{rel}","templated":true}]}}