{"id":9697,"date":"2021-12-15T19:17:32","date_gmt":"2021-12-15T19:17:32","guid":{"rendered":"https:\/\/cetm-madrid.es\/web\/?p=9697"},"modified":"2021-12-15T19:17:36","modified_gmt":"2021-12-15T19:17:36","slug":"la-oms-y-la-oit-forman-un-grupo-de-accion-para-garantizar-los-protocolos-covid-19-en-el-transporte","status":"publish","type":"post","link":"https:\/\/cetm-madrid.es\/web\/la-oms-y-la-oit-forman-un-grupo-de-accion-para-garantizar-los-protocolos-covid-19-en-el-transporte\/","title":{"rendered":"La OMS y la OIT forman un grupo de acci\u00f3n para garantizar los protocolos COVID-19 en el transporte"},"content":{"rendered":"<p>[et_pb_section fb_built=&#8221;1&#8243; admin_label=&#8221;section&#8221; _builder_version=&#8221;3.22&#8243;][et_pb_row admin_label=&#8221;row&#8221; _builder_version=&#8221;3.25&#8243; background_size=&#8221;initial&#8221; background_position=&#8221;top_left&#8221; background_repeat=&#8221;repeat&#8221; column_structure=&#8221;2_3,1_3&#8243;][et_pb_column type=&#8221;2_3&#8243; _builder_version=&#8221;3.25&#8243; custom_padding=&#8221;|||&#8221; custom_padding__hover=&#8221;|||&#8221;][et_pb_text admin_label=&#8221;Texto&#8221; _builder_version=&#8221;4.7.7&#8243; background_size=&#8221;initial&#8221; background_position=&#8221;top_left&#8221; background_repeat=&#8221;repeat&#8221; text_orientation=&#8221;justified&#8221; hover_enabled=&#8221;0&#8243; use_border_color=&#8221;off&#8221; border_color=&#8221;#ffffff&#8221; border_style=&#8221;solid&#8221; sticky_enabled=&#8221;0&#8243;]<\/p>\n<p>La Organizaci\u00f3n Mundial de la Salud (OMS) y la Organizaci\u00f3n Internacional del Trabajo (OIT) han acordado formar un Grupo de Acci\u00f3n \u201ccon urgencia\u201d <strong>para garantizar la libertad de movimiento de los profesionales del transporte.<\/strong><\/p>\n<p>Este compromiso se ha producido tras el encuentro de la Organizaci\u00f3n Mundial del Transporte (IRU), de la que forma parte la CETM, junto a la Asociaci\u00f3n de Transporte A\u00e9reo Internacional (IATA), la C\u00e1mara Naviera Internacional (ICS) y la Federaci\u00f3n Internacional de Trabajadores del Transporte (ITF), con el director general de la OMS, Tedros Ghebreyesus, y el director de la OIT, Guy Rider, la semana pasada.<\/p>\n<p>Las nuevas restricciones de viaje tras la aparici\u00f3n de la variante \u00d3micron, <strong>han puesto en jaque a la cadena de suministro<\/strong> y esto llev\u00f3 a dichos organismos internacionales <a href=\"https:\/\/www.cetm.es\/las-organizaciones-internacionales-del-transporte-piden-a-los-gobiernos-que-no-impongan-restricciones-apresuradas-ante-omicron\/\" target=\"_blank\" rel=\"noopener noreferrer\">a hacer un llamamiento a los Gobiernos<\/a> para que coordinasen medidas y evitaran limitar el movimiento de los trabajadores del sector.<\/p>\n<p>Seg\u00fan el director general de la OMS, el Grupo de Acci\u00f3n comenzar\u00e1 a trabajar esta semana y llevar\u00e1n a cabo en un futuro reuniones con la IRU, IATA, ICS e ITF. Entre las cuestiones que planean tratar, se encuentra<strong> la creaci\u00f3n de la denominada Tarjeta Amarilla<\/strong>, un pasaporte m\u00e9dico que emitir\u00eda la OMS y que ser\u00eda utilizado por los profesionales del transporte como prueba de vacunaci\u00f3n.<\/p>\n<p>Tal y como ha indicado la IRU en un comunicado, el Grupo de Acci\u00f3n trabajar\u00e1 para garantizar la implementaci\u00f3n de los protocolos de viaje existentes desarrollados por <br \/>la industria con la intenci\u00f3n de <strong>proteger los derechos de los conductores profesionales<\/strong> y se espera que el Comit\u00e9 Ejecutivo del secretario general de la ONU se re\u00fana en enero de 2022 para discutir los problemas que han planteado dichas organizaciones.<\/p>\n<p>Las restricciones que han tomado algunos Gobiernos de manera apresurada ante la nueva variante de Covid-19 est\u00e1n afectando al funcionamiento de la cadena de suministro global y, por ende, a la recuperaci\u00f3n de la econom\u00eda. Al menos<strong> 56 pa\u00edses han impuesto diferentes restricciones de viaje<\/strong> y suponen un obst\u00e1culo para el libre movimiento de los profesionales del transporte de mercanc\u00edas.<\/p>\n<p>[\/et_pb_text][\/et_pb_column][et_pb_column type=&#8221;1_3&#8243; _builder_version=&#8221;3.25&#8243; custom_padding=&#8221;|||&#8221; custom_padding__hover=&#8221;|||&#8221;][et_pb_image src=&#8221;https:\/\/cetm-madrid.es\/web\/wp-content\/uploads\/2021\/12\/Dise\u00f1o-sin-t\u00edtulo-6.png&#8221; align_tablet=&#8221;center&#8221; align_last_edited=&#8221;on|desktop&#8221; admin_label=&#8221;Imagen&#8221; _builder_version=&#8221;4.7.7&#8243; animation_style=&#8221;slide&#8221; animation_direction=&#8221;left&#8221; animation_duration=&#8221;500ms&#8221; animation_intensity_slide=&#8221;10%&#8221; hover_enabled=&#8221;0&#8243; use_border_color=&#8221;off&#8221; border_color=&#8221;#ffffff&#8221; border_style=&#8221;solid&#8221; animation=&#8221;left&#8221; sticky=&#8221;off&#8221; always_center_on_mobile=&#8221;on&#8221; title_text=&#8221;Dise\u00f1o sin t\u00edtulo (6)&#8221; sticky_enabled=&#8221;0&#8243;][\/et_pb_image][\/et_pb_column][\/et_pb_row][\/et_pb_section]<\/p>\n","protected":false},"excerpt":{"rendered":"<p>La Organizaci\u00f3n Mundial de la Salud (OMS) y la Organizaci\u00f3n Internacional del Trabajo (OIT) han acordado formar un Grupo de Acci\u00f3n \u201ccon urgencia\u201d para garantizar la libertad de movimiento de los profesionales del transporte. Este compromiso se ha producido tras el encuentro de la Organizaci\u00f3n Mundial del Transporte (IRU), de la que forma parte la [&hellip;]<\/p>\n","protected":false},"author":1,"featured_media":9701,"comment_status":"closed","ping_status":"open","sticky":false,"template":"","format":"standard","meta":{"_et_pb_use_builder":"on","_et_pb_old_content":"","_et_gb_content_width":"","footnotes":""},"categories":[5,4],"tags":[],"class_list":["post-9697","post","type-post","status-publish","format-standard","has-post-thumbnail","hentry","category-general","category-organizacion"],"_links":{"self":[{"href":"https:\/\/cetm-madrid.es\/web\/wp-json\/wp\/v2\/posts\/9697","targetHints":{"allow":["GET"]}}],"collection":[{"href":"https:\/\/cetm-madrid.es\/web\/wp-json\/wp\/v2\/posts"}],"about":[{"href":"https:\/\/cetm-madrid.es\/web\/wp-json\/wp\/v2\/types\/post"}],"author":[{"embeddable":true,"href":"https:\/\/cetm-madrid.es\/web\/wp-json\/wp\/v2\/users\/1"}],"replies":[{"embeddable":true,"href":"https:\/\/cetm-madrid.es\/web\/wp-json\/wp\/v2\/comments?post=9697"}],"version-history":[{"count":2,"href":"https:\/\/cetm-madrid.es\/web\/wp-json\/wp\/v2\/posts\/9697\/revisions"}],"predecessor-version":[{"id":9702,"href":"https:\/\/cetm-madrid.es\/web\/wp-json\/wp\/v2\/posts\/9697\/revisions\/9702"}],"wp:featuredmedia":[{"embeddable":true,"href":"https:\/\/cetm-madrid.es\/web\/wp-json\/wp\/v2\/media\/9701"}],"wp:attachment":[{"href":"https:\/\/cetm-madrid.es\/web\/wp-json\/wp\/v2\/media?parent=9697"}],"wp:term":[{"taxonomy":"category","embeddable":true,"href":"https:\/\/cetm-madrid.es\/web\/wp-json\/wp\/v2\/categories?post=9697"},{"taxonomy":"post_tag","embeddable":true,"href":"https:\/\/cetm-madrid.es\/web\/wp-json\/wp\/v2\/tags?post=9697"}],"curies":[{"name":"wp","href":"https:\/\/api.w.org\/{rel}","templated":true}]}}