{"id":9629,"date":"2021-12-07T18:05:47","date_gmt":"2021-12-07T18:05:47","guid":{"rendered":"https:\/\/cetm-madrid.es\/web\/?p=9629"},"modified":"2021-12-07T18:27:11","modified_gmt":"2021-12-07T18:27:11","slug":"la-dgt-alerta-del-riesgo-por-nevadas-en-la-mitad-norte-peninsular","status":"publish","type":"post","link":"https:\/\/cetm-madrid.es\/web\/la-dgt-alerta-del-riesgo-por-nevadas-en-la-mitad-norte-peninsular\/","title":{"rendered":"La DGT alerta del riesgo por nevadas en la mitad norte Peninsular"},"content":{"rendered":"<p>[et_pb_section fb_built=&#8221;1&#8243; admin_label=&#8221;section&#8221; _builder_version=&#8221;3.22&#8243;][et_pb_row column_structure=&#8221;2_3,1_3&#8243; admin_label=&#8221;row&#8221; _builder_version=&#8221;3.25&#8243; background_size=&#8221;initial&#8221; background_position=&#8221;top_left&#8221; background_repeat=&#8221;repeat&#8221;][et_pb_column type=&#8221;2_3&#8243; _builder_version=&#8221;3.25&#8243; custom_padding=&#8221;|||&#8221; custom_padding__hover=&#8221;|||&#8221;][et_pb_image src=&#8221;https:\/\/cetm-madrid.es\/web\/wp-content\/uploads\/2021\/12\/Captura-1.png&#8221; title_text=&#8221;Captura&#8221; _builder_version=&#8221;4.7.7&#8243; _module_preset=&#8221;default&#8221;][\/et_pb_image][et_pb_text admin_label=&#8221;Texto&#8221; _builder_version=&#8221;4.7.7&#8243; background_size=&#8221;initial&#8221; background_position=&#8221;top_left&#8221; background_repeat=&#8221;repeat&#8221; text_orientation=&#8221;justified&#8221; use_border_color=&#8221;off&#8221; border_color=&#8221;#ffffff&#8221; border_style=&#8221;solid&#8221;]<\/p>\n<p>La Direcci\u00f3n General de Tr\u00e1fico (DGT) ha lanzado un aviso ante la llegada de un nuevo frente de aire fr\u00edo a partir de este martes que provocar\u00e1 nevadas que <strong>podr\u00edan<\/strong><br \/><strong>dificultar la circulaci\u00f3n por las carreteras en la mitad norte peninsular<\/strong> durante el mi\u00e9rcoles y el jueves de esta semana y que, adem\u00e1s, podr\u00eda afectar no solo a las carreteras secundarias, sino <strong>tambi\u00e9n a v\u00edas de alta capacidad.<\/strong><\/p>\n<p>Tal y como ha avanzado Tr\u00e1fico, la entrada de este frente de aire fr\u00edo traer\u00e1 consigo una bajada de la cota de nieve a 400\/800 m en el extremo norte, 600\/900 en el<br \/>centro y 1000\/1400 m en el sudeste, por lo que se esperan nevadas en <strong>las zonas monta\u00f1osas de Cordillera Cant\u00e1brica, Pirineos, Sistema Ib\u00e9rico y Sistema Central<\/strong> y tambi\u00e9n en \u00e1reas llanas de suficiente altitud.<\/p>\n<p>Estas nevadas se prev\u00e9n copiosas <strong>en el interior noroeste y no se descartan puntualmente en litorales del Cant\u00e1brico.<\/strong> Desde las primeras horas del d\u00eda 8 de diciembre se encuentran activos avisos por nevadas en las zonas referidas y se prolongar\u00e1n durante todo el d\u00eda, motivo por el que la DGT ha pedido a los ciudadanos que adelanten el regreso a sus lugares de origen.<\/p>\n<p>Tambi\u00e9n <strong>se esperan chubascos en gran parte de la Pen\u00ednsula<\/strong>, generalizados, abundantes y con alguna tormenta ocasional en Galicia, Cant\u00e1brico y Pirineos occidentales, con cierta persistencia en el entorno de Galicia. De forma m\u00e1s d\u00e9bil, dispersa y ocasional, se extender\u00e1n hacia el sur y el este, m\u00e1s intensos en monta\u00f1a y el Estrecho, y sin descartar que, con baja probabilidad, alcancen el interior del \u00e1rea mediterr\u00e1nea peninsular. En Baleares son probables, con posibilidad de tormentas ocasionales.<\/p>\n<p>Ante estos avisos, si la circulaci\u00f3n se complica, la DGT en coordinaci\u00f3n con otros organismos implicados tiene previstas las siguientes actuaciones:<\/p>\n<p>\u2022 Restricciones a la circulaci\u00f3n de veh\u00edculos pesados.<br \/>\u2022 Restricciones a la circulaci\u00f3n a otros veh\u00edculos que no cuenten con neum\u00e1ticos de invierno o cadenas, cuando \u00e9stos sean obligatorios para circular.<br \/>\u2022 Limitar la velocidad de circulaci\u00f3n y prohibir adelantamientos.<br \/>\u2022 Cortes totales preventivos.<br \/>\u2022 Seguimiento obligatorio de desv\u00edos alternativos.<\/p>\n<p>Est\u00e1n preparados para su funcionamiento los <strong>21 desv\u00edos automatizados y vigilados para el embolsamiento de camiones, para activarlos si fuera necesario.<\/strong><\/p>\n<p>Desde la CETM, recomendamos que las empresas de transporte tengan en cuenta esta informaci\u00f3n a la hora de planificar sus viajes. A continuaci\u00f3n, dejamos algunos <br \/>enlaces para consultar de manera actualizada la previsi\u00f3n meteorol\u00f3gica y el estado de las v\u00edas:<\/p>\n<p>\u2022 Carreteras afectadas por hielo y nieve (Este pdf se actualiza cada hora): <a href=\"https:\/\/www.dgt.es\/estaticos\/movilidad\/CarreterasAfectadasVI.pdf\" target=\"_blank\" rel=\"noopener noreferrer\">https:\/\/www.dgt.es\/estaticos\/movilidad\/CarreterasAfectadasVI.pdf<\/a><\/p>\n<p>\u2022 Estado del tr\u00e1fico en tiempo real: <a href=\"https:\/\/infocar.dgt.es\/etraffic\/\" target=\"_blank\" rel=\"noopener noreferrer\">https:\/\/infocar.dgt.es\/etraffic\/<\/a><\/p>\n<p>\u2022 Avisos de AEMET: <a href=\"http:\/\/www.aemet.es\/es\/eltiempo\/prediccion\/avisos\" target=\"_blank\" rel=\"noopener noreferrer\">http:\/\/www.aemet.es\/es\/eltiempo\/prediccion\/avisos<\/a><\/p>\n<p>[\/et_pb_text][\/et_pb_column][et_pb_column type=&#8221;1_3&#8243; _builder_version=&#8221;3.25&#8243; custom_padding=&#8221;|||&#8221; custom_padding__hover=&#8221;|||&#8221;][et_pb_button button_url=&#8221;https:\/\/cetm-madrid.es\/web\/wp-content\/uploads\/2021\/12\/NP-DGT-Adelantar-regreso-del-puente.pdf&#8221; url_new_window=&#8221;on&#8221; button_text=&#8221;NP DGT Adelantar regreso del puente&#8221; _builder_version=&#8221;4.7.7&#8243; _module_preset=&#8221;default&#8221;][\/et_pb_button][\/et_pb_column][\/et_pb_row][\/et_pb_section]<\/p>\n","protected":false},"excerpt":{"rendered":"<p>La Direcci\u00f3n General de Tr\u00e1fico (DGT) ha lanzado un aviso ante la llegada de un nuevo frente de aire fr\u00edo a partir de este martes que provocar\u00e1 nevadas que podr\u00edandificultar la circulaci\u00f3n por las carreteras en la mitad norte peninsular durante el mi\u00e9rcoles y el jueves de esta semana y que, adem\u00e1s, podr\u00eda afectar no [&hellip;]<\/p>\n","protected":false},"author":1,"featured_media":7189,"comment_status":"closed","ping_status":"open","sticky":false,"template":"","format":"standard","meta":{"_et_pb_use_builder":"on","_et_pb_old_content":"","_et_gb_content_width":"","footnotes":""},"categories":[5,4],"tags":[],"class_list":["post-9629","post","type-post","status-publish","format-standard","has-post-thumbnail","hentry","category-general","category-organizacion"],"_links":{"self":[{"href":"https:\/\/cetm-madrid.es\/web\/wp-json\/wp\/v2\/posts\/9629","targetHints":{"allow":["GET"]}}],"collection":[{"href":"https:\/\/cetm-madrid.es\/web\/wp-json\/wp\/v2\/posts"}],"about":[{"href":"https:\/\/cetm-madrid.es\/web\/wp-json\/wp\/v2\/types\/post"}],"author":[{"embeddable":true,"href":"https:\/\/cetm-madrid.es\/web\/wp-json\/wp\/v2\/users\/1"}],"replies":[{"embeddable":true,"href":"https:\/\/cetm-madrid.es\/web\/wp-json\/wp\/v2\/comments?post=9629"}],"version-history":[{"count":3,"href":"https:\/\/cetm-madrid.es\/web\/wp-json\/wp\/v2\/posts\/9629\/revisions"}],"predecessor-version":[{"id":9639,"href":"https:\/\/cetm-madrid.es\/web\/wp-json\/wp\/v2\/posts\/9629\/revisions\/9639"}],"wp:featuredmedia":[{"embeddable":true,"href":"https:\/\/cetm-madrid.es\/web\/wp-json\/wp\/v2\/media\/7189"}],"wp:attachment":[{"href":"https:\/\/cetm-madrid.es\/web\/wp-json\/wp\/v2\/media?parent=9629"}],"wp:term":[{"taxonomy":"category","embeddable":true,"href":"https:\/\/cetm-madrid.es\/web\/wp-json\/wp\/v2\/categories?post=9629"},{"taxonomy":"post_tag","embeddable":true,"href":"https:\/\/cetm-madrid.es\/web\/wp-json\/wp\/v2\/tags?post=9629"}],"curies":[{"name":"wp","href":"https:\/\/api.w.org\/{rel}","templated":true}]}}