{"id":9613,"date":"2021-12-03T17:03:52","date_gmt":"2021-12-03T17:03:52","guid":{"rendered":"https:\/\/cetm-madrid.es\/web\/?p=9613"},"modified":"2021-12-03T17:06:58","modified_gmt":"2021-12-03T17:06:58","slug":"la-cetm-pide-que-se-valore-al-transporte-y-reclama-al-gobierno-soluciones-reales-para-evitar-la-desaparicion-de-las-empresas-del-sector","status":"publish","type":"post","link":"https:\/\/cetm-madrid.es\/web\/la-cetm-pide-que-se-valore-al-transporte-y-reclama-al-gobierno-soluciones-reales-para-evitar-la-desaparicion-de-las-empresas-del-sector\/","title":{"rendered":"La CETM pide que se valore al transporte y reclama al Gobierno soluciones reales para evitar la desaparici\u00f3n de las empresas del sector"},"content":{"rendered":"<p>[et_pb_section fb_built=&#8221;1&#8243; admin_label=&#8221;section&#8221; _builder_version=&#8221;3.22&#8243;][et_pb_row column_structure=&#8221;2_3,1_3&#8243; admin_label=&#8221;row&#8221; _builder_version=&#8221;3.25&#8243; background_size=&#8221;initial&#8221; background_position=&#8221;top_left&#8221; background_repeat=&#8221;repeat&#8221;][et_pb_column type=&#8221;2_3&#8243; _builder_version=&#8221;3.25&#8243; custom_padding=&#8221;|||&#8221; custom_padding__hover=&#8221;|||&#8221;][et_pb_image src=&#8221;https:\/\/cetm-madrid.es\/web\/wp-content\/uploads\/2021\/12\/YoValoroElTransporte_Twitter.png&#8221; title_text=&#8221;YoValoroElTransporte_Twitter&#8221; _builder_version=&#8221;4.7.7&#8243; _module_preset=&#8221;default&#8221;][\/et_pb_image][et_pb_text admin_label=&#8221;Texto&#8221; _builder_version=&#8221;4.7.7&#8243; background_size=&#8221;initial&#8221; background_position=&#8221;top_left&#8221; background_repeat=&#8221;repeat&#8221; text_orientation=&#8221;justified&#8221; use_border_color=&#8221;off&#8221; border_color=&#8221;#ffffff&#8221; border_style=&#8221;solid&#8221;]<\/p>\n<p>La Confederaci\u00f3n Espa\u00f1ola de Transporte de Mercanc\u00edas (CETM) siempre ha trabajado para apoyar al transporte de mercanc\u00edas por carretera y poner en valor a un sector que<strong> es esencial para el funcionamiento de la econom\u00eda<\/strong> y el abastecimiento de la poblaci\u00f3n, as\u00ed como para lograr que, tanto la sociedad como los cargadores y el Ejecutivo, <strong>tomen conciencia del papel que juegan las empresas y los profesionales del transporte<\/strong> en nuestro d\u00eda a d\u00eda.<\/p>\n<p>Es cierto que durante la pandemia han sido muchos los que se han dado cuenta de la importancia de la labor que realizan, puesto que su actividad permiti\u00f3 que el\u00a0 suministro de productos de alimentaci\u00f3n, material sanitario o medicamentos estuviera garantizado, <strong>a pesar de las duras condiciones<\/strong> en las que tuvieron que hacerlo.<\/p>\n<p>Si bien, en muchas ocasiones el transporte <strong>a\u00fan sigue siendo el gran olvidado<\/strong>, a pesar de que el <strong>85%<\/strong> de las mercanc\u00edas se mueven por carretera y en cami\u00f3n y de que el sector supone un <strong>4,8% del PIB<\/strong>, generando m\u00e1s de <strong>600.000 empleos<\/strong> directos. <\/p>\n<p>El paro que ha convocado el Comit\u00e9 Nacional de Transporte por Carretera (CNTC) del 20 al 22 de diciembre, del que la CETM forma parte,<strong> es la \u00fanica alternativa que <\/strong><br \/><strong>el Gobierno le ha dejado<\/strong> tras innumerables intentos para alcanzar un acuerdo que d\u00e9 respuesta a sus reivindicaciones.<\/p>\n<p>Las asociaciones de transporte reunieron en un listado <strong>las reclamaciones m\u00e1s urgentes<\/strong> para lograr la supervivencia de las empresas del sector y, por ende, la recuperaci\u00f3n de la econom\u00eda espa\u00f1ola, pero se trata de una serie de demandas que <strong>han solicitado a lo largo de su historia sin encontrar una respuesta eficaz<\/strong> por parte tanto del Gobierno como de sus clientes, entre las que destacan las siguientes:<\/p>\n<p>\u2713 <strong>Prohibici\u00f3n<\/strong> de la participaci\u00f3n del conductor en las operaciones de<strong> carga y descarga<\/strong>.<\/p>\n<p>\u2713 Aplicaci\u00f3n <strong>obligatoria<\/strong> de la <strong>cl\u00e1usula de revisi\u00f3n<\/strong> del precio del gas\u00f3leo.<\/p>\n<p>\u2713 <strong>Mantenimiento<\/strong> del gas\u00f3leo profesional y <strong>reducci\u00f3n<\/strong>, de tres meses a un mes, de su plazo de devoluci\u00f3n.<\/p>\n<p>\u2713<strong> Reducci\u00f3n<\/strong> de los tiempos de espera y <strong>compensaci\u00f3n<\/strong> obligatoria.<\/p>\n<p>\u2713 <strong>No aplicaci\u00f3n<\/strong> de la Eurovi\u00f1eta.<\/p>\n<p>\u2713 <strong>Reducci\u00f3n<\/strong> de las cotizaciones a la Seguridad Social de los conductores en concepto de accidentes adapt\u00e1ndola al \u00edndice de siniestralidad.<\/p>\n<p>\u2713<strong> Devoluci\u00f3n<\/strong> de los importes atrasados del c\u00e9ntimo sanitario <strong>(200 millones de euros).<\/strong><\/p>\n<p>\u2713 <strong>No utilizar la ampliaci\u00f3n de los pesos y dimensiones m\u00e1ximos como moneda de cambio.<\/strong><\/p>\n<p>Gracias al trabajo y esfuerzo de las empresas de transporte y sus profesionales el funcionamiento de las cadenas de suministros y la actividad del resto de sectores est\u00e1 asegurado, as\u00ed como el bienestar de la ciudadan\u00eda.<strong> Es hora de que se valore al sector como realmente merece<\/strong> y de que el Gobierno busque <strong>soluciones reales<\/strong> que eviten su destrucci\u00f3n. El sector del transporte mantendr\u00e1 la convocatoria de paro patronal hasta que que esto ocurra.<\/p>\n<p>Desde la CETM queremos que todo el mundo tome conciencia de lo que puede suponer el cese de nuestra actividad: <strong>si el transporte para, lo hace todo lo dem\u00e1s.<\/strong> Por eso, hemos creado esta imagen bajo el hashtag<strong> #YoValoroElTransporte<\/strong> como gesto de apoyo a un sector que es <strong>imprescindible<\/strong>.<\/p>\n<p>Animamos a las asociaciones provinciales a que deis a conocer esta informaci\u00f3n y <strong>compart\u00e1is la imagen en vuestras webs y redes sociales<\/strong> y para ello os la enviamos en diferentes tama\u00f1os. Pod\u00e9is incluir vuestro logo junto al de CETM.<\/p>\n<p>[\/et_pb_text][\/et_pb_column][et_pb_column type=&#8221;1_3&#8243; _builder_version=&#8221;3.25&#8243; custom_padding=&#8221;|||&#8221; custom_padding__hover=&#8221;|||&#8221;][et_pb_button button_url=&#8221;https:\/\/cetm-madrid.es\/web\/wp-content\/uploads\/2021\/12\/infografia_reivindicaciones_transporte.png&#8221; url_new_window=&#8221;on&#8221; button_text=&#8221;INFOGRAF\u00cdA&#8221; _builder_version=&#8221;4.7.7&#8243; _module_preset=&#8221;default&#8221;][\/et_pb_button][\/et_pb_column][\/et_pb_row][\/et_pb_section]<\/p>\n","protected":false},"excerpt":{"rendered":"<p>La Confederaci\u00f3n Espa\u00f1ola de Transporte de Mercanc\u00edas (CETM) siempre ha trabajado para apoyar al transporte de mercanc\u00edas por carretera y poner en valor a un sector que es esencial para el funcionamiento de la econom\u00eda y el abastecimiento de la poblaci\u00f3n, as\u00ed como para lograr que, tanto la sociedad como los cargadores y el Ejecutivo, [&hellip;]<\/p>\n","protected":false},"author":1,"featured_media":9626,"comment_status":"closed","ping_status":"open","sticky":false,"template":"","format":"standard","meta":{"_et_pb_use_builder":"on","_et_pb_old_content":"","_et_gb_content_width":"","footnotes":""},"categories":[5,4],"tags":[],"class_list":["post-9613","post","type-post","status-publish","format-standard","has-post-thumbnail","hentry","category-general","category-organizacion"],"_links":{"self":[{"href":"https:\/\/cetm-madrid.es\/web\/wp-json\/wp\/v2\/posts\/9613","targetHints":{"allow":["GET"]}}],"collection":[{"href":"https:\/\/cetm-madrid.es\/web\/wp-json\/wp\/v2\/posts"}],"about":[{"href":"https:\/\/cetm-madrid.es\/web\/wp-json\/wp\/v2\/types\/post"}],"author":[{"embeddable":true,"href":"https:\/\/cetm-madrid.es\/web\/wp-json\/wp\/v2\/users\/1"}],"replies":[{"embeddable":true,"href":"https:\/\/cetm-madrid.es\/web\/wp-json\/wp\/v2\/comments?post=9613"}],"version-history":[{"count":4,"href":"https:\/\/cetm-madrid.es\/web\/wp-json\/wp\/v2\/posts\/9613\/revisions"}],"predecessor-version":[{"id":9627,"href":"https:\/\/cetm-madrid.es\/web\/wp-json\/wp\/v2\/posts\/9613\/revisions\/9627"}],"wp:featuredmedia":[{"embeddable":true,"href":"https:\/\/cetm-madrid.es\/web\/wp-json\/wp\/v2\/media\/9626"}],"wp:attachment":[{"href":"https:\/\/cetm-madrid.es\/web\/wp-json\/wp\/v2\/media?parent=9613"}],"wp:term":[{"taxonomy":"category","embeddable":true,"href":"https:\/\/cetm-madrid.es\/web\/wp-json\/wp\/v2\/categories?post=9613"},{"taxonomy":"post_tag","embeddable":true,"href":"https:\/\/cetm-madrid.es\/web\/wp-json\/wp\/v2\/tags?post=9613"}],"curies":[{"name":"wp","href":"https:\/\/api.w.org\/{rel}","templated":true}]}}