{"id":9579,"date":"2021-11-26T21:11:10","date_gmt":"2021-11-26T21:11:10","guid":{"rendered":"https:\/\/cetm-madrid.es\/web\/?p=9579"},"modified":"2021-11-28T21:17:15","modified_gmt":"2021-11-28T21:17:15","slug":"cierre-de-la-a-15-debido-a-la-prevision-de-nevadas","status":"publish","type":"post","link":"https:\/\/cetm-madrid.es\/web\/cierre-de-la-a-15-debido-a-la-prevision-de-nevadas\/","title":{"rendered":"Cierre de la A-15 debido a la previsi\u00f3n de nevadas"},"content":{"rendered":"<p>[et_pb_section fb_built=&#8221;1&#8243; admin_label=&#8221;section&#8221; _builder_version=&#8221;3.22&#8243;][et_pb_row column_structure=&#8221;2_3,1_3&#8243; admin_label=&#8221;row&#8221; _builder_version=&#8221;3.25&#8243; background_size=&#8221;initial&#8221; background_position=&#8221;top_left&#8221; background_repeat=&#8221;repeat&#8221;][et_pb_column type=&#8221;2_3&#8243; _builder_version=&#8221;3.25&#8243; custom_padding=&#8221;|||&#8221; custom_padding__hover=&#8221;|||&#8221;][et_pb_text admin_label=&#8221;Texto&#8221; _builder_version=&#8221;4.7.7&#8243; background_size=&#8221;initial&#8221; background_position=&#8221;top_left&#8221; background_repeat=&#8221;repeat&#8221; text_orientation=&#8221;justified&#8221; use_border_color=&#8221;off&#8221; border_color=&#8221;#ffffff&#8221; border_style=&#8221;solid&#8221;]<\/p>\n<p>Desde nuestra asociaci\u00f3n en Navarra, ANET, nos informan de que ma\u00f1ana s\u00e1bado 27 de noviembre se cerrar\u00e1 al tr\u00e1fico la A-15 ante la previsi\u00f3n de nevadas.<\/p>\n<p>La Agencia Vasca de Meteorolog\u00eda ha anunciado nevadas por debajo de los 700 metros<strong> desde las 12:00 horas de ma\u00f1ana s\u00e1bado hasta las 06:00 horas del domingo<\/strong>, lo que supondr\u00e1 el cierre total de la A-15 en ambos sentidos, desde el enlace de Andoain hasta el enlace de Berastegi, en el tramo guipuzcoano, seg\u00fan ha informa la Diputaci\u00f3n Foral de Gipuzkoa.<\/p>\n<p>Est\u00e1 previsto que el corte de la v\u00eda <strong>no se inicie hasta que comience a nevar<\/strong>, tal y como ha indicado la diputada de Infraestructuras Viarias, Aintzane Oiarbide. \u201cEl personal de la carretera y los agentes encargados de regular el tr\u00e1fico acordar\u00e1n in situ el cierre de la A-15. Y para la apertura de proceder\u00e1 de la misma manera: una vez amaine la nieve, se decidir\u00e1 in situ si se dan las condiciones para abrir la carretera de forma segura. La circulaci\u00f3n se desviar\u00e1 a la carretera de Berastegi a Tolosa\u201d.<\/p>\n<p>Asimismo, durante el tiempo que dure la alerta, <strong>se proh\u00edbe la circulaci\u00f3n de camiones por la carretera GI-2130.<\/strong> Deber\u00e1n utilizar la N-I o la de Sakana para llegar a\u00a0 Gipuzkoa o salir hacia Navarra. Los veh\u00edculos ligeros podr\u00e1n utilizar la v\u00eda de Tolosa a Berastegi y a continuaci\u00f3n incorporarse a la A-15 en direcci\u00f3n Navarra.<\/p>\n<p>Por otra parte, la diputada ha se\u00f1alado que la obra del t\u00fanel de Belabieta condiciona la vialidad invernal. \u201cLa A-15 es una autov\u00eda de monta\u00f1a que, por su altura, es uno <br \/>de los puntos m\u00e1s castigados por la nieve. En la situaci\u00f3n actual, con el tr\u00e1fico regulado por bypass,<strong> las m\u00e1quinas para la nieve no podr\u00edan funcionar adecuadamente<\/strong>, por lo que se ha decidido cerrar la autov\u00eda ante la imposibilidad de garantizar la seguridad de los usuarios de la A-15. El \u00fanico tramo que se mantendr\u00e1 abierto ser\u00e1 el comprendido entre Berastegi y Leitza\u201d.<\/p>\n<p>[\/et_pb_text][\/et_pb_column][et_pb_column type=&#8221;1_3&#8243; _builder_version=&#8221;3.25&#8243; custom_padding=&#8221;|||&#8221; custom_padding__hover=&#8221;|||&#8221;][et_pb_image src=&#8221;https:\/\/cetm-madrid.es\/web\/wp-content\/uploads\/2021\/01\/Dise\u00f1o-sin-t\u00edtulo-17.png&#8221; title_text=&#8221;Dise\u00f1o sin t\u00edtulo (17)&#8221; align_tablet=&#8221;center&#8221; align_phone=&#8221;&#8221; align_last_edited=&#8221;on|desktop&#8221; admin_label=&#8221;Imagen&#8221; _builder_version=&#8221;4.7.7&#8243; animation_style=&#8221;slide&#8221; animation_direction=&#8221;left&#8221; animation_duration=&#8221;500ms&#8221; animation_intensity_slide=&#8221;10%&#8221; use_border_color=&#8221;off&#8221; border_color=&#8221;#ffffff&#8221; border_style=&#8221;solid&#8221; animation=&#8221;left&#8221; sticky=&#8221;off&#8221; always_center_on_mobile=&#8221;on&#8221;][\/et_pb_image][\/et_pb_column][\/et_pb_row][\/et_pb_section]<\/p>\n","protected":false},"excerpt":{"rendered":"<p>Desde nuestra asociaci\u00f3n en Navarra, ANET, nos informan de que ma\u00f1ana s\u00e1bado 27 de noviembre se cerrar\u00e1 al tr\u00e1fico la A-15 ante la previsi\u00f3n de nevadas. La Agencia Vasca de Meteorolog\u00eda ha anunciado nevadas por debajo de los 700 metros desde las 12:00 horas de ma\u00f1ana s\u00e1bado hasta las 06:00 horas del domingo, lo que [&hellip;]<\/p>\n","protected":false},"author":1,"featured_media":7189,"comment_status":"closed","ping_status":"open","sticky":false,"template":"","format":"standard","meta":{"_et_pb_use_builder":"on","_et_pb_old_content":"","_et_gb_content_width":"","footnotes":""},"categories":[5,4],"tags":[],"class_list":["post-9579","post","type-post","status-publish","format-standard","has-post-thumbnail","hentry","category-general","category-organizacion"],"_links":{"self":[{"href":"https:\/\/cetm-madrid.es\/web\/wp-json\/wp\/v2\/posts\/9579","targetHints":{"allow":["GET"]}}],"collection":[{"href":"https:\/\/cetm-madrid.es\/web\/wp-json\/wp\/v2\/posts"}],"about":[{"href":"https:\/\/cetm-madrid.es\/web\/wp-json\/wp\/v2\/types\/post"}],"author":[{"embeddable":true,"href":"https:\/\/cetm-madrid.es\/web\/wp-json\/wp\/v2\/users\/1"}],"replies":[{"embeddable":true,"href":"https:\/\/cetm-madrid.es\/web\/wp-json\/wp\/v2\/comments?post=9579"}],"version-history":[{"count":3,"href":"https:\/\/cetm-madrid.es\/web\/wp-json\/wp\/v2\/posts\/9579\/revisions"}],"predecessor-version":[{"id":9584,"href":"https:\/\/cetm-madrid.es\/web\/wp-json\/wp\/v2\/posts\/9579\/revisions\/9584"}],"wp:featuredmedia":[{"embeddable":true,"href":"https:\/\/cetm-madrid.es\/web\/wp-json\/wp\/v2\/media\/7189"}],"wp:attachment":[{"href":"https:\/\/cetm-madrid.es\/web\/wp-json\/wp\/v2\/media?parent=9579"}],"wp:term":[{"taxonomy":"category","embeddable":true,"href":"https:\/\/cetm-madrid.es\/web\/wp-json\/wp\/v2\/categories?post=9579"},{"taxonomy":"post_tag","embeddable":true,"href":"https:\/\/cetm-madrid.es\/web\/wp-json\/wp\/v2\/tags?post=9579"}],"curies":[{"name":"wp","href":"https:\/\/api.w.org\/{rel}","templated":true}]}}