{"id":9573,"date":"2021-11-26T21:01:54","date_gmt":"2021-11-26T21:01:54","guid":{"rendered":"https:\/\/cetm-madrid.es\/web\/?p=9573"},"modified":"2021-11-28T21:08:01","modified_gmt":"2021-11-28T21:08:01","slug":"prevision-para-el-fin-de-semana-nevadas-en-la-mitad-norte-peninsular","status":"publish","type":"post","link":"https:\/\/cetm-madrid.es\/web\/prevision-para-el-fin-de-semana-nevadas-en-la-mitad-norte-peninsular\/","title":{"rendered":"Previsi\u00f3n para el fin de semana: nevadas en la mitad norte peninsular"},"content":{"rendered":"<p>[et_pb_section fb_built=&#8221;1&#8243; admin_label=&#8221;section&#8221; _builder_version=&#8221;3.22&#8243;][et_pb_row admin_label=&#8221;row&#8221; _builder_version=&#8221;3.25&#8243; background_size=&#8221;initial&#8221; background_position=&#8221;top_left&#8221; background_repeat=&#8221;repeat&#8221; column_structure=&#8221;2_3,1_3&#8243;][et_pb_column type=&#8221;2_3&#8243; _builder_version=&#8221;3.25&#8243; custom_padding=&#8221;|||&#8221; custom_padding__hover=&#8221;|||&#8221;][et_pb_image _builder_version=&#8221;4.7.7&#8243; _module_preset=&#8221;default&#8221; title_text=&#8221;Captura&#8221; src=&#8221;https:\/\/cetm-madrid.es\/web\/wp-content\/uploads\/2021\/11\/Captura.png&#8221; hover_enabled=&#8221;0&#8243; sticky_enabled=&#8221;0&#8243;][\/et_pb_image][et_pb_text admin_label=&#8221;Texto&#8221; _builder_version=&#8221;4.7.7&#8243; background_size=&#8221;initial&#8221; background_position=&#8221;top_left&#8221; background_repeat=&#8221;repeat&#8221; text_orientation=&#8221;justified&#8221; hover_enabled=&#8221;0&#8243; use_border_color=&#8221;off&#8221; border_color=&#8221;#ffffff&#8221; border_style=&#8221;solid&#8221; sticky_enabled=&#8221;0&#8243;]<\/p>\n<p>El temporal que hemos vivido durante esta semana ya ha comenzado a remitir, pero la Agencia Estatal de Meteorolog\u00eda (AEMET) ha recordado en su \u00faltimo aviso que este <br \/>s\u00e1bado 27 de noviembre<strong> se producir\u00e1 la llegada de un frente fr\u00edo<\/strong> asociado a la borrasca Arwen y, en consecuencia, las nevadas se extender\u00e1n a gran parte del tercio norte peninsular.<\/p>\n<p>Las nevadas m\u00e1s copiosas se esperan en el Sistema Central, este de Galicia, norte y noreste de Castilla y Le\u00f3n, centro de Navarra y Pa\u00eds Vasco. Adem\u00e1s, <strong>ser\u00e1n especialmente intensas en la cordillera Cant\u00e1brica y Pirineos<\/strong>, con acumulaciones de nieve que <strong>pueden llegar a los 25 cm en puntos de Asturias<\/strong> a partir de los 700 metros, y a<strong> 20 cm en la cordillera Cant\u00e1brica oriental y Pirineos occidentales<\/strong>, donde el s\u00e1bado por la tarde las cotas bajan a los 600 metros. Por otra parte, tambi\u00e9n se esperan precipitaciones persistentes en toda la cornisa Cant\u00e1brica.<\/p>\n<p>Seg\u00fan indica la AEMET, el domingo se espera que las nevadas contin\u00faen en las mismas zonas, pero <strong>con tendencia a restringirse a zonas de monta\u00f1a<\/strong> del tercio norte peninsular a partir de la noche.<\/p>\n<p>Desde la CETM recomendamos que las empresas de transporte tengan en cuenta esta informaci\u00f3n y consulten <strong>de manera actualizada<\/strong> la predicci\u00f3n del tiempo y el <br \/>estado de las carreteras.<\/p>\n<p>A continuaci\u00f3n, dejamos algunos enlaces que pueden servir de ayuda:<\/p>\n<p>\u2022 Carreteras afectadas por hielo y nieve (Este pdf se actualiza cada hora): <a href=\"https:\/\/www.dgt.es\/estaticos\/movilidad\/CarreterasAfectadasVI.pdf\" target=\"_blank\" rel=\"noopener noreferrer\">https:\/\/www.dgt.es\/estaticos\/movilidad\/CarreterasAfectadasVI.pdf<\/a><\/p>\n<p>\u2022 Estado del tr\u00e1fico en tiempo real: <a href=\"https:\/\/infocar.dgt.es\/etraffic\/\" target=\"_blank\" rel=\"noopener noreferrer\">https:\/\/infocar.dgt.es\/etraffic\/<\/a><\/p>\n<p>\u2022 Avisos de AEMET: <a href=\"http:\/\/www.aemet.es\/es\/eltiempo\/prediccion\/avisos\" target=\"_blank\" rel=\"noopener noreferrer\">http:\/\/www.aemet.es\/es\/eltiempo\/prediccion\/avisos<\/a><\/p>\n<p>[\/et_pb_text][\/et_pb_column][et_pb_column type=&#8221;1_3&#8243; _builder_version=&#8221;3.25&#8243; custom_padding=&#8221;|||&#8221; custom_padding__hover=&#8221;|||&#8221;][\/et_pb_column][\/et_pb_row][\/et_pb_section]<\/p>\n","protected":false},"excerpt":{"rendered":"<p>El temporal que hemos vivido durante esta semana ya ha comenzado a remitir, pero la Agencia Estatal de Meteorolog\u00eda (AEMET) ha recordado en su \u00faltimo aviso que este s\u00e1bado 27 de noviembre se producir\u00e1 la llegada de un frente fr\u00edo asociado a la borrasca Arwen y, en consecuencia, las nevadas se extender\u00e1n a gran parte [&hellip;]<\/p>\n","protected":false},"author":1,"featured_media":9576,"comment_status":"closed","ping_status":"open","sticky":false,"template":"","format":"standard","meta":{"_et_pb_use_builder":"on","_et_pb_old_content":"","_et_gb_content_width":"","footnotes":""},"categories":[5,4],"tags":[],"class_list":["post-9573","post","type-post","status-publish","format-standard","has-post-thumbnail","hentry","category-general","category-organizacion"],"_links":{"self":[{"href":"https:\/\/cetm-madrid.es\/web\/wp-json\/wp\/v2\/posts\/9573","targetHints":{"allow":["GET"]}}],"collection":[{"href":"https:\/\/cetm-madrid.es\/web\/wp-json\/wp\/v2\/posts"}],"about":[{"href":"https:\/\/cetm-madrid.es\/web\/wp-json\/wp\/v2\/types\/post"}],"author":[{"embeddable":true,"href":"https:\/\/cetm-madrid.es\/web\/wp-json\/wp\/v2\/users\/1"}],"replies":[{"embeddable":true,"href":"https:\/\/cetm-madrid.es\/web\/wp-json\/wp\/v2\/comments?post=9573"}],"version-history":[{"count":2,"href":"https:\/\/cetm-madrid.es\/web\/wp-json\/wp\/v2\/posts\/9573\/revisions"}],"predecessor-version":[{"id":9577,"href":"https:\/\/cetm-madrid.es\/web\/wp-json\/wp\/v2\/posts\/9573\/revisions\/9577"}],"wp:featuredmedia":[{"embeddable":true,"href":"https:\/\/cetm-madrid.es\/web\/wp-json\/wp\/v2\/media\/9576"}],"wp:attachment":[{"href":"https:\/\/cetm-madrid.es\/web\/wp-json\/wp\/v2\/media?parent=9573"}],"wp:term":[{"taxonomy":"category","embeddable":true,"href":"https:\/\/cetm-madrid.es\/web\/wp-json\/wp\/v2\/categories?post=9573"},{"taxonomy":"post_tag","embeddable":true,"href":"https:\/\/cetm-madrid.es\/web\/wp-json\/wp\/v2\/tags?post=9573"}],"curies":[{"name":"wp","href":"https:\/\/api.w.org\/{rel}","templated":true}]}}