{"id":9532,"date":"2021-11-22T17:13:59","date_gmt":"2021-11-22T17:13:59","guid":{"rendered":"https:\/\/cetm-madrid.es\/web\/?p=9532"},"modified":"2021-11-23T17:18:46","modified_gmt":"2021-11-23T17:18:46","slug":"cierre-programado-de-los-tuneles-de-belate-y-almandoz-en-navarra-a-partir-del-jueves-25-de-noviembre-y-hasta-finales-de-ano","status":"publish","type":"post","link":"https:\/\/cetm-madrid.es\/web\/cierre-programado-de-los-tuneles-de-belate-y-almandoz-en-navarra-a-partir-del-jueves-25-de-noviembre-y-hasta-finales-de-ano\/","title":{"rendered":"Cierre programado de los t\u00faneles de Belate y Almandoz en Navarra a partir del jueves 25 de noviembre y hasta finales de a\u00f1o"},"content":{"rendered":"<p>[et_pb_section fb_built=&#8221;1&#8243; admin_label=&#8221;section&#8221; _builder_version=&#8221;3.22&#8243;][et_pb_row admin_label=&#8221;row&#8221; _builder_version=&#8221;3.25&#8243; background_size=&#8221;initial&#8221; background_position=&#8221;top_left&#8221; background_repeat=&#8221;repeat&#8221; column_structure=&#8221;2_3,1_3&#8243;][et_pb_column type=&#8221;2_3&#8243; _builder_version=&#8221;3.25&#8243; custom_padding=&#8221;|||&#8221; custom_padding__hover=&#8221;|||&#8221;][et_pb_text admin_label=&#8221;Texto&#8221; _builder_version=&#8221;4.7.7&#8243; background_size=&#8221;initial&#8221; background_position=&#8221;top_left&#8221; background_repeat=&#8221;repeat&#8221; text_orientation=&#8221;justified&#8221; hover_enabled=&#8221;0&#8243; use_border_color=&#8221;off&#8221; border_color=&#8221;#ffffff&#8221; border_style=&#8221;solid&#8221; sticky_enabled=&#8221;0&#8243;]<\/p>\n<p>Nuestra asociaci\u00f3n en Navarra, ANET, nos ha informado del cierre programado de los t\u00faneles de Belate y Almandoz que <strong>se producir\u00e1 a partir del jueves 25 de <\/strong><br \/><strong>noviembre<\/strong>, como consecuencia del <strong>inicio de los trabajos para la renovaci\u00f3n del sistema de ventilaci\u00f3n.<\/strong><\/p>\n<p>Las obras se realizar\u00e1n <strong>entre las 22:00 horas y las 06:00 horas<\/strong>, por lo que en ese horario <span style=\"text-decoration: underline;\"><strong>el tr\u00e1fico se desviar\u00e1 por la NA-1210<\/strong><\/span>, en el tramo del puerto de Belate, entre los puntos kilom\u00e9tricos 27+100 y el 35+000.<\/p>\n<p>Est\u00e1 previsto que <strong>estos trabajos se desarrollen hasta finales de a\u00f1o<\/strong> y <strong>siempre en el mismo horario nocturno<\/strong> para minimizar las afecciones al tr\u00e1fico.<\/p>\n<p>Desde la CETM recomendamos a las empresas de transporte que tengan en cuenta esta informaci\u00f3n a la hora de planificar sus rutas y as\u00ed evitar contratiempos.<\/p>\n<p>[\/et_pb_text][\/et_pb_column][et_pb_column type=&#8221;1_3&#8243; _builder_version=&#8221;3.25&#8243; custom_padding=&#8221;|||&#8221; custom_padding__hover=&#8221;|||&#8221;][et_pb_image src=&#8221;https:\/\/cetm-madrid.es\/web\/wp-content\/uploads\/2021\/11\/Dise\u00f1o-sin-t\u00edtulo-49.png&#8221; align_tablet=&#8221;center&#8221; align_last_edited=&#8221;on|desktop&#8221; admin_label=&#8221;Imagen&#8221; _builder_version=&#8221;4.7.7&#8243; animation_style=&#8221;slide&#8221; animation_direction=&#8221;left&#8221; animation_duration=&#8221;500ms&#8221; animation_intensity_slide=&#8221;10%&#8221; hover_enabled=&#8221;0&#8243; use_border_color=&#8221;off&#8221; border_color=&#8221;#ffffff&#8221; border_style=&#8221;solid&#8221; animation=&#8221;left&#8221; sticky=&#8221;off&#8221; always_center_on_mobile=&#8221;on&#8221; title_text=&#8221;Dise\u00f1o sin t\u00edtulo (49)&#8221; sticky_enabled=&#8221;0&#8243;][\/et_pb_image][\/et_pb_column][\/et_pb_row][\/et_pb_section]<\/p>\n","protected":false},"excerpt":{"rendered":"<p>Nuestra asociaci\u00f3n en Navarra, ANET, nos ha informado del cierre programado de los t\u00faneles de Belate y Almandoz que se producir\u00e1 a partir del jueves 25 de noviembre, como consecuencia del inicio de los trabajos para la renovaci\u00f3n del sistema de ventilaci\u00f3n. Las obras se realizar\u00e1n entre las 22:00 horas y las 06:00 horas, por [&hellip;]<\/p>\n","protected":false},"author":1,"featured_media":9536,"comment_status":"closed","ping_status":"open","sticky":false,"template":"","format":"standard","meta":{"_et_pb_use_builder":"on","_et_pb_old_content":"","_et_gb_content_width":"","footnotes":""},"categories":[5,4],"tags":[],"class_list":["post-9532","post","type-post","status-publish","format-standard","has-post-thumbnail","hentry","category-general","category-organizacion"],"_links":{"self":[{"href":"https:\/\/cetm-madrid.es\/web\/wp-json\/wp\/v2\/posts\/9532","targetHints":{"allow":["GET"]}}],"collection":[{"href":"https:\/\/cetm-madrid.es\/web\/wp-json\/wp\/v2\/posts"}],"about":[{"href":"https:\/\/cetm-madrid.es\/web\/wp-json\/wp\/v2\/types\/post"}],"author":[{"embeddable":true,"href":"https:\/\/cetm-madrid.es\/web\/wp-json\/wp\/v2\/users\/1"}],"replies":[{"embeddable":true,"href":"https:\/\/cetm-madrid.es\/web\/wp-json\/wp\/v2\/comments?post=9532"}],"version-history":[{"count":2,"href":"https:\/\/cetm-madrid.es\/web\/wp-json\/wp\/v2\/posts\/9532\/revisions"}],"predecessor-version":[{"id":9537,"href":"https:\/\/cetm-madrid.es\/web\/wp-json\/wp\/v2\/posts\/9532\/revisions\/9537"}],"wp:featuredmedia":[{"embeddable":true,"href":"https:\/\/cetm-madrid.es\/web\/wp-json\/wp\/v2\/media\/9536"}],"wp:attachment":[{"href":"https:\/\/cetm-madrid.es\/web\/wp-json\/wp\/v2\/media?parent=9532"}],"wp:term":[{"taxonomy":"category","embeddable":true,"href":"https:\/\/cetm-madrid.es\/web\/wp-json\/wp\/v2\/categories?post=9532"},{"taxonomy":"post_tag","embeddable":true,"href":"https:\/\/cetm-madrid.es\/web\/wp-json\/wp\/v2\/tags?post=9532"}],"curies":[{"name":"wp","href":"https:\/\/api.w.org\/{rel}","templated":true}]}}