{"id":9526,"date":"2021-11-22T17:00:21","date_gmt":"2021-11-22T17:00:21","guid":{"rendered":"https:\/\/cetm-madrid.es\/web\/?p=9526"},"modified":"2021-11-23T17:06:57","modified_gmt":"2021-11-23T17:06:57","slug":"resumen-de-prensa-diario-para-estar-al-tanto-de-la-actualidad-del-sector","status":"publish","type":"post","link":"https:\/\/cetm-madrid.es\/web\/resumen-de-prensa-diario-para-estar-al-tanto-de-la-actualidad-del-sector\/","title":{"rendered":"Resumen de prensa diario para estar al tanto de la actualidad del sector"},"content":{"rendered":"<p>[et_pb_section fb_built=&#8221;1&#8243; admin_label=&#8221;section&#8221; _builder_version=&#8221;3.22&#8243;][et_pb_row admin_label=&#8221;row&#8221; _builder_version=&#8221;3.25&#8243; background_size=&#8221;initial&#8221; background_position=&#8221;top_left&#8221; background_repeat=&#8221;repeat&#8221; column_structure=&#8221;2_3,1_3&#8243;][et_pb_column type=&#8221;2_3&#8243; _builder_version=&#8221;3.25&#8243; custom_padding=&#8221;|||&#8221; custom_padding__hover=&#8221;|||&#8221;][et_pb_text admin_label=&#8221;Texto&#8221; _builder_version=&#8221;4.7.7&#8243; background_size=&#8221;initial&#8221; background_position=&#8221;top_left&#8221; background_repeat=&#8221;repeat&#8221; text_orientation=&#8221;justified&#8221; hover_enabled=&#8221;0&#8243; use_border_color=&#8221;off&#8221; border_color=&#8221;#ffffff&#8221; border_style=&#8221;solid&#8221; sticky_enabled=&#8221;0&#8243;]<\/p>\n<p>Los medios de comunicaci\u00f3n, adem\u00e1s de ser una herramienta indispensable para seguirle el pulso a la actualidad, nos sirven para <strong>posicionarnos ante la opini\u00f3n <\/strong><br \/><strong>p\u00fablica e intentar fomentar la mejora de la imagen del sector y de la CETM.<\/strong><\/p>\n<p>Esta tarea de velar por una imagen p\u00fablica pasa por seguir con detalle lo que dichos medios difunden, ya que s\u00f3lo as\u00ed ser\u00e1 posible <strong>contrarrestar los efectos negativos de determinadas informaciones o potenciar los beneficios que puedan derivarse de otras.<\/strong><\/p>\n<p>Por eso, es importante conocer puntualmente y con rapidez la informaci\u00f3n que se publica sobre nosotros. <strong>Este es el objetivo del resumen de prensa que a partir de ahora recibir\u00e9is cada ma\u00f1ana por correo electr\u00f3nico.<\/strong><\/p>\n<p>Este resumen se dividir\u00e1 en dos apartados, \u2018Noticias de CETM\u2019 con las noticias en las que aparece <strong>la CETM y sus organizaciones miembro<\/strong>, y \u2018Noticias Relacionadas\u2019, con <strong>las noticias m\u00e1s relevantes de la actualidad del sector y de la econom\u00eda en general.<\/strong><\/p>\n<p>Una vez lo recib\u00e1is, para acceder a las noticias, tan solo deber\u00e9is pinchar en el titular de las mismas. Cuando consider\u00e9is que hay alguna noticia de especial inter\u00e9s y<br \/>quer\u00e1is que se incluya en el resumen, pod\u00e9is enviar la informaci\u00f3n a <span style=\"text-decoration: underline;\">mserrano@cetm.es<\/span><\/p>\n<p>[\/et_pb_text][\/et_pb_column][et_pb_column type=&#8221;1_3&#8243; _builder_version=&#8221;3.25&#8243; custom_padding=&#8221;|||&#8221; custom_padding__hover=&#8221;|||&#8221;][et_pb_image src=&#8221;https:\/\/cetm-madrid.es\/web\/wp-content\/uploads\/2021\/11\/Dise\u00f1o-sin-t\u00edtulo-48.png&#8221; align_tablet=&#8221;center&#8221; align_last_edited=&#8221;on|desktop&#8221; admin_label=&#8221;Imagen&#8221; _builder_version=&#8221;4.7.7&#8243; animation_style=&#8221;slide&#8221; animation_direction=&#8221;left&#8221; animation_duration=&#8221;500ms&#8221; animation_intensity_slide=&#8221;10%&#8221; hover_enabled=&#8221;0&#8243; use_border_color=&#8221;off&#8221; border_color=&#8221;#ffffff&#8221; border_style=&#8221;solid&#8221; animation=&#8221;left&#8221; sticky=&#8221;off&#8221; always_center_on_mobile=&#8221;on&#8221; title_text=&#8221;Dise\u00f1o sin t\u00edtulo (48)&#8221; sticky_enabled=&#8221;0&#8243;][\/et_pb_image][\/et_pb_column][\/et_pb_row][\/et_pb_section]<\/p>\n","protected":false},"excerpt":{"rendered":"<p>Los medios de comunicaci\u00f3n, adem\u00e1s de ser una herramienta indispensable para seguirle el pulso a la actualidad, nos sirven para posicionarnos ante la opini\u00f3n p\u00fablica e intentar fomentar la mejora de la imagen del sector y de la CETM. Esta tarea de velar por una imagen p\u00fablica pasa por seguir con detalle lo que dichos [&hellip;]<\/p>\n","protected":false},"author":1,"featured_media":9529,"comment_status":"closed","ping_status":"open","sticky":false,"template":"","format":"standard","meta":{"_et_pb_use_builder":"on","_et_pb_old_content":"","_et_gb_content_width":"","footnotes":""},"categories":[5,4],"tags":[],"class_list":["post-9526","post","type-post","status-publish","format-standard","has-post-thumbnail","hentry","category-general","category-organizacion"],"_links":{"self":[{"href":"https:\/\/cetm-madrid.es\/web\/wp-json\/wp\/v2\/posts\/9526","targetHints":{"allow":["GET"]}}],"collection":[{"href":"https:\/\/cetm-madrid.es\/web\/wp-json\/wp\/v2\/posts"}],"about":[{"href":"https:\/\/cetm-madrid.es\/web\/wp-json\/wp\/v2\/types\/post"}],"author":[{"embeddable":true,"href":"https:\/\/cetm-madrid.es\/web\/wp-json\/wp\/v2\/users\/1"}],"replies":[{"embeddable":true,"href":"https:\/\/cetm-madrid.es\/web\/wp-json\/wp\/v2\/comments?post=9526"}],"version-history":[{"count":2,"href":"https:\/\/cetm-madrid.es\/web\/wp-json\/wp\/v2\/posts\/9526\/revisions"}],"predecessor-version":[{"id":9530,"href":"https:\/\/cetm-madrid.es\/web\/wp-json\/wp\/v2\/posts\/9526\/revisions\/9530"}],"wp:featuredmedia":[{"embeddable":true,"href":"https:\/\/cetm-madrid.es\/web\/wp-json\/wp\/v2\/media\/9529"}],"wp:attachment":[{"href":"https:\/\/cetm-madrid.es\/web\/wp-json\/wp\/v2\/media?parent=9526"}],"wp:term":[{"taxonomy":"category","embeddable":true,"href":"https:\/\/cetm-madrid.es\/web\/wp-json\/wp\/v2\/categories?post=9526"},{"taxonomy":"post_tag","embeddable":true,"href":"https:\/\/cetm-madrid.es\/web\/wp-json\/wp\/v2\/tags?post=9526"}],"curies":[{"name":"wp","href":"https:\/\/api.w.org\/{rel}","templated":true}]}}