{"id":9519,"date":"2021-11-22T16:39:15","date_gmt":"2021-11-22T16:39:15","guid":{"rendered":"https:\/\/cetm-madrid.es\/web\/?p=9519"},"modified":"2021-11-23T16:59:24","modified_gmt":"2021-11-23T16:59:24","slug":"cambio-drastico-en-las-temperaturas-y-nevadas-a-partir-de-este-lunes-por-la-llegada-de-una-masa-de-aire-fria-de-origen-polar","status":"publish","type":"post","link":"https:\/\/cetm-madrid.es\/web\/cambio-drastico-en-las-temperaturas-y-nevadas-a-partir-de-este-lunes-por-la-llegada-de-una-masa-de-aire-fria-de-origen-polar\/","title":{"rendered":"Cambio dr\u00e1stico en las temperaturas y nevadas a partir de este lunes por la llegada de una masa de aire fr\u00eda de origen polar"},"content":{"rendered":"<p>[et_pb_section fb_built=&#8221;1&#8243; admin_label=&#8221;section&#8221; _builder_version=&#8221;3.22&#8243;][et_pb_row column_structure=&#8221;2_3,1_3&#8243; admin_label=&#8221;row&#8221; _builder_version=&#8221;3.25&#8243; background_size=&#8221;initial&#8221; background_position=&#8221;top_left&#8221; background_repeat=&#8221;repeat&#8221;][et_pb_column type=&#8221;2_3&#8243; _builder_version=&#8221;3.25&#8243; custom_padding=&#8221;|||&#8221; custom_padding__hover=&#8221;|||&#8221;][et_pb_text admin_label=&#8221;Texto&#8221; _builder_version=&#8221;4.7.7&#8243; background_size=&#8221;initial&#8221; background_position=&#8221;top_left&#8221; background_repeat=&#8221;repeat&#8221; text_orientation=&#8221;justified&#8221; use_border_color=&#8221;off&#8221; border_color=&#8221;#ffffff&#8221; border_style=&#8221;solid&#8221;]<\/p>\n<p>La Agencia Estatal de Meteorolog\u00eda (AEMET) ha lanzado un aviso especial ante la llegada de una DANA a partir de este lunes 22 de noviembre que, durante los siguientes d\u00edas, evolucionar\u00e1 hacia una borrasca fr\u00eda y, en consecuencia, habr\u00e1 una masa de aire muy fr\u00edo de origen polar que <strong>permanecer\u00e1 durante varios d\u00edas en la Pen\u00ednsula.<\/strong><\/p>\n<p>Por tanto, se espera un cambio dr\u00e1stico en el tiempo a partir de este lunes, y <strong>habr\u00e1 precipitaciones en forma de nieve<\/strong> en cotas relativamente bajas en amplias zonas de la<br \/>Pen\u00ednsula y un descenso de las temperaturas de forma generalizada.<\/p>\n<p>Seg\u00fan indica la AEMET, ma\u00f1ana la cota de nieve descender\u00e1 a unos 800-1000 metros en la mitad norte, por lo que las nevadas afectar\u00e1n sobre todo a la cordillera Cant\u00e1brica, <strong>pudi\u00e9ndose alcanzar espesores en torno a los 10 cm al final del d\u00eda.<\/strong> Tambi\u00e9n se prev\u00e9n nevadas, aunque menos intensas, en el Sistema Central y sistema Ib\u00e9rico, con probabilidad de que superen los 5cm. Las nevadas podr\u00e1n afectar tambi\u00e9n a<strong> las zonas m\u00e1s altas de Castilla y Le\u00f3n, y el noroeste de Castilla-La Mancha y, puntualmente, en la Comunidad de Madrid<\/strong><\/p>\n<p>El martes 23 de noviembre <strong>ser\u00e1 el d\u00eda \u00e1lgido del episodio<\/strong>, se espera un desplazamiento hacia el sureste de las zonas, donde las nevadas ser\u00e1n m\u00e1s intensas. Se esperan las mayores acumulaciones en el sistema Ib\u00e9rico, especialmente en las<strong> zonas del este de Castilla-La Mancha, Teruel, oeste de Zaragoza, Soria y La Rioja, as\u00ed como Pirineos centrales.<\/strong> Es probable que se superen los <strong>20 cm de espesor<\/strong> durante este d\u00eda en el sistema ib\u00e9rico, as\u00ed como en las zonas m\u00e1s altas de Pirineos centrales.<\/p>\n<p>Para este d\u00eda tambi\u00e9n se esperan precipitaciones en forma de lluvia en el valle del Ebro y el este de Catalu\u00f1a. El mi\u00e9rcoles 24 de noviembre ser\u00e1n probables las nevadas en las mismas zonas,<strong> pero con menor intensidad.<\/strong><\/p>\n<p>Lo m\u00e1s probable es que la borrasca remita a partir del jueves 25 de noviembre, alej\u00e1ndose hacia el este, pero ser\u00e1 remplazada por otra procedente del norte, por lo que<strong> el tiempo invernal se mantendr\u00e1 al menos hasta el fin de semana.<\/strong><\/p>\n<p>Desde la CETM, pedimos que las empresas de transporte tengan en cuenta esta informaci\u00f3n a la hora de planificar los viajes y que se extreme la precauci\u00f3n. Asimismo, recomendamos <strong>consultar el estado de las carreteras y la previsi\u00f3n meteorol\u00f3gica<\/strong> para evitar contratiempos.<\/p>\n<p>La Direcci\u00f3n General de Tr\u00e1fico (DGT) ha emitido un comunicado en el que ha advertido que las condiciones de viaje <strong>pueden verse afectadas por posibles actuaciones en la v\u00eda<\/strong> para garantizar la fluidez y la seguridad vial, por lo que <strong>podr\u00e1n establecerse restricciones a la circulaci\u00f3n de veh\u00edculos pesados<\/strong> o a otros veh\u00edculos que no cuenten con neum\u00e1ticos de invierno o cadenas.<\/p>\n<p>Tr\u00e1fico tambi\u00e9n podr\u00e1 limitar la velocidad de circulaci\u00f3n y prohibir adelantamientos o realizar cortes totales preventivos. Asimismo, ha preparado para su funcionamiento los 21 desv\u00edos automatizados y vigilados para el embolsamiento de camiones y <strong>activarlos si fuera necesario.<\/strong><\/p>\n<p>Los avisos naranjas y amarillos por nevadas se han activado en algunas provincias desde las00:00 de esta noche. En la imagen, las zonas en las que la AEMET mantiene la alerta:<\/p>\n<p>[\/et_pb_text][et_pb_image src=&#8221;https:\/\/cetm-madrid.es\/web\/wp-content\/uploads\/2021\/11\/Captura-1.jpg&#8221; title_text=&#8221;Captura&#8221; _builder_version=&#8221;4.7.7&#8243; _module_preset=&#8221;default&#8221;][\/et_pb_image][et_pb_text admin_label=&#8221;Texto&#8221; _builder_version=&#8221;4.7.7&#8243; background_size=&#8221;initial&#8221; background_position=&#8221;top_left&#8221; background_repeat=&#8221;repeat&#8221; text_orientation=&#8221;justified&#8221; hover_enabled=&#8221;0&#8243; use_border_color=&#8221;off&#8221; border_color=&#8221;#ffffff&#8221; border_style=&#8221;solid&#8221; sticky_enabled=&#8221;0&#8243;]<\/p>\n<p>Por otra parte, el MITMA ha anunciado que, ante la previsi\u00f3n de AEMET, tiene 412 m\u00e1quinas quitanieves y 57.214 toneladas de fundentes para hacer frente al temporal.<\/p>\n<p>Como viene siendo habitual, dejamos algunos enlaces que pueden servir de ayuda:<\/p>\n<p>\u2022 Mapa de avisos de la AEMET: <a href=\"http:\/\/www.aemet.es\/es\/eltiempo\/prediccion\/avisos\" target=\"_blank\" rel=\"noopener noreferrer\">http:\/\/www.aemet.es\/es\/eltiempo\/prediccion\/avisos<\/a><\/p>\n<p>\u2022 Mapa de viabilidad invernal de la DGT: <a href=\"http:\/\/infocar.dgt.es\/etraffic\/Buscador?Camaras=true&amp;SensoresMeteorologico=true&amp;SensoresTrafico=true&amp;Paneles=true&amp;Radares=true&amp;IncidenciasMETEOROLOGICA=true&amp;IncidenciasPUERTOS=true&amp;provincia=77&amp;version=mapa\" target=\"_blank\" rel=\"noopener noreferrer\">http:\/\/infocar.dgt.es\/etraffic\/Buscador?Camaras=true&amp;SensoresMeteorologico=true&amp;SensoresTrafico=true&amp;Paneles=true&amp;Radares=true&amp;IncidenciasMETEOROLOGICA=true&amp;IncidenciasPUERTOS=true&amp;provincia=77&amp;version=mapa<\/a><\/p>\n<p>\u2022 Consejos para conducir con nieve o hielo: <a href=\"https:\/\/revista.dgt.es\/es\/multimedia\/infografia-animada\/2020\/0211-Que-hacer-en-caso-de-hielo-o-nieve.shtml\" target=\"_blank\" rel=\"noopener noreferrer\">https:\/\/revista.dgt.es\/es\/multimedia\/infografia-animada\/2020\/0211-Que-hacer-en-caso-de-hielo-o-nieve.shtml<\/a><\/p>\n<p>[\/et_pb_text][\/et_pb_column][et_pb_column type=&#8221;1_3&#8243; _builder_version=&#8221;3.25&#8243; custom_padding=&#8221;|||&#8221; custom_padding__hover=&#8221;|||&#8221;][\/et_pb_column][\/et_pb_row][\/et_pb_section]<\/p>\n","protected":false},"excerpt":{"rendered":"<p>La Agencia Estatal de Meteorolog\u00eda (AEMET) ha lanzado un aviso especial ante la llegada de una DANA a partir de este lunes 22 de noviembre que, durante los siguientes d\u00edas, evolucionar\u00e1 hacia una borrasca fr\u00eda y, en consecuencia, habr\u00e1 una masa de aire muy fr\u00edo de origen polar que permanecer\u00e1 durante varios d\u00edas en la [&hellip;]<\/p>\n","protected":false},"author":1,"featured_media":7217,"comment_status":"closed","ping_status":"open","sticky":false,"template":"","format":"standard","meta":{"_et_pb_use_builder":"on","_et_pb_old_content":"","_et_gb_content_width":"","footnotes":""},"categories":[5,4],"tags":[],"class_list":["post-9519","post","type-post","status-publish","format-standard","has-post-thumbnail","hentry","category-general","category-organizacion"],"_links":{"self":[{"href":"https:\/\/cetm-madrid.es\/web\/wp-json\/wp\/v2\/posts\/9519","targetHints":{"allow":["GET"]}}],"collection":[{"href":"https:\/\/cetm-madrid.es\/web\/wp-json\/wp\/v2\/posts"}],"about":[{"href":"https:\/\/cetm-madrid.es\/web\/wp-json\/wp\/v2\/types\/post"}],"author":[{"embeddable":true,"href":"https:\/\/cetm-madrid.es\/web\/wp-json\/wp\/v2\/users\/1"}],"replies":[{"embeddable":true,"href":"https:\/\/cetm-madrid.es\/web\/wp-json\/wp\/v2\/comments?post=9519"}],"version-history":[{"count":3,"href":"https:\/\/cetm-madrid.es\/web\/wp-json\/wp\/v2\/posts\/9519\/revisions"}],"predecessor-version":[{"id":9525,"href":"https:\/\/cetm-madrid.es\/web\/wp-json\/wp\/v2\/posts\/9519\/revisions\/9525"}],"wp:featuredmedia":[{"embeddable":true,"href":"https:\/\/cetm-madrid.es\/web\/wp-json\/wp\/v2\/media\/7217"}],"wp:attachment":[{"href":"https:\/\/cetm-madrid.es\/web\/wp-json\/wp\/v2\/media?parent=9519"}],"wp:term":[{"taxonomy":"category","embeddable":true,"href":"https:\/\/cetm-madrid.es\/web\/wp-json\/wp\/v2\/categories?post=9519"},{"taxonomy":"post_tag","embeddable":true,"href":"https:\/\/cetm-madrid.es\/web\/wp-json\/wp\/v2\/tags?post=9519"}],"curies":[{"name":"wp","href":"https:\/\/api.w.org\/{rel}","templated":true}]}}