{"id":9509,"date":"2021-11-17T12:26:58","date_gmt":"2021-11-17T12:26:58","guid":{"rendered":"https:\/\/cetm-madrid.es\/web\/?p=9509"},"modified":"2021-11-19T12:37:12","modified_gmt":"2021-11-19T12:37:12","slug":"los-cargadores-se-desentienden-y-esperan-que-sea-el-mitma-quien-resuelva-el-conflicto-con-los-transportistas","status":"publish","type":"post","link":"https:\/\/cetm-madrid.es\/web\/los-cargadores-se-desentienden-y-esperan-que-sea-el-mitma-quien-resuelva-el-conflicto-con-los-transportistas\/","title":{"rendered":"Los cargadores se desentienden y esperan que sea el MITMA quien resuelva el conflicto con los transportistas"},"content":{"rendered":"<p>[et_pb_section fb_built=&#8221;1&#8243; admin_label=&#8221;section&#8221; _builder_version=&#8221;3.22&#8243;][et_pb_row admin_label=&#8221;row&#8221; _builder_version=&#8221;3.25&#8243; background_size=&#8221;initial&#8221; background_position=&#8221;top_left&#8221; background_repeat=&#8221;repeat&#8221; column_structure=&#8221;2_3,1_3&#8243;][et_pb_column type=&#8221;2_3&#8243; _builder_version=&#8221;3.25&#8243; custom_padding=&#8221;|||&#8221; custom_padding__hover=&#8221;|||&#8221;][et_pb_text admin_label=&#8221;Texto&#8221; _builder_version=&#8221;4.7.7&#8243; background_size=&#8221;initial&#8221; background_position=&#8221;top_left&#8221; background_repeat=&#8221;repeat&#8221; text_orientation=&#8221;justified&#8221; hover_enabled=&#8221;0&#8243; use_border_color=&#8221;off&#8221; border_color=&#8221;#ffffff&#8221; border_style=&#8221;solid&#8221; sticky_enabled=&#8221;0&#8243;]<\/p>\n<p>Tras la convocatoria por parte del Comit\u00e9 Nacional de Transporte por Carretera (CNTC) de un paro del 19 al 22 de diciembre, en un principio los cargadores han optado por responder con su silencio, a pesar de que las organizaciones de transporte que pertenecen al Comit\u00e9, entre ellas la CETM, <strong>llevan tiempo denunciando las condiciones denigrantes<\/strong> a las que someten a los conductores profesionales y es uno de los principales motivos por los que el sector pretende movilizarse.<\/p>\n<p>El transporte de mercanc\u00edas por carretera es un sector atomizado y la capacidad negociadora de la mayor\u00eda de las empresas es muy limitado. Esto hace que los cargadores <strong>se beneficien de esa posici\u00f3n de dominio<\/strong> y obliguen a cargar y descargar las mercanc\u00edas, una labor que no le corresponde al conductor, y que deber\u00eda correr a cargo de personal especializado.<\/p>\n<p>Adem\u00e1s, el trato que reciben los profesionales del trasporte es humillante en la gran mayor\u00eda de ocasiones, teniendo que soportar<strong> largas horas de espera, sin que les permitan el acceso a los aseos<\/strong> o les obliguen a<strong> permanecer en \u201cjaulas de seguridad\u201d<\/strong> como si de un animal se tratara.<\/p>\n<p>Solo la Asociaci\u00f3n de Cargadores de Espa\u00f1a (ACE) se ha pronunciado sobre la convocatoria del CNTC durante la celebraci\u00f3n su Asamblea General y, en lugar de <br \/>reconocer los errores y de abogar por una posici\u00f3n m\u00e1s conciliadora, su presidente Carlos Cast\u00e1n ha advertido del agravio que puede suponer el paro para los consumidores y <strong>ha actuado como si el problema no fuera con ellos<\/strong>, dejando caer todo el peso sobre la Administraci\u00f3n. Algo que, parad\u00f3jicamente, <strong>tambi\u00e9n ha hecho la ministra de Transportes<\/strong>, Raquel S\u00e1nchez, en el sentido contrario, afirmando que la mayor\u00eda de las reivindicaciones se exceden de sus competencias y tienen que ver con los cargadores.<\/p>\n<p>ACE simplemente ha mencionado que han de mejorar las condiciones de los conductores, <strong>por el mero hecho de que la organizaci\u00f3n ha firmado el manifiesto<\/strong> internacional liderado por la IRU que aboga por mejorar el trato de los profesionales del transporte a trav\u00e9s de la denominada \u2018Carta del conductor\u2019.<\/p>\n<p>[\/et_pb_text][\/et_pb_column][et_pb_column type=&#8221;1_3&#8243; _builder_version=&#8221;3.25&#8243; custom_padding=&#8221;|||&#8221; custom_padding__hover=&#8221;|||&#8221;][et_pb_image src=&#8221;https:\/\/cetm-madrid.es\/web\/wp-content\/uploads\/2020\/11\/Copia-de-Sin-t\u00edtulo.png&#8221; align_tablet=&#8221;center&#8221; align_last_edited=&#8221;on|desktop&#8221; admin_label=&#8221;Imagen&#8221; _builder_version=&#8221;4.7.7&#8243; animation_style=&#8221;slide&#8221; animation_direction=&#8221;left&#8221; animation_duration=&#8221;500ms&#8221; animation_intensity_slide=&#8221;10%&#8221; hover_enabled=&#8221;0&#8243; use_border_color=&#8221;off&#8221; border_color=&#8221;#ffffff&#8221; border_style=&#8221;solid&#8221; animation=&#8221;left&#8221; sticky=&#8221;off&#8221; always_center_on_mobile=&#8221;on&#8221; title_text=&#8221;Copia de Sin t\u00edtulo&#8221; sticky_enabled=&#8221;0&#8243;][\/et_pb_image][\/et_pb_column][\/et_pb_row][\/et_pb_section]<\/p>\n","protected":false},"excerpt":{"rendered":"<p>Tras la convocatoria por parte del Comit\u00e9 Nacional de Transporte por Carretera (CNTC) de un paro del 19 al 22 de diciembre, en un principio los cargadores han optado por responder con su silencio, a pesar de que las organizaciones de transporte que pertenecen al Comit\u00e9, entre ellas la CETM, llevan tiempo denunciando las condiciones [&hellip;]<\/p>\n","protected":false},"author":1,"featured_media":6762,"comment_status":"closed","ping_status":"open","sticky":false,"template":"","format":"standard","meta":{"_et_pb_use_builder":"on","_et_pb_old_content":"","_et_gb_content_width":"","footnotes":""},"categories":[5,4],"tags":[],"class_list":["post-9509","post","type-post","status-publish","format-standard","has-post-thumbnail","hentry","category-general","category-organizacion"],"_links":{"self":[{"href":"https:\/\/cetm-madrid.es\/web\/wp-json\/wp\/v2\/posts\/9509","targetHints":{"allow":["GET"]}}],"collection":[{"href":"https:\/\/cetm-madrid.es\/web\/wp-json\/wp\/v2\/posts"}],"about":[{"href":"https:\/\/cetm-madrid.es\/web\/wp-json\/wp\/v2\/types\/post"}],"author":[{"embeddable":true,"href":"https:\/\/cetm-madrid.es\/web\/wp-json\/wp\/v2\/users\/1"}],"replies":[{"embeddable":true,"href":"https:\/\/cetm-madrid.es\/web\/wp-json\/wp\/v2\/comments?post=9509"}],"version-history":[{"count":2,"href":"https:\/\/cetm-madrid.es\/web\/wp-json\/wp\/v2\/posts\/9509\/revisions"}],"predecessor-version":[{"id":9512,"href":"https:\/\/cetm-madrid.es\/web\/wp-json\/wp\/v2\/posts\/9509\/revisions\/9512"}],"wp:featuredmedia":[{"embeddable":true,"href":"https:\/\/cetm-madrid.es\/web\/wp-json\/wp\/v2\/media\/6762"}],"wp:attachment":[{"href":"https:\/\/cetm-madrid.es\/web\/wp-json\/wp\/v2\/media?parent=9509"}],"wp:term":[{"taxonomy":"category","embeddable":true,"href":"https:\/\/cetm-madrid.es\/web\/wp-json\/wp\/v2\/categories?post=9509"},{"taxonomy":"post_tag","embeddable":true,"href":"https:\/\/cetm-madrid.es\/web\/wp-json\/wp\/v2\/tags?post=9509"}],"curies":[{"name":"wp","href":"https:\/\/api.w.org\/{rel}","templated":true}]}}