{"id":9482,"date":"2021-11-12T19:15:49","date_gmt":"2021-11-12T19:15:49","guid":{"rendered":"https:\/\/cetm-madrid.es\/web\/?p=9482"},"modified":"2021-11-14T19:33:15","modified_gmt":"2021-11-14T19:33:15","slug":"la-cetm-se-pregunta-donde-han-estado-los-sindicatos-durante-este-tiempo-y-pide-que-no-dificulten-el-camino","status":"publish","type":"post","link":"https:\/\/cetm-madrid.es\/web\/la-cetm-se-pregunta-donde-han-estado-los-sindicatos-durante-este-tiempo-y-pide-que-no-dificulten-el-camino\/","title":{"rendered":"La CETM se pregunta d\u00f3nde han estado los sindicatos durante este tiempo y pide que no dificulten el camino"},"content":{"rendered":"<p>[et_pb_section fb_built=&#8221;1&#8243; admin_label=&#8221;section&#8221; _builder_version=&#8221;3.22&#8243;][et_pb_row column_structure=&#8221;2_3,1_3&#8243; admin_label=&#8221;row&#8221; _builder_version=&#8221;3.25&#8243; background_size=&#8221;initial&#8221; background_position=&#8221;top_left&#8221; background_repeat=&#8221;repeat&#8221;][et_pb_column type=&#8221;2_3&#8243; _builder_version=&#8221;3.25&#8243; custom_padding=&#8221;|||&#8221; custom_padding__hover=&#8221;|||&#8221;][et_pb_text admin_label=&#8221;Texto&#8221; _builder_version=&#8221;4.7.7&#8243; background_size=&#8221;initial&#8221; background_position=&#8221;top_left&#8221; background_repeat=&#8221;repeat&#8221; text_orientation=&#8221;justified&#8221; use_border_color=&#8221;off&#8221; border_color=&#8221;#ffffff&#8221; border_style=&#8221;solid&#8221;]<\/p>\n<p>La Confederaci\u00f3n Espa\u00f1ola de Transporte de Mercanc\u00edas (CETM) lleva muchos a\u00f1os defendiendo a las empresas de transporte de mercanc\u00edas por carretera y a sus trabajadores, valorando siempre su profesionalidad y, m\u00e1s recientemente, <strong>su infinito esfuerzo y compromiso<\/strong> durante la pandemia, cuando nuestros conductores trabajaron en condiciones extremadamente duras para que no nos faltara de nada.<\/p>\n<p>Por el contrario, durante todo este tiempo en el que hemos trabajado para buscar soluciones a los numerosos problemas que afectan a las empresas del sector y a sus profesionales, dialogando con todos los interlocutores necesarios para ello, <strong>pr\u00e1cticamente no se ha escuchado a los sindicatos.<\/strong><\/p>\n<p>Para <strong>sorpresa de todos<\/strong>, cuando las organizaciones que conforman el Comit\u00e9 Nacional de Transporte por Carretera (CNTC) han convocado un paro patronal, las\u00a0 principales organizaciones sindicales, CC.OO. y UGT por fin se han pronunciado a trav\u00e9s de sendos comunicados.<\/p>\n<p>Sin embargo, en lugar de apoyar al sector del transporte en una convocatoria que busca el beneficio tanto de las empresas como de sus trabajadores, puesto que todas las propuestas que se plantean <strong>ayudar\u00edan a mejorar las condiciones de los conductores profesionales<\/strong>, tales como la prohibici\u00f3n de la carga y la descarga, la creaci\u00f3n de m\u00e1s \u00e1reas de descanso seguras, la mejora del trato de los cargadores y la aplicaci\u00f3n obligatoria de una cl\u00e1usula de revisi\u00f3n del precio del gas\u00f3leo que ayudar\u00edan a mejorar las tarifas y los salarios, se posicionan en contra.<\/p>\n<p>Para una vez que se manifiestan, cabe preguntarse <strong>d\u00f3nde han estado durante todo este tiempo<\/strong> en el que el resto no hemos dejado de trabajar para dignificar la profesi\u00f3n.<\/p>\n<p>Por el bien de todos, esperamos que los sindicatos reconsideren su postura y al menos no dificulten el camino. El objetivo de esta convocatoria no es otro que <strong>encontrar soluciones a la crisis que vive el transporte<\/strong> de mercanc\u00edas por carretera y, en definitiva, lograr la supervivencia del sector y el mantenimiento de los m\u00e1s de 600.000 empleos directos que genera.<\/p>\n<p>[\/et_pb_text][\/et_pb_column][et_pb_column type=&#8221;1_3&#8243; _builder_version=&#8221;3.25&#8243; custom_padding=&#8221;|||&#8221; custom_padding__hover=&#8221;|||&#8221;][et_pb_image src=&#8221;https:\/\/cetm-madrid.es\/web\/wp-content\/uploads\/2021\/11\/agradecimiento_conductores.png&#8221; title_text=&#8221;agradecimiento_conductores&#8221; align_tablet=&#8221;center&#8221; align_phone=&#8221;&#8221; align_last_edited=&#8221;on|desktop&#8221; admin_label=&#8221;Imagen&#8221; _builder_version=&#8221;4.7.7&#8243; animation_style=&#8221;slide&#8221; animation_direction=&#8221;left&#8221; animation_duration=&#8221;500ms&#8221; animation_intensity_slide=&#8221;10%&#8221; use_border_color=&#8221;off&#8221; border_color=&#8221;#ffffff&#8221; border_style=&#8221;solid&#8221; animation=&#8221;left&#8221; sticky=&#8221;off&#8221; always_center_on_mobile=&#8221;on&#8221;][\/et_pb_image][et_pb_image src=&#8221;https:\/\/cetm-madrid.es\/web\/wp-content\/uploads\/2021\/11\/somos_imprescindibles.png&#8221; title_text=&#8221;somos_imprescindibles&#8221; _builder_version=&#8221;4.7.7&#8243; _module_preset=&#8221;default&#8221;][\/et_pb_image][et_pb_image src=&#8221;https:\/\/cetm-madrid.es\/web\/wp-content\/uploads\/2021\/11\/imagen_h\u00e9roes.png&#8221; title_text=&#8221;imagen_h\u00e9roes&#8221; _builder_version=&#8221;4.7.7&#8243; _module_preset=&#8221;default&#8221;][\/et_pb_image][et_pb_image src=&#8221;https:\/\/cetm-madrid.es\/web\/wp-content\/uploads\/2021\/11\/valora_el_transporte.png&#8221; title_text=&#8221;valora_el_transporte&#8221; _builder_version=&#8221;4.7.7&#8243; _module_preset=&#8221;default&#8221;][\/et_pb_image][\/et_pb_column][\/et_pb_row][\/et_pb_section]<\/p>\n","protected":false},"excerpt":{"rendered":"<p>La Confederaci\u00f3n Espa\u00f1ola de Transporte de Mercanc\u00edas (CETM) lleva muchos a\u00f1os defendiendo a las empresas de transporte de mercanc\u00edas por carretera y a sus trabajadores, valorando siempre su profesionalidad y, m\u00e1s recientemente, su infinito esfuerzo y compromiso durante la pandemia, cuando nuestros conductores trabajaron en condiciones extremadamente duras para que no nos faltara de nada. [&hellip;]<\/p>\n","protected":false},"author":1,"featured_media":9490,"comment_status":"closed","ping_status":"open","sticky":false,"template":"","format":"standard","meta":{"_et_pb_use_builder":"on","_et_pb_old_content":"","_et_gb_content_width":"","footnotes":""},"categories":[5,4],"tags":[],"class_list":["post-9482","post","type-post","status-publish","format-standard","has-post-thumbnail","hentry","category-general","category-organizacion"],"_links":{"self":[{"href":"https:\/\/cetm-madrid.es\/web\/wp-json\/wp\/v2\/posts\/9482","targetHints":{"allow":["GET"]}}],"collection":[{"href":"https:\/\/cetm-madrid.es\/web\/wp-json\/wp\/v2\/posts"}],"about":[{"href":"https:\/\/cetm-madrid.es\/web\/wp-json\/wp\/v2\/types\/post"}],"author":[{"embeddable":true,"href":"https:\/\/cetm-madrid.es\/web\/wp-json\/wp\/v2\/users\/1"}],"replies":[{"embeddable":true,"href":"https:\/\/cetm-madrid.es\/web\/wp-json\/wp\/v2\/comments?post=9482"}],"version-history":[{"count":3,"href":"https:\/\/cetm-madrid.es\/web\/wp-json\/wp\/v2\/posts\/9482\/revisions"}],"predecessor-version":[{"id":9491,"href":"https:\/\/cetm-madrid.es\/web\/wp-json\/wp\/v2\/posts\/9482\/revisions\/9491"}],"wp:featuredmedia":[{"embeddable":true,"href":"https:\/\/cetm-madrid.es\/web\/wp-json\/wp\/v2\/media\/9490"}],"wp:attachment":[{"href":"https:\/\/cetm-madrid.es\/web\/wp-json\/wp\/v2\/media?parent=9482"}],"wp:term":[{"taxonomy":"category","embeddable":true,"href":"https:\/\/cetm-madrid.es\/web\/wp-json\/wp\/v2\/categories?post=9482"},{"taxonomy":"post_tag","embeddable":true,"href":"https:\/\/cetm-madrid.es\/web\/wp-json\/wp\/v2\/tags?post=9482"}],"curies":[{"name":"wp","href":"https:\/\/api.w.org\/{rel}","templated":true}]}}