{"id":9462,"date":"2021-11-11T08:33:54","date_gmt":"2021-11-11T08:33:54","guid":{"rendered":"https:\/\/cetm-madrid.es\/web\/?p=9462"},"modified":"2021-11-12T08:53:02","modified_gmt":"2021-11-12T08:53:02","slug":"carta-abierta-a-la-ministra-de-transportes-raquel-sanchez-es-hora-de-que-tomen-en-serio-a-los-transportistas-sin-ellos-podria-colapsarse-el-pais","status":"publish","type":"post","link":"https:\/\/cetm-madrid.es\/web\/carta-abierta-a-la-ministra-de-transportes-raquel-sanchez-es-hora-de-que-tomen-en-serio-a-los-transportistas-sin-ellos-podria-colapsarse-el-pais\/","title":{"rendered":"Carta abierta a la Ministra de Transportes, Raquel S\u00e1nchez: \u201cEs hora de que tomen en serio a los transportistas, sin ellos podr\u00eda colapsarse el pa\u00eds\u201d"},"content":{"rendered":"<p>[et_pb_section fb_built=&#8221;1&#8243; admin_label=&#8221;section&#8221; _builder_version=&#8221;3.22&#8243;][et_pb_row column_structure=&#8221;2_3,1_3&#8243; admin_label=&#8221;row&#8221; _builder_version=&#8221;3.25&#8243; background_size=&#8221;initial&#8221; background_position=&#8221;top_left&#8221; background_repeat=&#8221;repeat&#8221;][et_pb_column type=&#8221;2_3&#8243; _builder_version=&#8221;3.25&#8243; custom_padding=&#8221;|||&#8221; custom_padding__hover=&#8221;|||&#8221;][et_pb_text admin_label=&#8221;Texto&#8221; _builder_version=&#8221;4.7.7&#8243; background_size=&#8221;initial&#8221; background_position=&#8221;top_left&#8221; background_repeat=&#8221;repeat&#8221; text_orientation=&#8221;justified&#8221; hover_enabled=&#8221;0&#8243; use_border_color=&#8221;off&#8221; border_color=&#8221;#ffffff&#8221; border_style=&#8221;solid&#8221; sticky_enabled=&#8221;0&#8243;]<\/p>\n<p style=\"text-align: left;\">La ministra de Transportes, Movilidad y Agenda Urbana, Raquel S\u00e1nchez, ha hecho hoy sus primeras declaraciones sobre el paro patronal que el Comit\u00e9 Nacional de<br \/>Transporte por Carretera (CNTC), del que forma parte la CETM, anunci\u00f3 ayer.<\/p>\n<p style=\"text-align: left;\">Lejos de buscar un acercamiento con el sector, la ministra, que desde que tom\u00f3 posesi\u00f3n en el cargo no se ha reunido con el CNTC, <strong>echa balones fuera<\/strong> asegurando<br \/>que la mayor\u00eda de las reivindicaciones exceden de sus competencias.<\/p>\n<p style=\"text-align: left;\">Se\u00f1ora ministra, le recordamos que el Ministerio de Transportes<span style=\"text-decoration: underline;\"><a href=\"https:\/\/www.cetm.es\/add\/BancoDeDocumentos\/noticias\/carta_cntc.pdf\" target=\"_blank\" rel=\"noopener noreferrer\"><strong> se comprometi\u00f3 en julio de 2020 a llevar a cabo una serie de medidas<\/strong><\/a> <\/span>para garantizar la supervivencia del sector, un acuerdo que cuenta con la firma del entonces secretario de Estado de Transportes, Pedro Saura.<\/p>\n<p style=\"text-align: left;\">En dicho documento <strong>se compromet\u00edan a no instaurar el pago por uso de las autov\u00edas<\/strong> sin contar con el consenso del sector. Sin embargo, la medida ya se contempla en el plan que el Gobierno env\u00edo a Bruselas y no dejan de llegar, d\u00eda s\u00ed y d\u00eda tambi\u00e9n, noticias sobre c\u00f3mo se llevar\u00e1 a cabo, por lo que todo parece indicar que nos obligar\u00e1n a pagar por <strong>algo que ya hemos costeado.<\/strong> El transporte aporta a las Arcas del Estado 19.000 millones de euros anuales a trav\u00e9s de los impuestos a los combustibles, m\u00e1s que suficiente para hacer frente al mantenimiento de las carreteras.<\/p>\n<p style=\"text-align: left;\">Tampoco hemos tenido noticias de la <strong>devoluci\u00f3n de 200 millones de euros<\/strong> del importe pendiente a devolver del c\u00e9ntimo sanitario. Se comprometieron a hacerlo antes de finales de 2020. Otro de los puntos que refleja el acuerdo, firmado por el MITMA recordemos, es <strong>no proceder a aumentar las masas y dimensiones m\u00e1ximas permitidas.<\/strong> Las presiones para ceder y complacer a los grandes cargadores tampoco dejan de sucederse.<\/p>\n<p style=\"text-align: left;\">Sobre la problem\u00e1tica de la carga y la descarga, el papel del MITMA es <span style=\"text-decoration: underline;\"><strong>fundamental<\/strong><\/span>, porque <strong>debe clarificarse el marco normativo<\/strong> para prohibir que los conductores por norma general realicen estas labores. Sin ir m\u00e1s lejos, recientemente nuestro pa\u00eds vecino, Portugal, ha regulado este aspecto y ha prohibido que los conductores realicen estas labores en su territorio.<strong> \u00bfNo es esto tampoco competencia del Ministerio que lleva el nombre de Transportes? <\/strong><\/p>\n<p style=\"text-align: left;\">Ante el incremento acumulado de m\u00e1s de un 40% del precio de los combustibles en el \u00faltimo a\u00f1o, es necesario que se establezca en la Ley del Contrato de Transporte<br \/>una cl\u00e1usula de revisi\u00f3n obligatoria del precio del gas\u00f3leo, para que los cargadores dejen de presionar sobre las tarifas del transporte.<\/p>\n<p style=\"text-align: left;\">Adem\u00e1s, nuestros conductores, que recorren las carreteras para lograr el abastecimiento de la poblaci\u00f3n y para ello permanecen en muchas ocasiones lejos de sus casas, <strong>no encuentran \u00e1reas de descaso seguras y vigiladas.<\/strong> Las que existen son insuficientes y muchas carecen de servicios primordiales para el bienestar de los conductores y no cuentan con la seguridad necesaria para que al d\u00eda siguiente no se encuentren con los remolques rajados y la falta de mercanc\u00edas.<\/p>\n<p style=\"text-align: left;\">Por tanto, despu\u00e9s de haber superado la etapa m\u00e1s cr\u00edtica de la crisis sanitaria, en la que <strong>la labor del sector de transportes ha sido esencial<\/strong>, es de esperar que el Ministerio demuestre con hechos que se preocupa por nosotros y responda a los compromisos que adquiri\u00f3 con el CNTC. Reclamaciones que adem\u00e1s no vienen de<br \/>ahora, sino que durante a\u00f1os las organizaciones del sector han reclamado por activa y por pasiva, sufriendo el abandono del MITMA que ha llevado a esta convocatoria.<\/p>\n<p style=\"text-align: left;\">Por tanto, se\u00f1ora ministra, nos parece ejemplar que considere que \u201cconseguiremos salir de esta crisis\u201d, pero no olvide que para ello hace falta que <strong>tomen en serio a <\/strong><br \/><strong>los transportistas y ofrezcan soluciones<\/strong>, porque de lo contrario podr\u00edamos ver como se colapsa el pa\u00eds.<\/p>\n<p>[\/et_pb_text][et_pb_image src=&#8221;https:\/\/cetm-madrid.es\/web\/wp-content\/uploads\/2021\/11\/infografia_paropatronal.png&#8221; title_text=&#8221;infografia_paropatronal&#8221; _builder_version=&#8221;4.7.7&#8243; _module_preset=&#8221;default&#8221;][\/et_pb_image][\/et_pb_column][et_pb_column type=&#8221;1_3&#8243; _builder_version=&#8221;3.25&#8243; custom_padding=&#8221;|||&#8221; custom_padding__hover=&#8221;|||&#8221;][\/et_pb_column][\/et_pb_row][\/et_pb_section]<\/p>\n","protected":false},"excerpt":{"rendered":"<p>La ministra de Transportes, Movilidad y Agenda Urbana, Raquel S\u00e1nchez, ha hecho hoy sus primeras declaraciones sobre el paro patronal que el Comit\u00e9 Nacional deTransporte por Carretera (CNTC), del que forma parte la CETM, anunci\u00f3 ayer. Lejos de buscar un acercamiento con el sector, la ministra, que desde que tom\u00f3 posesi\u00f3n en el cargo no [&hellip;]<\/p>\n","protected":false},"author":1,"featured_media":5300,"comment_status":"closed","ping_status":"open","sticky":false,"template":"","format":"standard","meta":{"_et_pb_use_builder":"on","_et_pb_old_content":"","_et_gb_content_width":"","footnotes":""},"categories":[5,4],"tags":[],"class_list":["post-9462","post","type-post","status-publish","format-standard","has-post-thumbnail","hentry","category-general","category-organizacion"],"_links":{"self":[{"href":"https:\/\/cetm-madrid.es\/web\/wp-json\/wp\/v2\/posts\/9462","targetHints":{"allow":["GET"]}}],"collection":[{"href":"https:\/\/cetm-madrid.es\/web\/wp-json\/wp\/v2\/posts"}],"about":[{"href":"https:\/\/cetm-madrid.es\/web\/wp-json\/wp\/v2\/types\/post"}],"author":[{"embeddable":true,"href":"https:\/\/cetm-madrid.es\/web\/wp-json\/wp\/v2\/users\/1"}],"replies":[{"embeddable":true,"href":"https:\/\/cetm-madrid.es\/web\/wp-json\/wp\/v2\/comments?post=9462"}],"version-history":[{"count":6,"href":"https:\/\/cetm-madrid.es\/web\/wp-json\/wp\/v2\/posts\/9462\/revisions"}],"predecessor-version":[{"id":9474,"href":"https:\/\/cetm-madrid.es\/web\/wp-json\/wp\/v2\/posts\/9462\/revisions\/9474"}],"wp:featuredmedia":[{"embeddable":true,"href":"https:\/\/cetm-madrid.es\/web\/wp-json\/wp\/v2\/media\/5300"}],"wp:attachment":[{"href":"https:\/\/cetm-madrid.es\/web\/wp-json\/wp\/v2\/media?parent=9462"}],"wp:term":[{"taxonomy":"category","embeddable":true,"href":"https:\/\/cetm-madrid.es\/web\/wp-json\/wp\/v2\/categories?post=9462"},{"taxonomy":"post_tag","embeddable":true,"href":"https:\/\/cetm-madrid.es\/web\/wp-json\/wp\/v2\/tags?post=9462"}],"curies":[{"name":"wp","href":"https:\/\/api.w.org\/{rel}","templated":true}]}}