{"id":9447,"date":"2021-11-08T08:28:25","date_gmt":"2021-11-08T08:28:25","guid":{"rendered":"https:\/\/cetm-madrid.es\/web\/?p=9447"},"modified":"2021-11-08T08:28:29","modified_gmt":"2021-11-08T08:28:29","slug":"el-comite-madrileno-de-transporte-por-carretera-denuncia-la-falta-de-informacion-previa-sobre-los-cortes-de-trafico-realizados-los-pasados-29-30-y-31-de-octubre-con-motivo-del-festival-internaciona","status":"publish","type":"post","link":"https:\/\/cetm-madrid.es\/web\/el-comite-madrileno-de-transporte-por-carretera-denuncia-la-falta-de-informacion-previa-sobre-los-cortes-de-trafico-realizados-los-pasados-29-30-y-31-de-octubre-con-motivo-del-festival-internaciona\/","title":{"rendered":"El Comit\u00e9 Madrile\u00f1o de Transporte por Carretera denuncia la falta de  informaci\u00f3n previa sobre los cortes de tr\u00e1fico realizados los pasados 29,  30 y 31 de octubre con motivo del Festival Internacional de la Luz"},"content":{"rendered":"<p>[et_pb_section fb_built=&#8221;1&#8243; admin_label=&#8221;section&#8221; _builder_version=&#8221;3.22&#8243;][et_pb_row admin_label=&#8221;row&#8221; _builder_version=&#8221;3.25&#8243; background_size=&#8221;initial&#8221; background_position=&#8221;top_left&#8221; background_repeat=&#8221;repeat&#8221; column_structure=&#8221;2_3,1_3&#8243;][et_pb_column type=&#8221;2_3&#8243; _builder_version=&#8221;3.25&#8243; custom_padding=&#8221;|||&#8221; custom_padding__hover=&#8221;|||&#8221;][et_pb_text admin_label=&#8221;Texto&#8221; _builder_version=&#8221;4.7.7&#8243; background_size=&#8221;initial&#8221; background_position=&#8221;top_left&#8221; background_repeat=&#8221;repeat&#8221; text_orientation=&#8221;justified&#8221; hover_enabled=&#8221;0&#8243; use_border_color=&#8221;off&#8221; border_color=&#8221;#ffffff&#8221; border_style=&#8221;solid&#8221; sticky_enabled=&#8221;0&#8243;]<\/p>\n<p style=\"text-align: center;\"><strong>Reclama una l\u00ednea de colaboraci\u00f3n urgente para que no vuelva a ocurrir este tipo de situaciones en el futuro<\/strong><\/p>\n<p>El Comit\u00e9 Madrile\u00f1o de Transporte por Carretera (CMTC), que representa a todo el sector de transporte p\u00fablico madrile\u00f1o, ha trasladado por carta al Alcalde de Madrid, D. <br \/>Jos\u00e9 Luis Mart\u00ednez Almeida, su queja y malestar ante la falta de consideraci\u00f3n del actual equipo municipal con esta entidad y con los transportistas tanto de viajeros como de mercanc\u00edas por la falta de informaci\u00f3n y consulta previa sobre los cortes de tr\u00e1fico realizados con ocasi\u00f3n de la celebraci\u00f3n del Festival Internacional de luz Madrid, los <br \/>d\u00edas 29, 30 y 31 de octubre desde las 19.00h a las 02:00h\u00a0<\/p>\n<p>Los transportistas madrile\u00f1os, esto es, servicios discrecionales y tur\u00edsticos de viajeros en autob\u00fas, taxi y alquiler con conductor, as\u00ed como servicios de agencias de viaje <br \/>adem\u00e1s de distribuci\u00f3n de mercanc\u00edas, vieron directamente afectada toda la actividad que deb\u00eda transcurrir por la zona centro de Madrid durante los cortes de tr\u00e1fico, sin <br \/>disponer de una informaci\u00f3n previa de los mismos. Consecuentemente tuvieron que suspenderse de manera sorpresiva traslados, viajes tur\u00edsticos programados, servicios <br \/>de transporte y reparto con una p\u00e9rdida considerable de tiempo y dinero tanto para el ciudadano que vio alterados sus planes y previsiones, como para las empresas <br \/>afectadas que se vieron obligadas a cancelar sus servicios con el consecuente perjuicio econ\u00f3mico y de imagen, afrontando, adem\u00e1s, la devoluci\u00f3n de todos servicios que no se pudieron prestar y la p\u00e9rdida de todos los gastos asociados, en un momento cr\u00edtico para el sector despu\u00e9s de m\u00e1s de 18 meses de pandemia y de casi total\u00a0 paralizaci\u00f3n sin la m\u00e1s m\u00ednima ayuda significativa del Ayuntamiento.<\/p>\n<p>El CMTC cree que la actuaci\u00f3n del ejecutivo de Almeida vuelve a ignorar a las instituciones representativas del sector y lo que es una gesti\u00f3n cooperativa y participativa por lo que<strong> reclama una l\u00ednea de colaboraci\u00f3n urgente para que no vuelva a ocurrir este tipo de situaciones en el futuro<\/strong> y ser informado y consultado previamente a este tipo de cortes para, a su vez, poder avisar al sector y de esta forma puedan planificar sus servicios adapt\u00e1ndose a las restricciones previstas<\/p>\n<p>[\/et_pb_text][\/et_pb_column][et_pb_column type=&#8221;1_3&#8243; _builder_version=&#8221;3.25&#8243; custom_padding=&#8221;|||&#8221; custom_padding__hover=&#8221;|||&#8221;][et_pb_image src=&#8221;https:\/\/cetm-madrid.es\/web\/wp-content\/uploads\/2021\/11\/Captura.jpg&#8221; align_tablet=&#8221;center&#8221; align_last_edited=&#8221;on|desktop&#8221; admin_label=&#8221;Imagen&#8221; _builder_version=&#8221;4.7.7&#8243; animation_style=&#8221;slide&#8221; animation_direction=&#8221;left&#8221; animation_duration=&#8221;500ms&#8221; animation_intensity_slide=&#8221;10%&#8221; hover_enabled=&#8221;0&#8243; use_border_color=&#8221;off&#8221; border_color=&#8221;#ffffff&#8221; border_style=&#8221;solid&#8221; animation=&#8221;left&#8221; sticky=&#8221;off&#8221; always_center_on_mobile=&#8221;on&#8221; title_text=&#8221;Captura&#8221; sticky_enabled=&#8221;0&#8243;][\/et_pb_image][\/et_pb_column][\/et_pb_row][\/et_pb_section]<\/p>\n","protected":false},"excerpt":{"rendered":"<p>Reclama una l\u00ednea de colaboraci\u00f3n urgente para que no vuelva a ocurrir este tipo de situaciones en el futuro El Comit\u00e9 Madrile\u00f1o de Transporte por Carretera (CMTC), que representa a todo el sector de transporte p\u00fablico madrile\u00f1o, ha trasladado por carta al Alcalde de Madrid, D. Jos\u00e9 Luis Mart\u00ednez Almeida, su queja y malestar ante [&hellip;]<\/p>\n","protected":false},"author":1,"featured_media":9451,"comment_status":"closed","ping_status":"open","sticky":false,"template":"","format":"standard","meta":{"_et_pb_use_builder":"on","_et_pb_old_content":"","_et_gb_content_width":"","footnotes":""},"categories":[5,4],"tags":[],"class_list":["post-9447","post","type-post","status-publish","format-standard","has-post-thumbnail","hentry","category-general","category-organizacion"],"_links":{"self":[{"href":"https:\/\/cetm-madrid.es\/web\/wp-json\/wp\/v2\/posts\/9447","targetHints":{"allow":["GET"]}}],"collection":[{"href":"https:\/\/cetm-madrid.es\/web\/wp-json\/wp\/v2\/posts"}],"about":[{"href":"https:\/\/cetm-madrid.es\/web\/wp-json\/wp\/v2\/types\/post"}],"author":[{"embeddable":true,"href":"https:\/\/cetm-madrid.es\/web\/wp-json\/wp\/v2\/users\/1"}],"replies":[{"embeddable":true,"href":"https:\/\/cetm-madrid.es\/web\/wp-json\/wp\/v2\/comments?post=9447"}],"version-history":[{"count":2,"href":"https:\/\/cetm-madrid.es\/web\/wp-json\/wp\/v2\/posts\/9447\/revisions"}],"predecessor-version":[{"id":9452,"href":"https:\/\/cetm-madrid.es\/web\/wp-json\/wp\/v2\/posts\/9447\/revisions\/9452"}],"wp:featuredmedia":[{"embeddable":true,"href":"https:\/\/cetm-madrid.es\/web\/wp-json\/wp\/v2\/media\/9451"}],"wp:attachment":[{"href":"https:\/\/cetm-madrid.es\/web\/wp-json\/wp\/v2\/media?parent=9447"}],"wp:term":[{"taxonomy":"category","embeddable":true,"href":"https:\/\/cetm-madrid.es\/web\/wp-json\/wp\/v2\/categories?post=9447"},{"taxonomy":"post_tag","embeddable":true,"href":"https:\/\/cetm-madrid.es\/web\/wp-json\/wp\/v2\/tags?post=9447"}],"curies":[{"name":"wp","href":"https:\/\/api.w.org\/{rel}","templated":true}]}}