{"id":9441,"date":"2021-11-05T15:56:39","date_gmt":"2021-11-05T15:56:39","guid":{"rendered":"https:\/\/cetm-madrid.es\/web\/?p=9441"},"modified":"2021-11-05T15:56:42","modified_gmt":"2021-11-05T15:56:42","slug":"la-iru-pide-a-los-gobiernos-que-aborden-urgentemente-la-crisis-de-la-cadena-de-suministro","status":"publish","type":"post","link":"https:\/\/cetm-madrid.es\/web\/la-iru-pide-a-los-gobiernos-que-aborden-urgentemente-la-crisis-de-la-cadena-de-suministro\/","title":{"rendered":"La IRU pide a los gobiernos que aborden urgentemente la crisis de la cadena de suministro"},"content":{"rendered":"<p>[et_pb_section fb_built=&#8221;1&#8243; admin_label=&#8221;section&#8221; _builder_version=&#8221;3.22&#8243;][et_pb_row column_structure=&#8221;2_3,1_3&#8243; admin_label=&#8221;row&#8221; _builder_version=&#8221;3.25&#8243; background_size=&#8221;initial&#8221; background_position=&#8221;top_left&#8221; background_repeat=&#8221;repeat&#8221;][et_pb_column type=&#8221;2_3&#8243; _builder_version=&#8221;3.25&#8243; custom_padding=&#8221;|||&#8221; custom_padding__hover=&#8221;|||&#8221;][et_pb_text admin_label=&#8221;Texto&#8221; _builder_version=&#8221;4.7.7&#8243; background_size=&#8221;initial&#8221; background_position=&#8221;top_left&#8221; background_repeat=&#8221;repeat&#8221; text_orientation=&#8221;justified&#8221; hover_enabled=&#8221;0&#8243; use_border_color=&#8221;off&#8221; border_color=&#8221;#ffffff&#8221; border_style=&#8221;solid&#8221; sticky_enabled=&#8221;0&#8243;]<\/p>\n<p>El Consejo de Transporte de Mercanc\u00edas de la Organizaci\u00f3n Internacional del Transporte (IRU), de la que forma parte la CETM, reclama la actuaci\u00f3n de los Gobiernos para solucionar la crisis de la cadena de suministro.<\/p>\n<p>La Organizaci\u00f3n, que representa a m\u00e1s de 3.5 millones de empresas de transporte y log\u00edstica, considera que los Gobiernos deben actuar con urgencia puesto que <strong>nos <\/strong><br \/><strong>encontramos ante \u201cuna crisis sin precedentes\u201d<\/strong> y el aumento dram\u00e1tico de la demanda, las restricciones del Covid-19, la escasez de conductores y el aumento de los precios de los combustibles, est\u00e1n creando \u201cuna tormenta perfecta\u201d.\u00a0<\/p>\n<p>Desde el inicio de la pandemia, la industria del transporte por carretera <strong>se ha visto fuertemente afectada por p\u00e9rdidas econ\u00f3micas<\/strong>, que se espera que alcancen 1 bill\u00f3n de d\u00f3lares este a\u00f1o. Ante este panorama, las empresas del sector, columna vertebral de las cadenas de suministro, <strong>necesitan m\u00e1s apoyo financiero<\/strong> para evitar su quiebra y estabilizar el sistema de transporte en su conjunto.\u00a0<\/p>\n<p>Por ello, el Consejo de Transporte de Mercanc\u00edas de la IRU plantea las siguientes medidas:<\/p>\n<p>\u2022 <strong>Restaurar los flujos comerciales con digitalizaci\u00f3n del transporte por carretera:<\/strong> los Gobiernos deben acelerar el uso y la implementaci\u00f3n de la Convenci\u00f3n CMR de las Naciones Unidas y el Protocolo e-CMR, que no requieren controles f\u00edsicos y, por tanto, reducen el contacto entre personas en las fronteras.<\/p>\n<p>\u2022 <strong>Abandonar las equivocadas gu\u00edas de restricciones del Covid-19:<\/strong> la IRU y otras organizaciones ya advirtieron a la Asamblea General de la ONU sobre un colapso del sistema de transporte global. Los Gobiernos deben abandonarlos controles fronterizos y las restricciones a la conducci\u00f3n que son innecesarios, con el fin de restablecer la libertad de movimiento de los trabajadores del sector, que son esenciales y deben tener prioridad a la hora de recibir las vacunas reconocidas por la OMS.<\/p>\n<p>\u2022 <strong>Luchar contra la escasez cr\u00f3nica de conductores:<\/strong> A nivel mundial, el 24% de los puestos de conductor siguen sin cubrir. Los Gobiernos deben implementar los 18 a\u00f1os como la edad m\u00ednima para convertirse en conductor profesional, facilitar la formaci\u00f3n, los procesos de visado del conductor y la atracci\u00f3n de mujeres a la profesi\u00f3n.<\/p>\n<p>\u2022 <strong>Nivelar los altos precios del combustible:<\/strong> El precio del barril del petr\u00f3leo, el gas natural y el AdBlue se han duplicado al menos durante las \u00faltimas semanas, lo que ha supuesto una carga financiera sustancial para las empresas de transporte por carretera y ha tenido un impacto directo en los clientes y los productos. Al operar con m\u00e1rgenes bajos, las empresas de transporte se ver\u00e1n obligadas en \u00faltima instancia a dejar de prestar servicios a los clientes. Los gobiernos deben nivelar los precios del combustible congelando o ajustando los impuestos y cargas correspondientes. Las reservas nacionales de combustible de di\u00e9sel deben liberarse cuando sea necesario.<\/p>\n<p>Desde la CETM apoyamos las medidas que plantea la IRU puesto que, de no abordarse la crisis que sufre la cadena de suministro, <strong>la recuperaci\u00f3n econ\u00f3mica mundial estar\u00e1 en peligro.<\/strong> Es necesaria una acci\u00f3n inmediata por parte de los Gobiernos para garantizar el suministro y garantizar la supervivencia de un sector que es\u00a0 imprescindible.<\/p>\n<p>[\/et_pb_text][\/et_pb_column][et_pb_column type=&#8221;1_3&#8243; _builder_version=&#8221;3.25&#8243; custom_padding=&#8221;|||&#8221; custom_padding__hover=&#8221;|||&#8221;][et_pb_image src=&#8221;https:\/\/cetm-madrid.es\/web\/wp-content\/uploads\/2020\/06\/Captura-1.jpg&#8221; align_tablet=&#8221;center&#8221; align_phone=&#8221;&#8221; align_last_edited=&#8221;on|desktop&#8221; admin_label=&#8221;Imagen&#8221; _builder_version=&#8221;4.7.7&#8243; animation_style=&#8221;slide&#8221; animation_direction=&#8221;left&#8221; animation_duration=&#8221;500ms&#8221; animation_intensity_slide=&#8221;10%&#8221; hover_enabled=&#8221;0&#8243; use_border_color=&#8221;off&#8221; border_color=&#8221;#ffffff&#8221; border_style=&#8221;solid&#8221; animation=&#8221;left&#8221; sticky=&#8221;off&#8221; always_center_on_mobile=&#8221;on&#8221; title_text=&#8221;Captura&#8221; sticky_enabled=&#8221;0&#8243;][\/et_pb_image][\/et_pb_column][\/et_pb_row][\/et_pb_section]<\/p>\n","protected":false},"excerpt":{"rendered":"<p>El Consejo de Transporte de Mercanc\u00edas de la Organizaci\u00f3n Internacional del Transporte (IRU), de la que forma parte la CETM, reclama la actuaci\u00f3n de los Gobiernos para solucionar la crisis de la cadena de suministro. La Organizaci\u00f3n, que representa a m\u00e1s de 3.5 millones de empresas de transporte y log\u00edstica, considera que los Gobiernos deben [&hellip;]<\/p>\n","protected":false},"author":1,"featured_media":5450,"comment_status":"closed","ping_status":"open","sticky":false,"template":"","format":"standard","meta":{"_et_pb_use_builder":"on","_et_pb_old_content":"","_et_gb_content_width":"","footnotes":""},"categories":[5,4],"tags":[],"class_list":["post-9441","post","type-post","status-publish","format-standard","has-post-thumbnail","hentry","category-general","category-organizacion"],"_links":{"self":[{"href":"https:\/\/cetm-madrid.es\/web\/wp-json\/wp\/v2\/posts\/9441","targetHints":{"allow":["GET"]}}],"collection":[{"href":"https:\/\/cetm-madrid.es\/web\/wp-json\/wp\/v2\/posts"}],"about":[{"href":"https:\/\/cetm-madrid.es\/web\/wp-json\/wp\/v2\/types\/post"}],"author":[{"embeddable":true,"href":"https:\/\/cetm-madrid.es\/web\/wp-json\/wp\/v2\/users\/1"}],"replies":[{"embeddable":true,"href":"https:\/\/cetm-madrid.es\/web\/wp-json\/wp\/v2\/comments?post=9441"}],"version-history":[{"count":2,"href":"https:\/\/cetm-madrid.es\/web\/wp-json\/wp\/v2\/posts\/9441\/revisions"}],"predecessor-version":[{"id":9445,"href":"https:\/\/cetm-madrid.es\/web\/wp-json\/wp\/v2\/posts\/9441\/revisions\/9445"}],"wp:featuredmedia":[{"embeddable":true,"href":"https:\/\/cetm-madrid.es\/web\/wp-json\/wp\/v2\/media\/5450"}],"wp:attachment":[{"href":"https:\/\/cetm-madrid.es\/web\/wp-json\/wp\/v2\/media?parent=9441"}],"wp:term":[{"taxonomy":"category","embeddable":true,"href":"https:\/\/cetm-madrid.es\/web\/wp-json\/wp\/v2\/categories?post=9441"},{"taxonomy":"post_tag","embeddable":true,"href":"https:\/\/cetm-madrid.es\/web\/wp-json\/wp\/v2\/tags?post=9441"}],"curies":[{"name":"wp","href":"https:\/\/api.w.org\/{rel}","templated":true}]}}