{"id":9428,"date":"2021-11-05T15:42:37","date_gmt":"2021-11-05T15:42:37","guid":{"rendered":"https:\/\/cetm-madrid.es\/web\/?p=9428"},"modified":"2021-11-05T15:47:33","modified_gmt":"2021-11-05T15:47:33","slug":"asetra-y-transporte-profesional-celebran-el-vii-foro-de-transporte-multimodal-el-proximo-18-de-noviembre","status":"publish","type":"post","link":"https:\/\/cetm-madrid.es\/web\/asetra-y-transporte-profesional-celebran-el-vii-foro-de-transporte-multimodal-el-proximo-18-de-noviembre\/","title":{"rendered":"ASETRA y Transporte Profesional celebran el VII Foro de Transporte Multimodal el pr\u00f3ximo 18 de noviembre"},"content":{"rendered":"<p>[et_pb_section fb_built=&#8221;1&#8243; admin_label=&#8221;section&#8221; _builder_version=&#8221;3.22&#8243;][et_pb_row column_structure=&#8221;2_3,1_3&#8243; admin_label=&#8221;row&#8221; _builder_version=&#8221;3.25&#8243; background_size=&#8221;initial&#8221; background_position=&#8221;top_left&#8221; background_repeat=&#8221;repeat&#8221;][et_pb_column type=&#8221;2_3&#8243; _builder_version=&#8221;3.25&#8243; custom_padding=&#8221;|||&#8221; custom_padding__hover=&#8221;|||&#8221;][et_pb_text admin_label=&#8221;Texto&#8221; _builder_version=&#8221;4.7.7&#8243; background_size=&#8221;initial&#8221; background_position=&#8221;top_left&#8221; background_repeat=&#8221;repeat&#8221; text_orientation=&#8221;justified&#8221; use_border_color=&#8221;off&#8221; border_color=&#8221;#ffffff&#8221; border_style=&#8221;solid&#8221;]<\/p>\n<p>El VII Foro de Transporte Multimodal, organizado por la asociaci\u00f3n de la CETM en Asturias, ASETRA, con la colaboraci\u00f3n de la revista Transporte Profesional, se celebrar\u00e1 el pr\u00f3ximo jueves<strong> 18 de noviembre en el Recinto Ferial Luis Adaro FIDMA de Gij\u00f3n<\/strong> (Asturias).<\/p>\n<p>La jornada contar\u00e1 con <strong>ponentes de alto nivel<\/strong>, todos ellos representantes destacados del sector, as\u00ed como representantes de <strong>prestigiosas entidades y empresas log\u00edsticas<\/strong> tanto a nivel regional como nacional. Asimismo, el viceconsejero de Infraestructuras, Movilidad y Territorio del Principado de Asturias, Jorge Garc\u00eda L\u00f3pez, <strong>estar\u00e1 presente en la clausura.<\/strong><\/p>\n<p>La s\u00e9ptima edici\u00f3n del evento tambi\u00e9n contar\u00e1 con<strong> una amplia exposici\u00f3n<\/strong> de productos, equipamientos y servicios relacionados con el sector y ser\u00e1 una oportunidad para conocer nuevos veh\u00edculos, productos y avances tecnol\u00f3gicos.<\/p>\n<p>La jornada comenzar\u00e1 con una ponencia Espa\u00f1a a cargo de <strong>Juan Castellet<\/strong>, presidente de CETM Multimodal en la que se tratar\u00e1 la revitalizaci\u00f3n del transporte ferroviario en Espa\u00f1a. Despu\u00e9s habr\u00e1 una mesa redonda, moderada por <strong>Ram\u00f3n V\u00e1zquez<\/strong>, vicepresidente de CETM Multimodal, en la que se analizar\u00e1 el contenido del Pacto Verde Europeo con la participaci\u00f3n de <strong>Pilar Tejo<\/strong>, directora t\u00e9cnica de SPC Spain, <strong>Juli\u00e1n Mata<\/strong>, gerente de Intermodal de Renfe Mercanc\u00edas, y <strong>Borja de Torres<\/strong>, presidente de ACOTRAL.<\/p>\n<p>A continuaci\u00f3n, <strong>Beatriz Belinch\u00f3n<\/strong>, miembro del departamento de Relaciones UE y Normativa de la CETM, expondr\u00e1 las nuevas formalidades aduaneras y de paso de<br \/>fronteras de las mercanc\u00edas y los veh\u00edculos hacia Gran Breta\u00f1a una vez consolidado el Brexit.<\/p>\n<p>La tercera ponencia correr\u00e1 a cargo de <strong>Jos\u00e9 Mar\u00eda Quijano<\/strong>, secretario general de la CETM, que tratar\u00e1 de identificar las oportunidades de colaboraci\u00f3n de la carretera con los distintos modos de transporte a ra\u00edz de la aplicaci\u00f3n de la nueva normativa europea. Por \u00faltimo, <strong>Carmelo Gonz\u00e1lez<\/strong>, presidente de CONETRANS y del CNTC,\u00a0 examinar\u00e1 las medidas que contiene el Plan de Impulso a la Sostenibilidad del Transporte. Para finalizar, <strong>la jornada concluir\u00e1 con una comida de trabajo.<\/strong><\/p>\n<p>Desde la CETM os invitamos a asistir a la celebraci\u00f3n de este evento cuya <strong>asistencia es totalmente gratuita<\/strong> y que congregar\u00e1 a empresarios del sector y servir\u00e1 para poner de manifiesto el papel que juega el transporte multimodal.<\/p>\n<p>Debido a la limitaci\u00f3n de aforo, es un requisito imprescindible <strong>enviar la ficha de inscripci\u00f3n<\/strong> a <span style=\"text-decoration: underline;\">asetra@asetra.es<\/span>. Tambi\u00e9n pueden ponerse en contacto llamando a las<br \/>oficinas de Asetra en los tel\u00e9fonos 985 118 004 y 985 175 052.<\/p>\n<p>Cabe destacar que en la web de Asetra se podr\u00e1 encontrar toda la informaci\u00f3n actualizada sobre el evento: <a href=\"https:\/\/www.asetra.es\/\" target=\"_blank\" rel=\"noopener noreferrer\">wwww.asetra.es<\/a><\/p>\n<p>[\/et_pb_text][\/et_pb_column][et_pb_column type=&#8221;1_3&#8243; _builder_version=&#8221;3.25&#8243; custom_padding=&#8221;|||&#8221; custom_padding__hover=&#8221;|||&#8221;][et_pb_button button_url=&#8221;https:\/\/cetm-madrid.es\/web\/wp-content\/uploads\/2021\/11\/FICHA-INSCRIPCION-VII-FORO-TRANSPORTE-MULTIMODAL.pdf&#8221; button_text=&#8221;FICHA INSCRIPCI\u00d3N&#8221; _builder_version=&#8221;4.7.7&#8243; _module_preset=&#8221;default&#8221; hover_enabled=&#8221;0&#8243; sticky_enabled=&#8221;0&#8243;][\/et_pb_button][et_pb_button button_url=&#8221;https:\/\/cetm-madrid.es\/web\/wp-content\/uploads\/2021\/11\/PROGRAMA-PROVISIONAL-VII-FORO-TRANSPORTE-MULTIMODAL.pdf&#8221; button_text=&#8221;PROGRAMA&#8221; _builder_version=&#8221;4.7.7&#8243; _module_preset=&#8221;default&#8221;][\/et_pb_button][\/et_pb_column][\/et_pb_row][\/et_pb_section]<\/p>\n","protected":false},"excerpt":{"rendered":"<p>El VII Foro de Transporte Multimodal, organizado por la asociaci\u00f3n de la CETM en Asturias, ASETRA, con la colaboraci\u00f3n de la revista Transporte Profesional, se celebrar\u00e1 el pr\u00f3ximo jueves 18 de noviembre en el Recinto Ferial Luis Adaro FIDMA de Gij\u00f3n (Asturias). La jornada contar\u00e1 con ponentes de alto nivel, todos ellos representantes destacados del [&hellip;]<\/p>\n","protected":false},"author":1,"featured_media":9431,"comment_status":"closed","ping_status":"open","sticky":false,"template":"","format":"standard","meta":{"_et_pb_use_builder":"on","_et_pb_old_content":"","_et_gb_content_width":"","footnotes":""},"categories":[5,4],"tags":[],"class_list":["post-9428","post","type-post","status-publish","format-standard","has-post-thumbnail","hentry","category-general","category-organizacion"],"_links":{"self":[{"href":"https:\/\/cetm-madrid.es\/web\/wp-json\/wp\/v2\/posts\/9428","targetHints":{"allow":["GET"]}}],"collection":[{"href":"https:\/\/cetm-madrid.es\/web\/wp-json\/wp\/v2\/posts"}],"about":[{"href":"https:\/\/cetm-madrid.es\/web\/wp-json\/wp\/v2\/types\/post"}],"author":[{"embeddable":true,"href":"https:\/\/cetm-madrid.es\/web\/wp-json\/wp\/v2\/users\/1"}],"replies":[{"embeddable":true,"href":"https:\/\/cetm-madrid.es\/web\/wp-json\/wp\/v2\/comments?post=9428"}],"version-history":[{"count":4,"href":"https:\/\/cetm-madrid.es\/web\/wp-json\/wp\/v2\/posts\/9428\/revisions"}],"predecessor-version":[{"id":9439,"href":"https:\/\/cetm-madrid.es\/web\/wp-json\/wp\/v2\/posts\/9428\/revisions\/9439"}],"wp:featuredmedia":[{"embeddable":true,"href":"https:\/\/cetm-madrid.es\/web\/wp-json\/wp\/v2\/media\/9431"}],"wp:attachment":[{"href":"https:\/\/cetm-madrid.es\/web\/wp-json\/wp\/v2\/media?parent=9428"}],"wp:term":[{"taxonomy":"category","embeddable":true,"href":"https:\/\/cetm-madrid.es\/web\/wp-json\/wp\/v2\/categories?post=9428"},{"taxonomy":"post_tag","embeddable":true,"href":"https:\/\/cetm-madrid.es\/web\/wp-json\/wp\/v2\/tags?post=9428"}],"curies":[{"name":"wp","href":"https:\/\/api.w.org\/{rel}","templated":true}]}}