{"id":9400,"date":"2021-10-29T15:28:50","date_gmt":"2021-10-29T15:28:50","guid":{"rendered":"https:\/\/cetm-madrid.es\/web\/?p=9400"},"modified":"2021-10-29T15:28:55","modified_gmt":"2021-10-29T15:28:55","slug":"la-cetm-denuncia-el-abandono-que-sufre-el-transporte-de-mercancias-por-carretera","status":"publish","type":"post","link":"https:\/\/cetm-madrid.es\/web\/la-cetm-denuncia-el-abandono-que-sufre-el-transporte-de-mercancias-por-carretera\/","title":{"rendered":"La CETM denuncia el abandono que sufre el transporte de mercanc\u00edas por carretera"},"content":{"rendered":"<p>[et_pb_section fb_built=&#8221;1&#8243; admin_label=&#8221;section&#8221; _builder_version=&#8221;3.22&#8243;][et_pb_row admin_label=&#8221;row&#8221; _builder_version=&#8221;3.25&#8243; background_size=&#8221;initial&#8221; background_position=&#8221;top_left&#8221; background_repeat=&#8221;repeat&#8221; column_structure=&#8221;2_3,1_3&#8243;][et_pb_column type=&#8221;2_3&#8243; _builder_version=&#8221;3.25&#8243; custom_padding=&#8221;|||&#8221; custom_padding__hover=&#8221;|||&#8221;][et_pb_text admin_label=&#8221;Texto&#8221; _builder_version=&#8221;4.7.7&#8243; background_size=&#8221;initial&#8221; background_position=&#8221;top_left&#8221; background_repeat=&#8221;repeat&#8221; text_orientation=&#8221;justified&#8221; hover_enabled=&#8221;0&#8243; use_border_color=&#8221;off&#8221; border_color=&#8221;#ffffff&#8221; border_style=&#8221;solid&#8221; sticky_enabled=&#8221;0&#8243;]<\/p>\n<p>La llegada de la pandemia del COVID-19 permiti\u00f3 que la sociedad espa\u00f1ola conociera de primera mano la importante labor que desarrollan las empresas de transporte de mercanc\u00edas por carretera <strong>cuyo trabajo ha sido vital<\/strong> durante cada d\u00eda de esta crisis para asegurar el suministro de medicamentos, material sanitario y de protecci\u00f3n,\u00a0 productos de alimentaci\u00f3n y limpieza, etc., en definitiva, de todos aquellos productos de primera necesidad que, en caso de haber faltado, <strong>hubieran provocado un caos social irreversible y de dram\u00e1ticas consecuencias.<\/strong><\/p>\n<p>Lamentablemente, eran muchos los que ignoraban que esta labor la realizamos d\u00eda a d\u00eda en circunstancias normales,<strong> garantizando que todo llegue a tiempo y generando <\/strong><strong>empleo, riqueza y equilibrio a la econom\u00eda espa\u00f1ola<\/strong>, a pesar de que nunca hemos dispuesto del apoyo gubernamental que merecemos.<\/p>\n<p>El Comit\u00e9 Ejecutivo y la Junta Directiva de la Confederaci\u00f3n Espa\u00f1ola de Transporte de Mercanc\u00edas (CETM) se reunieron ayer para analizar <strong>la falta de respuesta del Ministerio de Transportes, Movilidad y Agenda Urbana<\/strong>, a las reiteradas propuestas econ\u00f3micas y estructurales que el sector viene reclamando para solucionar los problemas que sufre desde hace a\u00f1os y que se han visto acrecentados por los efectos de la pandemia.<\/p>\n<p>Tambi\u00e9n se analiz\u00f3 la <strong>mala actitud generalizada de nuestros clientes<\/strong> que no solo se empe\u00f1an en ignorar los brutales<strong> incrementos de costes<\/strong> que sufrimos y en dispensar un <strong>trato vejatorio<\/strong> a nuestros conductores, a los que obligan a largas horas de espera en instalaciones indignas y a cargarse y descargarse sus propios camiones, sino que tienen la poca verg\u00fcenza de<strong> aprovechar esta situaci\u00f3n de crisis<\/strong> para presionar por bajar, a\u00fan m\u00e1s, los precios que pagan por nuestros servicios.<\/p>\n<p>Todo esto pone de manifiesto, una vez m\u00e1s, que ni el Gobierno ni nuestros cargadores tienen en cuenta a las empresas de transporte de mercanc\u00edas, a pesar de que el <strong>85% de las mercanc\u00edas se mueven por carretera y de que el sector supone un 4.8% del PIB del pa\u00eds y crea 600.000 empleos directos.<\/strong><\/p>\n<p>En consecuencia, es en este contexto de <strong>m\u00e1xima dificultad<\/strong> para todo el tejido empresarial del transporte y ante la situaci\u00f3n de<strong> abandono<\/strong> que sufrimos por parte, tanto de la Administraci\u00f3n como de nuestros clientes, la CETM apuesta por abrir un debate sectorial con el fin de adoptar las medidas necesarias, <strong>sin descartar ninguna<\/strong>, para conseguir que se implementen<strong> de manera urgente<\/strong> las iniciativas correctoras que precisamos para seguir prestando nuestros servicios a una sociedad que nos necesita.<\/p>\n<p>[\/et_pb_text][\/et_pb_column][et_pb_column type=&#8221;1_3&#8243; _builder_version=&#8221;3.25&#8243; custom_padding=&#8221;|||&#8221; custom_padding__hover=&#8221;|||&#8221;][et_pb_image src=&#8221;https:\/\/cetm-madrid.es\/web\/wp-content\/uploads\/2020\/11\/Copia-de-Sin-t\u00edtulo.png&#8221; align_tablet=&#8221;center&#8221; align_last_edited=&#8221;on|desktop&#8221; admin_label=&#8221;Imagen&#8221; _builder_version=&#8221;4.7.7&#8243; animation_style=&#8221;slide&#8221; animation_direction=&#8221;left&#8221; animation_duration=&#8221;500ms&#8221; animation_intensity_slide=&#8221;10%&#8221; hover_enabled=&#8221;0&#8243; use_border_color=&#8221;off&#8221; border_color=&#8221;#ffffff&#8221; border_style=&#8221;solid&#8221; animation=&#8221;left&#8221; sticky=&#8221;off&#8221; always_center_on_mobile=&#8221;on&#8221; title_text=&#8221;Copia de Sin t\u00edtulo&#8221; sticky_enabled=&#8221;0&#8243;][\/et_pb_image][\/et_pb_column][\/et_pb_row][\/et_pb_section]<\/p>\n","protected":false},"excerpt":{"rendered":"<p>La llegada de la pandemia del COVID-19 permiti\u00f3 que la sociedad espa\u00f1ola conociera de primera mano la importante labor que desarrollan las empresas de transporte de mercanc\u00edas por carretera cuyo trabajo ha sido vital durante cada d\u00eda de esta crisis para asegurar el suministro de medicamentos, material sanitario y de protecci\u00f3n,\u00a0 productos de alimentaci\u00f3n y [&hellip;]<\/p>\n","protected":false},"author":1,"featured_media":6762,"comment_status":"closed","ping_status":"open","sticky":false,"template":"","format":"standard","meta":{"_et_pb_use_builder":"on","_et_pb_old_content":"","_et_gb_content_width":"","footnotes":""},"categories":[5,4],"tags":[],"class_list":["post-9400","post","type-post","status-publish","format-standard","has-post-thumbnail","hentry","category-general","category-organizacion"],"_links":{"self":[{"href":"https:\/\/cetm-madrid.es\/web\/wp-json\/wp\/v2\/posts\/9400","targetHints":{"allow":["GET"]}}],"collection":[{"href":"https:\/\/cetm-madrid.es\/web\/wp-json\/wp\/v2\/posts"}],"about":[{"href":"https:\/\/cetm-madrid.es\/web\/wp-json\/wp\/v2\/types\/post"}],"author":[{"embeddable":true,"href":"https:\/\/cetm-madrid.es\/web\/wp-json\/wp\/v2\/users\/1"}],"replies":[{"embeddable":true,"href":"https:\/\/cetm-madrid.es\/web\/wp-json\/wp\/v2\/comments?post=9400"}],"version-history":[{"count":2,"href":"https:\/\/cetm-madrid.es\/web\/wp-json\/wp\/v2\/posts\/9400\/revisions"}],"predecessor-version":[{"id":9403,"href":"https:\/\/cetm-madrid.es\/web\/wp-json\/wp\/v2\/posts\/9400\/revisions\/9403"}],"wp:featuredmedia":[{"embeddable":true,"href":"https:\/\/cetm-madrid.es\/web\/wp-json\/wp\/v2\/media\/6762"}],"wp:attachment":[{"href":"https:\/\/cetm-madrid.es\/web\/wp-json\/wp\/v2\/media?parent=9400"}],"wp:term":[{"taxonomy":"category","embeddable":true,"href":"https:\/\/cetm-madrid.es\/web\/wp-json\/wp\/v2\/categories?post=9400"},{"taxonomy":"post_tag","embeddable":true,"href":"https:\/\/cetm-madrid.es\/web\/wp-json\/wp\/v2\/tags?post=9400"}],"curies":[{"name":"wp","href":"https:\/\/api.w.org\/{rel}","templated":true}]}}