{"id":9245,"date":"2021-09-30T14:21:50","date_gmt":"2021-09-30T14:21:50","guid":{"rendered":"https:\/\/cetm-madrid.es\/web\/?p=9245"},"modified":"2021-09-30T14:21:54","modified_gmt":"2021-09-30T14:21:54","slug":"la-dgt-introduce-la-senalizacion-de-angulos-muertos-en-los-vehiculos-con-caracter-voluntario","status":"publish","type":"post","link":"https:\/\/cetm-madrid.es\/web\/la-dgt-introduce-la-senalizacion-de-angulos-muertos-en-los-vehiculos-con-caracter-voluntario\/","title":{"rendered":"La DGT introduce la se\u00f1alizaci\u00f3n de \u00e1ngulos muertos en los veh\u00edculos con car\u00e1cter voluntario"},"content":{"rendered":"<p>[et_pb_section fb_built=&#8221;1&#8243; admin_label=&#8221;section&#8221; _builder_version=&#8221;3.22&#8243;][et_pb_row admin_label=&#8221;row&#8221; _builder_version=&#8221;3.25&#8243; background_size=&#8221;initial&#8221; background_position=&#8221;top_left&#8221; background_repeat=&#8221;repeat&#8221; column_structure=&#8221;2_3,1_3&#8243;][et_pb_column type=&#8221;2_3&#8243; _builder_version=&#8221;3.25&#8243; custom_padding=&#8221;|||&#8221; custom_padding__hover=&#8221;|||&#8221;][et_pb_text admin_label=&#8221;Texto&#8221; _builder_version=&#8221;4.7.7&#8243; background_size=&#8221;initial&#8221; background_position=&#8221;top_left&#8221; background_repeat=&#8221;repeat&#8221; text_orientation=&#8221;justified&#8221; hover_enabled=&#8221;0&#8243; use_border_color=&#8221;off&#8221; border_color=&#8221;#ffffff&#8221; border_style=&#8221;solid&#8221; sticky_enabled=&#8221;0&#8243;]<\/p>\n<p>La Direcci\u00f3n General de Tr\u00e1fico (DGT) ha publicado la<a href=\"https:\/\/www.cetm.es\/add\/BancoDeDocumentos\/noticias\/instruccion_angulos_muertos.pdf\" target=\"_blank\" rel=\"noopener noreferrer\"> Instrucci\u00f3n VEH 21\/05<\/a> en la que insta a se\u00f1alar <strong>VOLUNTARIAMENTE<\/strong> los \u201c\u00e1ngulos muertos\u201d de los veh\u00edculos. <br \/>Tr\u00e1fico destaca en su escrito que el objetivo de esta medida es proteger a los usuarios m\u00e1s vulnerables y <strong>evitar situaciones de riesgo para reducir la siniestralidad.<\/strong><\/p>\n<p>[\/et_pb_text][et_pb_image _builder_version=&#8221;4.7.7&#8243; _module_preset=&#8221;default&#8221; title_text=&#8221;Captura 1&#8243; src=&#8221;https:\/\/cetm-madrid.es\/web\/wp-content\/uploads\/2021\/09\/Captura-1-2.jpg&#8221; hover_enabled=&#8221;0&#8243; sticky_enabled=&#8221;0&#8243;][\/et_pb_image][et_pb_text admin_label=&#8221;Texto&#8221; _builder_version=&#8221;4.7.7&#8243; background_size=&#8221;initial&#8221; background_position=&#8221;top_left&#8221; background_repeat=&#8221;repeat&#8221; text_orientation=&#8221;justified&#8221; hover_enabled=&#8221;0&#8243; use_border_color=&#8221;off&#8221; border_color=&#8221;#ffffff&#8221; border_style=&#8221;solid&#8221; sticky_enabled=&#8221;0&#8243;]<\/p>\n<p>Asimismo, la DGT afirma que est\u00e1 trabajando junto a empresas de reparto y Ayuntamientos para <strong>promover la instalaci\u00f3n de sistemas ADAS aftermarket<\/strong>, es decir,\u00a0 accesorios de ayuda a la conducci\u00f3n que mejoran la visibilidad de los conductores.<\/p>\n<p>Siguiendo el ejemplo de pa\u00edses como Francia, donde las pegatinas son obligatorias, o Alemania, donde se colocan de forma voluntaria, la DGT <strong>ha definido c\u00f3mo ser\u00e1<\/strong><br \/><strong> este adhesivo en nuestro pa\u00eds<\/strong> y su correcta disposici\u00f3n en los veh\u00edculos. Si bien, <strong>recalcamos que su uso de momento ser\u00e1 voluntario.<\/strong><\/p>\n<p>Esta se\u00f1al que alerta a los usuarios de la presencia de \u00e1ngulos muertos en los veh\u00edculos se puede colocar en:<\/p>\n<p>\u2022 Veh\u00edculos de transporte de viajeros de m\u00e1s de 9 plazas, incluido el conductor (M2 y M3)<\/p>\n<p>\u2022 <strong>Veh\u00edculos de transporte de mercanc\u00edas de las categor\u00edas N1, N2 y N3<\/strong><\/p>\n<p>\u2022 Veh\u00edculos de transporte de residuos en el \u00e1mbito urbano (N2 y N3)<\/p>\n<p>Sin embargo, <strong>el adhesivo NO debe utilizarse<\/strong> en:<\/p>\n<p>\u2022 Veh\u00edculos agr\u00edcolas y forestales<\/p>\n<p>\u2022 Veh\u00edculos de operaciones de viabilidad invernal<\/p>\n<p>\u2022 Veh\u00edculos de intervenci\u00f3n de los servicios de gesti\u00f3n y mantenimiento de carreteras<\/p>\n<p>\u2022 Veh\u00edculos a motor y veh\u00edculos remolcados en los que est\u00e9 demostrada la imposibilidad estructural para colocar marcas laterales o traseras<\/p>\n<p><span style=\"text-decoration: underline;\"><strong>Colocaci\u00f3n en los veh\u00edculos:<\/strong><\/span><br \/>\u2022 <span style=\"text-decoration: underline;\">Veh\u00edculos comerciales ligeros (N1):<\/span> Se colocar\u00e1n un total de<strong> tres se\u00f1ales por veh\u00edculo<\/strong>. Dos laterales, es decir, una a cada lado del veh\u00edculo, situadas en el primer metro desde la parte delantera del veh\u00edculo y una se\u00f1al posterior en el lado derecho de la parte trasera. Todas ellas siempre a una altura de entre 0.90 y 1.50 m del suelo.<\/p>\n<p>&nbsp;<\/p>\n<p>[\/et_pb_text][et_pb_image _builder_version=&#8221;4.7.7&#8243; _module_preset=&#8221;default&#8221; title_text=&#8221;Captura 2&#8243; src=&#8221;https:\/\/cetm-madrid.es\/web\/wp-content\/uploads\/2021\/09\/Captura-2-2.jpg&#8221; hover_enabled=&#8221;0&#8243; sticky_enabled=&#8221;0&#8243;][\/et_pb_image][et_pb_text admin_label=&#8221;Texto&#8221; _builder_version=&#8221;4.7.7&#8243; background_size=&#8221;initial&#8221; background_position=&#8221;top_left&#8221; background_repeat=&#8221;repeat&#8221; text_orientation=&#8221;justified&#8221; hover_enabled=&#8221;0&#8243; use_border_color=&#8221;off&#8221; border_color=&#8221;#ffffff&#8221; border_style=&#8221;solid&#8221; sticky_enabled=&#8221;0&#8243;]<\/p>\n<p>\u2022 <span style=\"text-decoration: underline;\">Camiones r\u00edgidos (N2 y N3):<\/span> Tambi\u00e9n se colorar\u00e1n <strong>tres se\u00f1ales por veh\u00edculo.<\/strong> Dos laterales, una a cada lado del veh\u00edculo, situadas en el primer metro desde la parte delantera del veh\u00edculo y una se\u00f1al posterior en el lado derecho de la parte trasera. Todas ellas siempre a una altura de entre 0.90 y 1.50 m del suelo.<\/p>\n<p>[\/et_pb_text][et_pb_image _builder_version=&#8221;4.7.7&#8243; _module_preset=&#8221;default&#8221; title_text=&#8221;Captura 3&#8243; src=&#8221;https:\/\/cetm-madrid.es\/web\/wp-content\/uploads\/2021\/09\/Captura-3-2.jpg&#8221; hover_enabled=&#8221;0&#8243; sticky_enabled=&#8221;0&#8243;][\/et_pb_image][et_pb_text admin_label=&#8221;Texto&#8221; _builder_version=&#8221;4.7.7&#8243; background_size=&#8221;initial&#8221; background_position=&#8221;top_left&#8221; background_repeat=&#8221;repeat&#8221; text_orientation=&#8221;justified&#8221; hover_enabled=&#8221;0&#8243; use_border_color=&#8221;off&#8221; border_color=&#8221;#ffffff&#8221; border_style=&#8221;solid&#8221; sticky_enabled=&#8221;0&#8243;]<\/p>\n<p>\u2022 <span style=\"text-decoration: underline;\">Tractocamiones con remolque.<\/span> <strong>En la tractora:<\/strong> dos se\u00f1ales en el primer metro desde la parte delantera, una a cada lado, a una altura de entre 0.90 y 1.50 m del suelo m\u00e1s una se\u00f1al en la parte trasera de la cabina. <strong>En el remolque:<\/strong> dos se\u00f1ales en el primer metro a partir del plato de enganche, una a cada lado, m\u00e1s una se\u00f1al en el lado\u00a0 derecho de la parte trasera, a una altura de entre 0.90 y 1.50 m del suelo.<\/p>\n<p>[\/et_pb_text][et_pb_image _builder_version=&#8221;4.7.7&#8243; _module_preset=&#8221;default&#8221; title_text=&#8221;Captura 4&#8243; src=&#8221;https:\/\/cetm-madrid.es\/web\/wp-content\/uploads\/2021\/09\/Captura-4-1.jpg&#8221; hover_enabled=&#8221;0&#8243; sticky_enabled=&#8221;0&#8243;][\/et_pb_image][et_pb_text admin_label=&#8221;Texto&#8221; _builder_version=&#8221;4.7.7&#8243; background_size=&#8221;initial&#8221; background_position=&#8221;top_left&#8221; background_repeat=&#8221;repeat&#8221; text_orientation=&#8221;justified&#8221; hover_enabled=&#8221;0&#8243; use_border_color=&#8221;off&#8221; border_color=&#8221;#ffffff&#8221; border_style=&#8221;solid&#8221; sticky_enabled=&#8221;0&#8243;]<\/p>\n<p>\u2022 <span style=\"text-decoration: underline;\">Veh\u00edculos de transporte de residuos.<\/span> Se colocar\u00e1n un total de <strong>cuatro se\u00f1ales por veh\u00edculo.<\/strong> Ser\u00e1n dos se\u00f1ales laterales, una a cada lado del veh\u00edculo, situadas en el primer metro desde la parte delantera del veh\u00edculo, y dos se\u00f1ales en la parte trasera, una a cada lado. Todas ellas siempre a una altura de entre 0,90 y 1,50 m del suelo.<\/p>\n<p>[\/et_pb_text][et_pb_image _builder_version=&#8221;4.7.7&#8243; _module_preset=&#8221;default&#8221; title_text=&#8221;Captura 5&#8243; src=&#8221;https:\/\/cetm-madrid.es\/web\/wp-content\/uploads\/2021\/09\/Captura-5-1.jpg&#8221; hover_enabled=&#8221;0&#8243; sticky_enabled=&#8221;0&#8243;][\/et_pb_image][et_pb_text admin_label=&#8221;Texto&#8221; _builder_version=&#8221;4.7.7&#8243; background_size=&#8221;initial&#8221; background_position=&#8221;top_left&#8221; background_repeat=&#8221;repeat&#8221; text_orientation=&#8221;justified&#8221; hover_enabled=&#8221;0&#8243; use_border_color=&#8221;off&#8221; border_color=&#8221;#ffffff&#8221; border_style=&#8221;solid&#8221; sticky_enabled=&#8221;0&#8243;]<\/p>\n<p><span style=\"text-decoration: underline;\"><strong>Excepciones<\/strong><\/span><br \/>Existen casos que est\u00e1n exceptuados de colocar las se\u00f1ales identificativas como:\u00a0<\/p>\n<p>\u2022 Veh\u00edculos portacontenedores <br \/>\u2022 Veh\u00edculos portacoches<br \/>\u2022 Tractores para semirremolques<br \/>\u2022 Veh\u00edculos cisterna<br \/>\u2022 Veh\u00edculos con plataforma y plataformas rodantes<\/p>\n<p>Asimismo, los criterios de colocaci\u00f3n de las se\u00f1ales laterales <strong>no ser\u00e1n exigibles a los remolques y semirremolques para los que existe una imposibilidad t\u00e9cnica<\/strong>. Estos veh\u00edculos llevar\u00e1n las marcas laterales en una posici\u00f3n compatible con sus caracter\u00edsticas t\u00e9cnicas.<\/p>\n<p>En cualquier caso, tal y como la DGT se\u00f1ala en la Instrucci\u00f3n, <strong>\u201clos veh\u00edculos de motor, remolques y semirremolques para los que se demuestre una imposibilidad\u00a0 estructural, estar\u00e1n exentos de colocar se\u00f1ales laterales o traseras\u201d.<\/strong><\/p>\n<p>En cuanto a la se\u00f1alizaci\u00f3n de otros pa\u00edses, en el documento se establece que si hay reciprocidad <strong>\u201cse reconoce como equivalente a todos los efectos\u201d<\/strong> la se\u00f1alizaci\u00f3n que puedan disponer veh\u00edculos matriculados en otros pa\u00edses de la UE cuando circulen por territorio espa\u00f1ol.\u00a0<\/p>\n<p><span style=\"text-decoration: underline;\"><strong>Caracter\u00edsticas de la se\u00f1al de \u00e1ngulos muertos <\/strong><\/span><\/p>\n<p>Desde la DGT resaltan que las se\u00f1ales que vayan a ser comercializadas deber\u00e1n cumplir con el dise\u00f1o y las dimensiones <strong>detalladas en el anexo I<\/strong> y las especificaciones t\u00e9cnicas que se indican en el <strong>anexo IV<\/strong> de la Instrucci\u00f3n.<\/p>\n<p>[\/et_pb_text][et_pb_image _builder_version=&#8221;4.7.7&#8243; _module_preset=&#8221;default&#8221; title_text=&#8221;Captura 6&#8243; src=&#8221;https:\/\/cetm-madrid.es\/web\/wp-content\/uploads\/2021\/09\/Captura-6.jpg&#8221; hover_enabled=&#8221;0&#8243; sticky_enabled=&#8221;0&#8243;][\/et_pb_image][et_pb_text admin_label=&#8221;Texto&#8221; _builder_version=&#8221;4.7.7&#8243; background_size=&#8221;initial&#8221; background_position=&#8221;top_left&#8221; background_repeat=&#8221;repeat&#8221; text_orientation=&#8221;justified&#8221; hover_enabled=&#8221;0&#8243; use_border_color=&#8221;off&#8221; border_color=&#8221;#ffffff&#8221; border_style=&#8221;solid&#8221; sticky_enabled=&#8221;0&#8243;]<\/p>\n<p>Aconsejamos consultar la Instrucci\u00f3n para obtener informaci\u00f3n m\u00e1s detallada de las caracter\u00edsticas y dimensiones que se han establecido para cada tipo de veh\u00edculo. En el caso de los veh\u00edculos de transporte de residuos, <strong>ser\u00e1 una se\u00f1al de material met\u00e1lico y no un adhesivo<\/strong> para asegurar su durabilidad puesto que dichos veh\u00edculos se\u00a0 someten a procesos de limpieza intensivos.<\/p>\n<p>[\/et_pb_text][\/et_pb_column][et_pb_column type=&#8221;1_3&#8243; _builder_version=&#8221;3.25&#8243; custom_padding=&#8221;|||&#8221; custom_padding__hover=&#8221;|||&#8221;][\/et_pb_column][\/et_pb_row][\/et_pb_section]<\/p>\n","protected":false},"excerpt":{"rendered":"<p>La Direcci\u00f3n General de Tr\u00e1fico (DGT) ha publicado la Instrucci\u00f3n VEH 21\/05 en la que insta a se\u00f1alar VOLUNTARIAMENTE los \u201c\u00e1ngulos muertos\u201d de los veh\u00edculos. Tr\u00e1fico destaca en su escrito que el objetivo de esta medida es proteger a los usuarios m\u00e1s vulnerables y evitar situaciones de riesgo para reducir la siniestralidad. Asimismo, la DGT [&hellip;]<\/p>\n","protected":false},"author":1,"featured_media":9248,"comment_status":"closed","ping_status":"open","sticky":false,"template":"","format":"standard","meta":{"_et_pb_use_builder":"on","_et_pb_old_content":"","_et_gb_content_width":"","footnotes":""},"categories":[5,4],"tags":[],"class_list":["post-9245","post","type-post","status-publish","format-standard","has-post-thumbnail","hentry","category-general","category-organizacion"],"_links":{"self":[{"href":"https:\/\/cetm-madrid.es\/web\/wp-json\/wp\/v2\/posts\/9245","targetHints":{"allow":["GET"]}}],"collection":[{"href":"https:\/\/cetm-madrid.es\/web\/wp-json\/wp\/v2\/posts"}],"about":[{"href":"https:\/\/cetm-madrid.es\/web\/wp-json\/wp\/v2\/types\/post"}],"author":[{"embeddable":true,"href":"https:\/\/cetm-madrid.es\/web\/wp-json\/wp\/v2\/users\/1"}],"replies":[{"embeddable":true,"href":"https:\/\/cetm-madrid.es\/web\/wp-json\/wp\/v2\/comments?post=9245"}],"version-history":[{"count":2,"href":"https:\/\/cetm-madrid.es\/web\/wp-json\/wp\/v2\/posts\/9245\/revisions"}],"predecessor-version":[{"id":9254,"href":"https:\/\/cetm-madrid.es\/web\/wp-json\/wp\/v2\/posts\/9245\/revisions\/9254"}],"wp:featuredmedia":[{"embeddable":true,"href":"https:\/\/cetm-madrid.es\/web\/wp-json\/wp\/v2\/media\/9248"}],"wp:attachment":[{"href":"https:\/\/cetm-madrid.es\/web\/wp-json\/wp\/v2\/media?parent=9245"}],"wp:term":[{"taxonomy":"category","embeddable":true,"href":"https:\/\/cetm-madrid.es\/web\/wp-json\/wp\/v2\/categories?post=9245"},{"taxonomy":"post_tag","embeddable":true,"href":"https:\/\/cetm-madrid.es\/web\/wp-json\/wp\/v2\/tags?post=9245"}],"curies":[{"name":"wp","href":"https:\/\/api.w.org\/{rel}","templated":true}]}}