{"id":9187,"date":"2021-09-23T17:08:20","date_gmt":"2021-09-23T17:08:20","guid":{"rendered":"https:\/\/cetm-madrid.es\/web\/?p=9187"},"modified":"2021-09-23T17:10:00","modified_gmt":"2021-09-23T17:10:00","slug":"posible-protesta-de-los-conductores-italianos-el-proximo-27-de-septiembre","status":"publish","type":"post","link":"https:\/\/cetm-madrid.es\/web\/posible-protesta-de-los-conductores-italianos-el-proximo-27-de-septiembre\/","title":{"rendered":"Posible protesta de los conductores italianos el pr\u00f3ximo 27 de septiembre"},"content":{"rendered":"<p>[et_pb_section fb_built=&#8221;1&#8243; admin_label=&#8221;section&#8221; _builder_version=&#8221;3.22&#8243;][et_pb_row column_structure=&#8221;2_3,1_3&#8243; admin_label=&#8221;row&#8221; _builder_version=&#8221;3.25&#8243; background_size=&#8221;initial&#8221; background_position=&#8221;top_left&#8221; background_repeat=&#8221;repeat&#8221;][et_pb_column type=&#8221;2_3&#8243; _builder_version=&#8221;3.25&#8243; custom_padding=&#8221;|||&#8221; custom_padding__hover=&#8221;|||&#8221;][et_pb_text admin_label=&#8221;Texto&#8221; _builder_version=&#8221;4.7.7&#8243; background_size=&#8221;initial&#8221; background_position=&#8221;top_left&#8221; background_repeat=&#8221;repeat&#8221; text_orientation=&#8221;justified&#8221; use_border_color=&#8221;off&#8221; border_color=&#8221;#ffffff&#8221; border_style=&#8221;solid&#8221;]<\/p>\n<p>Seg\u00fan informan varios medios italianos, se ha organizado por redes sociales una movilizaci\u00f3n de conductores <strong>a partir de las 00:00 horas del pr\u00f3ximo lunes 27 de septiembre.<\/strong><\/p>\n<p>El motivo de la protesta es su oposici\u00f3n al denominado \u201cgreen pass\u201d y consistir\u00eda en el bloqueo de las v\u00edas, <strong>circulando a una velocidad de 30 km\/h<\/strong>. Algunos mensajes <br \/>en Telegram se\u00f1alan que hasta 35.000 camioneros se unir\u00e1n a esta convocatoria, pero los sindicatos no se han pronunciado al respecto <strong>ni existe un comunicado oficial.<\/strong><\/p>\n<p>Lo cierto es que los conductores est\u00e1n compartiendo v\u00eddeos en redes sociales como Tik Tok donde animan a acudir a esta marcha en contra de la ley que hace obligatorio<br \/>el certificado sanitario para ejercer la actividad laboral. Asimismo, se prev\u00e9 que otros veh\u00edculos se unan a esta protesta, puesto que afecta a trabajadores p\u00fablicos y privados. Los participantes encender\u00e1n las cuatro luces intermitentes para identificarse entre ellos y la intenci\u00f3n es que estas protestas <strong>sucedan a lo largo de toda la semana.<\/strong><\/p>\n<p>El decreto del \u201cpase verde\u201d entra en vigor el 15 de octubre y obliga a los empleados a contar con el Certificado Covid para poder trabajar, es decir, deber\u00e1n estar vacunados con al menos una dosis, presentar una prueba Covid-19 o haber pasado la enfermedad en los \u00faltimos tres meses. De lo contrario, podr\u00e1n ser suspendidos de <br \/>empleo y sueldo.<\/p>\n<p>Desde la CETM advertimos sobre las consecuencias que podr\u00eda tener la protesta si finalmente se lleva a cabo, puesto que <strong>ralentizar\u00eda enormemente las operaciones de transporte<\/strong>. Por lo tanto, aconsejamos consultar el estado de las carreteras con asiduidad:<\/p>\n<p>\u2022 <a href=\"https:\/\/www.viamichelin.es\/web\/Trafico\/Info_Trafico-Italia\" target=\"_blank\" rel=\"noopener noreferrer\">https:\/\/www.viamichelin.es\/web\/Trafico\/Info_Trafico-Italia<\/a><\/p>\n<p>[\/et_pb_text][\/et_pb_column][et_pb_column type=&#8221;1_3&#8243; _builder_version=&#8221;3.25&#8243; custom_padding=&#8221;|||&#8221; custom_padding__hover=&#8221;|||&#8221;][et_pb_image src=&#8221;https:\/\/cetm-madrid.es\/web\/wp-content\/uploads\/2021\/09\/Dise\u00f1o-sin-t\u00edtulo-43.png&#8221; title_text=&#8221;Dise\u00f1o sin t\u00edtulo (43)&#8221; align_tablet=&#8221;center&#8221; align_phone=&#8221;&#8221; align_last_edited=&#8221;on|desktop&#8221; admin_label=&#8221;Imagen&#8221; _builder_version=&#8221;4.7.7&#8243; animation_style=&#8221;slide&#8221; animation_direction=&#8221;left&#8221; animation_duration=&#8221;500ms&#8221; animation_intensity_slide=&#8221;10%&#8221; use_border_color=&#8221;off&#8221; border_color=&#8221;#ffffff&#8221; border_style=&#8221;solid&#8221; animation=&#8221;left&#8221; sticky=&#8221;off&#8221; always_center_on_mobile=&#8221;on&#8221;][\/et_pb_image][\/et_pb_column][\/et_pb_row][\/et_pb_section]<\/p>\n","protected":false},"excerpt":{"rendered":"<p>Seg\u00fan informan varios medios italianos, se ha organizado por redes sociales una movilizaci\u00f3n de conductores a partir de las 00:00 horas del pr\u00f3ximo lunes 27 de septiembre. El motivo de la protesta es su oposici\u00f3n al denominado \u201cgreen pass\u201d y consistir\u00eda en el bloqueo de las v\u00edas, circulando a una velocidad de 30 km\/h. Algunos [&hellip;]<\/p>\n","protected":false},"author":1,"featured_media":9194,"comment_status":"closed","ping_status":"open","sticky":false,"template":"","format":"standard","meta":{"_et_pb_use_builder":"on","_et_pb_old_content":"","_et_gb_content_width":"","footnotes":""},"categories":[5,4],"tags":[],"class_list":["post-9187","post","type-post","status-publish","format-standard","has-post-thumbnail","hentry","category-general","category-organizacion"],"_links":{"self":[{"href":"https:\/\/cetm-madrid.es\/web\/wp-json\/wp\/v2\/posts\/9187","targetHints":{"allow":["GET"]}}],"collection":[{"href":"https:\/\/cetm-madrid.es\/web\/wp-json\/wp\/v2\/posts"}],"about":[{"href":"https:\/\/cetm-madrid.es\/web\/wp-json\/wp\/v2\/types\/post"}],"author":[{"embeddable":true,"href":"https:\/\/cetm-madrid.es\/web\/wp-json\/wp\/v2\/users\/1"}],"replies":[{"embeddable":true,"href":"https:\/\/cetm-madrid.es\/web\/wp-json\/wp\/v2\/comments?post=9187"}],"version-history":[{"count":3,"href":"https:\/\/cetm-madrid.es\/web\/wp-json\/wp\/v2\/posts\/9187\/revisions"}],"predecessor-version":[{"id":9195,"href":"https:\/\/cetm-madrid.es\/web\/wp-json\/wp\/v2\/posts\/9187\/revisions\/9195"}],"wp:featuredmedia":[{"embeddable":true,"href":"https:\/\/cetm-madrid.es\/web\/wp-json\/wp\/v2\/media\/9194"}],"wp:attachment":[{"href":"https:\/\/cetm-madrid.es\/web\/wp-json\/wp\/v2\/media?parent=9187"}],"wp:term":[{"taxonomy":"category","embeddable":true,"href":"https:\/\/cetm-madrid.es\/web\/wp-json\/wp\/v2\/categories?post=9187"},{"taxonomy":"post_tag","embeddable":true,"href":"https:\/\/cetm-madrid.es\/web\/wp-json\/wp\/v2\/tags?post=9187"}],"curies":[{"name":"wp","href":"https:\/\/api.w.org\/{rel}","templated":true}]}}