{"id":9143,"date":"2021-09-20T17:24:28","date_gmt":"2021-09-20T17:24:28","guid":{"rendered":"https:\/\/cetm-madrid.es\/web\/?p=9143"},"modified":"2021-09-20T17:24:32","modified_gmt":"2021-09-20T17:24:32","slug":"afecciones-al-trafico-en-la-a-6-sentido-madrid-debido-a-los-trabajos-de-rehabilitacion-del-firme","status":"publish","type":"post","link":"https:\/\/cetm-madrid.es\/web\/afecciones-al-trafico-en-la-a-6-sentido-madrid-debido-a-los-trabajos-de-rehabilitacion-del-firme\/","title":{"rendered":"Afecciones al tr\u00e1fico en la A-6 sentido Madrid debido a los trabajos de rehabilitaci\u00f3n del firme"},"content":{"rendered":"<p>[et_pb_section fb_built=&#8221;1&#8243; admin_label=&#8221;section&#8221; _builder_version=&#8221;3.22&#8243;][et_pb_row admin_label=&#8221;row&#8221; _builder_version=&#8221;3.25&#8243; background_size=&#8221;initial&#8221; background_position=&#8221;top_left&#8221; background_repeat=&#8221;repeat&#8221; column_structure=&#8221;2_3,1_3&#8243;][et_pb_column type=&#8221;2_3&#8243; _builder_version=&#8221;3.25&#8243; custom_padding=&#8221;|||&#8221; custom_padding__hover=&#8221;|||&#8221;][et_pb_text admin_label=&#8221;Texto&#8221; _builder_version=&#8221;4.7.7&#8243; background_size=&#8221;initial&#8221; background_position=&#8221;top_left&#8221; background_repeat=&#8221;repeat&#8221; text_orientation=&#8221;justified&#8221; hover_enabled=&#8221;0&#8243; use_border_color=&#8221;off&#8221; border_color=&#8221;#ffffff&#8221; border_style=&#8221;solid&#8221; sticky_enabled=&#8221;0&#8243;]<\/p>\n<p>El Ministerio de Transportes, Movilidad y Agenda Urbana ha informado de los trabajos de rehabilitaci\u00f3n del firme que se realizar\u00e1n en la A-6 sentido Madrid y que provocar\u00e1n afecciones al tr\u00e1fico en la noche de este lunes y ma\u00f1ana martes 21 de septiembre.<\/p>\n<p>Dichos trabajos se llevar\u00e1n a cabo <strong>entre los puntos kilom\u00e9tricos 19 y 22 de la autov\u00eda<\/strong> y afectar\u00e1n a la circulaci\u00f3n en horario nocturno <strong>desde las 22:00 horas<\/strong> de este lunes 20 de septiembre,<strong> hasta las 05:30 horas<\/strong> del d\u00eda siguiente.<\/p>\n<p>Tal y como detallado el MITMA, se llevar\u00e1n a cabo <span style=\"text-decoration: underline;\">los siguientes desv\u00edos<\/span>:<\/p>\n<p>&#8211; Se cortar\u00e1 el tronco de la autov\u00eda desde la salida 23 hasta el p.k. 19, desviando el tr\u00e1fico por la salida 23 (M-50\/ M-505\/ A-6)<\/p>\n<p>&nbsp;<\/p>\n<p>[\/et_pb_text][et_pb_image _builder_version=&#8221;4.7.7&#8243; _module_preset=&#8221;default&#8221; title_text=&#8221;Captura 1&#8243; src=&#8221;https:\/\/cetm-madrid.es\/web\/wp-content\/uploads\/2021\/09\/Captura-1-1.jpg&#8221; hover_enabled=&#8221;0&#8243; sticky_enabled=&#8221;0&#8243;][\/et_pb_image][et_pb_image _builder_version=&#8221;4.7.7&#8243; _module_preset=&#8221;default&#8221; title_text=&#8221;Captura 2&#8243; src=&#8221;https:\/\/cetm-madrid.es\/web\/wp-content\/uploads\/2021\/09\/Captura-2-1.jpg&#8221; hover_enabled=&#8221;0&#8243; sticky_enabled=&#8221;0&#8243;][\/et_pb_image][et_pb_text admin_label=&#8221;Texto&#8221; _builder_version=&#8221;4.7.7&#8243; background_size=&#8221;initial&#8221; background_position=&#8221;top_left&#8221; background_repeat=&#8221;repeat&#8221; text_orientation=&#8221;justified&#8221; hover_enabled=&#8221;0&#8243; use_border_color=&#8221;off&#8221; border_color=&#8221;#ffffff&#8221; border_style=&#8221;solid&#8221; sticky_enabled=&#8221;0&#8243;]<\/p>\n<p>&nbsp;<\/p>\n<p>&#8211; Se cortar\u00e1 la incorporaci\u00f3n de la v\u00eda de servicio al tronco ubicada en el p.k. 21, dando continuidad al tr\u00e1fico por dicha v\u00eda de servicio hasta el enlace del p.k. 19, donde se podr\u00e1n incorporar al tronco de la autov\u00eda.<\/p>\n<p>[\/et_pb_text][et_pb_image _builder_version=&#8221;4.7.7&#8243; _module_preset=&#8221;default&#8221; title_text=&#8221;Captura 3&#8243; src=&#8221;https:\/\/cetm-madrid.es\/web\/wp-content\/uploads\/2021\/09\/Captura-3-1.jpg&#8221; hover_enabled=&#8221;0&#8243; sticky_enabled=&#8221;0&#8243;][\/et_pb_image][\/et_pb_column][et_pb_column type=&#8221;1_3&#8243; _builder_version=&#8221;3.25&#8243; custom_padding=&#8221;|||&#8221; custom_padding__hover=&#8221;|||&#8221;][\/et_pb_column][\/et_pb_row][\/et_pb_section]<\/p>\n","protected":false},"excerpt":{"rendered":"<p>El Ministerio de Transportes, Movilidad y Agenda Urbana ha informado de los trabajos de rehabilitaci\u00f3n del firme que se realizar\u00e1n en la A-6 sentido Madrid y que provocar\u00e1n afecciones al tr\u00e1fico en la noche de este lunes y ma\u00f1ana martes 21 de septiembre. Dichos trabajos se llevar\u00e1n a cabo entre los puntos kilom\u00e9tricos 19 y [&hellip;]<\/p>\n","protected":false},"author":1,"featured_media":9146,"comment_status":"closed","ping_status":"open","sticky":false,"template":"","format":"standard","meta":{"_et_pb_use_builder":"on","_et_pb_old_content":"","_et_gb_content_width":"","footnotes":""},"categories":[5,4],"tags":[],"class_list":["post-9143","post","type-post","status-publish","format-standard","has-post-thumbnail","hentry","category-general","category-organizacion"],"_links":{"self":[{"href":"https:\/\/cetm-madrid.es\/web\/wp-json\/wp\/v2\/posts\/9143","targetHints":{"allow":["GET"]}}],"collection":[{"href":"https:\/\/cetm-madrid.es\/web\/wp-json\/wp\/v2\/posts"}],"about":[{"href":"https:\/\/cetm-madrid.es\/web\/wp-json\/wp\/v2\/types\/post"}],"author":[{"embeddable":true,"href":"https:\/\/cetm-madrid.es\/web\/wp-json\/wp\/v2\/users\/1"}],"replies":[{"embeddable":true,"href":"https:\/\/cetm-madrid.es\/web\/wp-json\/wp\/v2\/comments?post=9143"}],"version-history":[{"count":2,"href":"https:\/\/cetm-madrid.es\/web\/wp-json\/wp\/v2\/posts\/9143\/revisions"}],"predecessor-version":[{"id":9149,"href":"https:\/\/cetm-madrid.es\/web\/wp-json\/wp\/v2\/posts\/9143\/revisions\/9149"}],"wp:featuredmedia":[{"embeddable":true,"href":"https:\/\/cetm-madrid.es\/web\/wp-json\/wp\/v2\/media\/9146"}],"wp:attachment":[{"href":"https:\/\/cetm-madrid.es\/web\/wp-json\/wp\/v2\/media?parent=9143"}],"wp:term":[{"taxonomy":"category","embeddable":true,"href":"https:\/\/cetm-madrid.es\/web\/wp-json\/wp\/v2\/categories?post=9143"},{"taxonomy":"post_tag","embeddable":true,"href":"https:\/\/cetm-madrid.es\/web\/wp-json\/wp\/v2\/tags?post=9143"}],"curies":[{"name":"wp","href":"https:\/\/api.w.org\/{rel}","templated":true}]}}