{"id":9122,"date":"2021-09-17T18:21:11","date_gmt":"2021-09-17T18:21:11","guid":{"rendered":"https:\/\/cetm-madrid.es\/web\/?p=9122"},"modified":"2021-09-19T18:28:22","modified_gmt":"2021-09-19T18:28:22","slug":"la-cetm-recuerda-a-la-ministra-de-transportes-la-imposibilidad-de-llevar-a-cabo-el-pago-por-uso-sin-alcanzar-un-acuerdo-con-el-sector","status":"publish","type":"post","link":"https:\/\/cetm-madrid.es\/web\/la-cetm-recuerda-a-la-ministra-de-transportes-la-imposibilidad-de-llevar-a-cabo-el-pago-por-uso-sin-alcanzar-un-acuerdo-con-el-sector\/","title":{"rendered":"La CETM recuerda a la ministra de Transportes la imposibilidad de llevar a cabo el pago por uso sin alcanzar un acuerdo con el sector"},"content":{"rendered":"<p>[et_pb_section fb_built=&#8221;1&#8243; admin_label=&#8221;section&#8221; _builder_version=&#8221;3.22&#8243;][et_pb_row admin_label=&#8221;row&#8221; _builder_version=&#8221;3.25&#8243; background_size=&#8221;initial&#8221; background_position=&#8221;top_left&#8221; background_repeat=&#8221;repeat&#8221; column_structure=&#8221;2_3,1_3&#8243;][et_pb_column type=&#8221;2_3&#8243; _builder_version=&#8221;3.25&#8243; custom_padding=&#8221;|||&#8221; custom_padding__hover=&#8221;|||&#8221;][et_pb_text admin_label=&#8221;Texto&#8221; _builder_version=&#8221;4.7.7&#8243; background_size=&#8221;initial&#8221; background_position=&#8221;top_left&#8221; background_repeat=&#8221;repeat&#8221; text_orientation=&#8221;justified&#8221; hover_enabled=&#8221;0&#8243; use_border_color=&#8221;off&#8221; border_color=&#8221;#ffffff&#8221; border_style=&#8221;solid&#8221; sticky_enabled=&#8221;0&#8243;]<\/p>\n<p>La ministra de Transportes, Movilidad y Agenda Urbana, Raquel S\u00e1nchez, confirm\u00f3 este jueves que el MITMA ya est\u00e1 ultimando su plan para aplicar el pago por uso de <br \/>las carreteras.<\/p>\n<p>La Confederaci\u00f3n Espa\u00f1ola de Transporte de Mercanc\u00edas (CETM) considera que <strong>es un desprop\u00f3sito<\/strong> que la titular de Transportes no deje de anunciar esta medida en <br \/>sus intervenciones y en los medios de comunicaci\u00f3n, a pesar de que el Ministerio de Transportes <strong>firm\u00f3 en julio de 2020 un acuerdo con el Comit\u00e9 Nacional de Transporte por Carretera <\/strong>(CNTC) en el que se compromet\u00eda a no instaurar los peajes sino contaba con el consenso de las empresas del sector del transporte por carretera.<\/p>\n<p>Desde la CETM consideramos que la ministra deber\u00eda actuar con mayor prudencia, puesto que<strong> las negociaciones con el CNTC siguen su curso<\/strong>, aunque m\u00e1s lento <br \/>de lo esperado, y confiamos que el Ministerio no falte a lo acordado. De lo contrario, las consecuencias podr\u00edan ser arrolladoras tanto para la sociedad como para el <br \/>conjunto de la econom\u00eda.<\/p>\n<p>Asimismo, resulta sorprendente que S\u00e1nchez iniciara su andadura en el cargo<strong> haciendo alarde del ahorro que supondr\u00eda la supresi\u00f3n de los peajes<\/strong> en la\u00a0 AP-7 para los conductores y ahora predique todo lo contrario, planteando una medida que perjudicar\u00eda enormemente a un sector que ha demostrado que es vital para el funcionamiento de la cadena de suministro.<\/p>\n<p>La CETM ya ha mostrado en numerosas ocasiones los motivos por los que se opone al pago por uso, entre otros, la contribuci\u00f3n que el sector hace a las Arcas del Estado <br \/><strong>con m\u00e1s de 19.000 millones de euros al a\u00f1o<\/strong>, cuant\u00eda suficiente para hacer frente al mantenimiento de las v\u00edas.<\/p>\n<p>Por ello, solicita al Ministerio de Transportes que <strong>deje de lanzar este interminable globo sonda y acelere el di\u00e1logo<\/strong> sobre los asuntos que tienen que tratarse con <br \/>urgencia con los representantes del sector del transporte por carretera, a los que no ha recibido todav\u00eda pese a su predisposici\u00f3n.<\/p>\n<p>[\/et_pb_text][\/et_pb_column][et_pb_column type=&#8221;1_3&#8243; _builder_version=&#8221;3.25&#8243; custom_padding=&#8221;|||&#8221; custom_padding__hover=&#8221;|||&#8221;][et_pb_image src=&#8221;https:\/\/cetm-madrid.es\/web\/wp-content\/uploads\/2021\/06\/Dise\u00f1o-sin-t\u00edtulo-14.png&#8221; align_tablet=&#8221;center&#8221; align_last_edited=&#8221;on|desktop&#8221; admin_label=&#8221;Imagen&#8221; _builder_version=&#8221;4.7.7&#8243; animation_style=&#8221;slide&#8221; animation_direction=&#8221;left&#8221; animation_duration=&#8221;500ms&#8221; animation_intensity_slide=&#8221;10%&#8221; hover_enabled=&#8221;0&#8243; use_border_color=&#8221;off&#8221; border_color=&#8221;#ffffff&#8221; border_style=&#8221;solid&#8221; animation=&#8221;left&#8221; sticky=&#8221;off&#8221; always_center_on_mobile=&#8221;on&#8221; title_text=&#8221;Dise\u00f1o sin t\u00edtulo (14)&#8221; sticky_enabled=&#8221;0&#8243;][\/et_pb_image][\/et_pb_column][\/et_pb_row][\/et_pb_section]<\/p>\n","protected":false},"excerpt":{"rendered":"<p>La ministra de Transportes, Movilidad y Agenda Urbana, Raquel S\u00e1nchez, confirm\u00f3 este jueves que el MITMA ya est\u00e1 ultimando su plan para aplicar el pago por uso de las carreteras. La Confederaci\u00f3n Espa\u00f1ola de Transporte de Mercanc\u00edas (CETM) considera que es un desprop\u00f3sito que la titular de Transportes no deje de anunciar esta medida en [&hellip;]<\/p>\n","protected":false},"author":1,"featured_media":8562,"comment_status":"closed","ping_status":"open","sticky":false,"template":"","format":"standard","meta":{"_et_pb_use_builder":"on","_et_pb_old_content":"","_et_gb_content_width":"","footnotes":""},"categories":[5,4],"tags":[],"class_list":["post-9122","post","type-post","status-publish","format-standard","has-post-thumbnail","hentry","category-general","category-organizacion"],"_links":{"self":[{"href":"https:\/\/cetm-madrid.es\/web\/wp-json\/wp\/v2\/posts\/9122","targetHints":{"allow":["GET"]}}],"collection":[{"href":"https:\/\/cetm-madrid.es\/web\/wp-json\/wp\/v2\/posts"}],"about":[{"href":"https:\/\/cetm-madrid.es\/web\/wp-json\/wp\/v2\/types\/post"}],"author":[{"embeddable":true,"href":"https:\/\/cetm-madrid.es\/web\/wp-json\/wp\/v2\/users\/1"}],"replies":[{"embeddable":true,"href":"https:\/\/cetm-madrid.es\/web\/wp-json\/wp\/v2\/comments?post=9122"}],"version-history":[{"count":2,"href":"https:\/\/cetm-madrid.es\/web\/wp-json\/wp\/v2\/posts\/9122\/revisions"}],"predecessor-version":[{"id":9125,"href":"https:\/\/cetm-madrid.es\/web\/wp-json\/wp\/v2\/posts\/9122\/revisions\/9125"}],"wp:featuredmedia":[{"embeddable":true,"href":"https:\/\/cetm-madrid.es\/web\/wp-json\/wp\/v2\/media\/8562"}],"wp:attachment":[{"href":"https:\/\/cetm-madrid.es\/web\/wp-json\/wp\/v2\/media?parent=9122"}],"wp:term":[{"taxonomy":"category","embeddable":true,"href":"https:\/\/cetm-madrid.es\/web\/wp-json\/wp\/v2\/categories?post=9122"},{"taxonomy":"post_tag","embeddable":true,"href":"https:\/\/cetm-madrid.es\/web\/wp-json\/wp\/v2\/tags?post=9122"}],"curies":[{"name":"wp","href":"https:\/\/api.w.org\/{rel}","templated":true}]}}