{"id":9116,"date":"2021-09-16T16:40:25","date_gmt":"2021-09-16T16:40:25","guid":{"rendered":"https:\/\/cetm-madrid.es\/web\/?p=9116"},"modified":"2021-09-16T16:41:03","modified_gmt":"2021-09-16T16:41:03","slug":"el-mitma-colaborara-con-la-autoridad-laboral-europea-para-luchar-contra-las-empresas-buzon","status":"publish","type":"post","link":"https:\/\/cetm-madrid.es\/web\/el-mitma-colaborara-con-la-autoridad-laboral-europea-para-luchar-contra-las-empresas-buzon\/","title":{"rendered":"El MITMA colaborar\u00e1 con la Autoridad Laboral Europea para luchar contra las empresas buz\u00f3n"},"content":{"rendered":"<p>[et_pb_section fb_built=&#8221;1&#8243; admin_label=&#8221;section&#8221; _builder_version=&#8221;3.22&#8243;][et_pb_row column_structure=&#8221;2_3,1_3&#8243; admin_label=&#8221;row&#8221; _builder_version=&#8221;3.25&#8243; background_size=&#8221;initial&#8221; background_position=&#8221;top_left&#8221; background_repeat=&#8221;repeat&#8221;][et_pb_column type=&#8221;2_3&#8243; _builder_version=&#8221;3.25&#8243; custom_padding=&#8221;|||&#8221; custom_padding__hover=&#8221;|||&#8221;][et_pb_text admin_label=&#8221;Texto&#8221; _builder_version=&#8221;4.7.7&#8243; background_size=&#8221;initial&#8221; background_position=&#8221;top_left&#8221; background_repeat=&#8221;repeat&#8221; text_orientation=&#8221;justified&#8221; use_border_color=&#8221;off&#8221; border_color=&#8221;#ffffff&#8221; border_style=&#8221;solid&#8221;]<\/p>\n<p>El Ministerio de Transportes, Movilidad y Agenda Urbana ha anunciado que colaborar\u00e1 con la Autoridad Laboral Europea (ALE) para impulsar las inspecciones de transporte.<\/p>\n<p>La secretaria de Estado de Transportes, Movilidad y Agenda Urbana, Isabel Pardo de Vera, y la secretaria General de Transportes, Mar\u00eda Jos\u00e9 Rallo, han mantenido una<br \/>reuni\u00f3n este jueves con el director ejecutivo de la Autoridad Laboral Europea, Cosmin Boiangiu, en la que le han transmitido la voluntad del MITMA para <strong>participar en <\/strong><br \/><strong>inspecciones concertadas y conjuntas<\/strong> con otros Estados miembro de la UE con el objetivo de luchar contra las empresas fraudulentas, en especial, <strong>las empresas buz\u00f3n y los falsos aut\u00f3nomos de car\u00e1cter internacional.<\/strong><\/p>\n<p>Durante el encuentro, han destacado la importancia de buscar f\u00f3rmulas para lograr la recuperaci\u00f3n y la salida de la crisis \u201cde una forma socialmente sostenible\u201d y de trabajar por <strong>conseguir \u201cla paz social\u201d en los distintos sectores del transporte.<\/strong><\/p>\n<p>Por otra parte, las titulares de Transportes tambi\u00e9n han solicitado a ALE <strong>la ejecuci\u00f3n de Planes Nacionales de Inspecci\u00f3n<\/strong> por parte de todos los pa\u00edses de la UE en<br \/>los que sea prioritario la lucha contra este tipo de empresas.<\/p>\n<p>[\/et_pb_text][\/et_pb_column][et_pb_column type=&#8221;1_3&#8243; _builder_version=&#8221;3.25&#8243; custom_padding=&#8221;|||&#8221; custom_padding__hover=&#8221;|||&#8221;][et_pb_image src=&#8221;https:\/\/cetm-madrid.es\/web\/wp-content\/uploads\/2021\/09\/Dise\u00f1o-sin-t\u00edtulo-42.png&#8221; title_text=&#8221;Dise\u00f1o sin t\u00edtulo (42)&#8221; align_tablet=&#8221;center&#8221; align_phone=&#8221;&#8221; align_last_edited=&#8221;on|desktop&#8221; admin_label=&#8221;Imagen&#8221; _builder_version=&#8221;4.7.7&#8243; animation_style=&#8221;slide&#8221; animation_direction=&#8221;left&#8221; animation_duration=&#8221;500ms&#8221; animation_intensity_slide=&#8221;10%&#8221; use_border_color=&#8221;off&#8221; border_color=&#8221;#ffffff&#8221; border_style=&#8221;solid&#8221; animation=&#8221;left&#8221; sticky=&#8221;off&#8221; always_center_on_mobile=&#8221;on&#8221;][\/et_pb_image][\/et_pb_column][\/et_pb_row][\/et_pb_section]<\/p>\n","protected":false},"excerpt":{"rendered":"<p>El Ministerio de Transportes, Movilidad y Agenda Urbana ha anunciado que colaborar\u00e1 con la Autoridad Laboral Europea (ALE) para impulsar las inspecciones de transporte. La secretaria de Estado de Transportes, Movilidad y Agenda Urbana, Isabel Pardo de Vera, y la secretaria General de Transportes, Mar\u00eda Jos\u00e9 Rallo, han mantenido unareuni\u00f3n este jueves con el director [&hellip;]<\/p>\n","protected":false},"author":1,"featured_media":9119,"comment_status":"closed","ping_status":"open","sticky":false,"template":"","format":"standard","meta":{"_et_pb_use_builder":"on","_et_pb_old_content":"","_et_gb_content_width":"","footnotes":""},"categories":[5,4],"tags":[],"class_list":["post-9116","post","type-post","status-publish","format-standard","has-post-thumbnail","hentry","category-general","category-organizacion"],"_links":{"self":[{"href":"https:\/\/cetm-madrid.es\/web\/wp-json\/wp\/v2\/posts\/9116","targetHints":{"allow":["GET"]}}],"collection":[{"href":"https:\/\/cetm-madrid.es\/web\/wp-json\/wp\/v2\/posts"}],"about":[{"href":"https:\/\/cetm-madrid.es\/web\/wp-json\/wp\/v2\/types\/post"}],"author":[{"embeddable":true,"href":"https:\/\/cetm-madrid.es\/web\/wp-json\/wp\/v2\/users\/1"}],"replies":[{"embeddable":true,"href":"https:\/\/cetm-madrid.es\/web\/wp-json\/wp\/v2\/comments?post=9116"}],"version-history":[{"count":3,"href":"https:\/\/cetm-madrid.es\/web\/wp-json\/wp\/v2\/posts\/9116\/revisions"}],"predecessor-version":[{"id":9121,"href":"https:\/\/cetm-madrid.es\/web\/wp-json\/wp\/v2\/posts\/9116\/revisions\/9121"}],"wp:featuredmedia":[{"embeddable":true,"href":"https:\/\/cetm-madrid.es\/web\/wp-json\/wp\/v2\/media\/9119"}],"wp:attachment":[{"href":"https:\/\/cetm-madrid.es\/web\/wp-json\/wp\/v2\/media?parent=9116"}],"wp:term":[{"taxonomy":"category","embeddable":true,"href":"https:\/\/cetm-madrid.es\/web\/wp-json\/wp\/v2\/categories?post=9116"},{"taxonomy":"post_tag","embeddable":true,"href":"https:\/\/cetm-madrid.es\/web\/wp-json\/wp\/v2\/tags?post=9116"}],"curies":[{"name":"wp","href":"https:\/\/api.w.org\/{rel}","templated":true}]}}