{"id":9111,"date":"2021-09-16T16:25:44","date_gmt":"2021-09-16T16:25:44","guid":{"rendered":"https:\/\/cetm-madrid.es\/web\/?p=9111"},"modified":"2021-09-16T16:25:48","modified_gmt":"2021-09-16T16:25:48","slug":"cetm-frigorificos-y-froet-participan-en-la-fruit-attraction-2021-que-se-celebrara-del-5-al-7-de-octubre","status":"publish","type":"post","link":"https:\/\/cetm-madrid.es\/web\/cetm-frigorificos-y-froet-participan-en-la-fruit-attraction-2021-que-se-celebrara-del-5-al-7-de-octubre\/","title":{"rendered":"CETM-Frigor\u00edficos y FROET participan en la Fruit Attraction 2021 que se celebrar\u00e1 del 5 al 7 de octubre"},"content":{"rendered":"<p>[et_pb_section fb_built=&#8221;1&#8243; admin_label=&#8221;section&#8221; _builder_version=&#8221;3.22&#8243;][et_pb_row admin_label=&#8221;row&#8221; _builder_version=&#8221;3.25&#8243; background_size=&#8221;initial&#8221; background_position=&#8221;top_left&#8221; background_repeat=&#8221;repeat&#8221; column_structure=&#8221;2_3,1_3&#8243;][et_pb_column type=&#8221;2_3&#8243; _builder_version=&#8221;3.25&#8243; custom_padding=&#8221;|||&#8221; custom_padding__hover=&#8221;|||&#8221;][et_pb_text admin_label=&#8221;Texto&#8221; _builder_version=&#8221;4.7.7&#8243; background_size=&#8221;initial&#8221; background_position=&#8221;top_left&#8221; background_repeat=&#8221;repeat&#8221; text_orientation=&#8221;justified&#8221; hover_enabled=&#8221;0&#8243; use_border_color=&#8221;off&#8221; border_color=&#8221;#ffffff&#8221; border_style=&#8221;solid&#8221; sticky_enabled=&#8221;0&#8243;]<\/p>\n<p>CETM-Frigor\u00edficos y la Federaci\u00f3n Regional de Organizaciones y Empresas de Transporte de Murcia (FROET), participar\u00e1n en la Fruit Attraction 2021, la Feria Internacional del sector de Frutas y Hortalizas.<\/p>\n<p>El evento tendr\u00e1 lugar <strong>del 5 al 7 de octubre en el recinto ferial de IFEMA MADRID<\/strong> y se celebrar\u00e1 en sinergia con Fresh Food Logistics, la feria internacional de log\u00edstica, transporte y gesti\u00f3n de la cadena de fr\u00edo para alimentos frescos.<\/p>\n<p>El stand perteneciente a CETM-Frigor\u00edficos y FROET junto a sus empresas colaboradoras, <strong>GESA MEDIACI\u00d3N, GESINFLOT y VRIO<\/strong>, estar\u00e1 ubicado en el pabell\u00f3n 6, STAND 6B15.<\/p>\n<p>Desde la CETM animamos a las empresas del sector a que no se pierdan esta cita que<strong> reunir\u00e1 a profesionales del transporte de productos a temperatura dirigida<\/strong> y servir\u00e1 para tratar los temas que afectan al sector en la actualidad.<\/p>\n<p>Para asistir de forma gratuita es necesario cumplimentar el siguiente formulario: <a href=\"https:\/\/www.froet.es\/froet-te-invita-a-su-stand-en-la-fruit-attraction\/\" target=\"_blank\" rel=\"noopener noreferrer\">https:\/\/www.froet.es\/froet-te-invita-a-su-stand-en-la-fruit-attraction\/<\/a><\/p>\n<p>[\/et_pb_text][\/et_pb_column][et_pb_column type=&#8221;1_3&#8243; _builder_version=&#8221;3.25&#8243; custom_padding=&#8221;|||&#8221; custom_padding__hover=&#8221;|||&#8221;][et_pb_image src=&#8221;https:\/\/cetm-madrid.es\/web\/wp-content\/uploads\/2021\/09\/Dise\u00f1o-sin-t\u00edtulo-41.png&#8221; align_tablet=&#8221;center&#8221; align_last_edited=&#8221;on|desktop&#8221; admin_label=&#8221;Imagen&#8221; _builder_version=&#8221;4.7.7&#8243; animation_style=&#8221;slide&#8221; animation_direction=&#8221;left&#8221; animation_duration=&#8221;500ms&#8221; animation_intensity_slide=&#8221;10%&#8221; hover_enabled=&#8221;0&#8243; use_border_color=&#8221;off&#8221; border_color=&#8221;#ffffff&#8221; border_style=&#8221;solid&#8221; animation=&#8221;left&#8221; sticky=&#8221;off&#8221; always_center_on_mobile=&#8221;on&#8221; title_text=&#8221;Dise\u00f1o sin t\u00edtulo (41)&#8221; sticky_enabled=&#8221;0&#8243;][\/et_pb_image][\/et_pb_column][\/et_pb_row][\/et_pb_section]<\/p>\n","protected":false},"excerpt":{"rendered":"<p>CETM-Frigor\u00edficos y la Federaci\u00f3n Regional de Organizaciones y Empresas de Transporte de Murcia (FROET), participar\u00e1n en la Fruit Attraction 2021, la Feria Internacional del sector de Frutas y Hortalizas. El evento tendr\u00e1 lugar del 5 al 7 de octubre en el recinto ferial de IFEMA MADRID y se celebrar\u00e1 en sinergia con Fresh Food Logistics, [&hellip;]<\/p>\n","protected":false},"author":1,"featured_media":9114,"comment_status":"closed","ping_status":"open","sticky":false,"template":"","format":"standard","meta":{"_et_pb_use_builder":"on","_et_pb_old_content":"","_et_gb_content_width":"","footnotes":""},"categories":[5,4],"tags":[],"class_list":["post-9111","post","type-post","status-publish","format-standard","has-post-thumbnail","hentry","category-general","category-organizacion"],"_links":{"self":[{"href":"https:\/\/cetm-madrid.es\/web\/wp-json\/wp\/v2\/posts\/9111","targetHints":{"allow":["GET"]}}],"collection":[{"href":"https:\/\/cetm-madrid.es\/web\/wp-json\/wp\/v2\/posts"}],"about":[{"href":"https:\/\/cetm-madrid.es\/web\/wp-json\/wp\/v2\/types\/post"}],"author":[{"embeddable":true,"href":"https:\/\/cetm-madrid.es\/web\/wp-json\/wp\/v2\/users\/1"}],"replies":[{"embeddable":true,"href":"https:\/\/cetm-madrid.es\/web\/wp-json\/wp\/v2\/comments?post=9111"}],"version-history":[{"count":2,"href":"https:\/\/cetm-madrid.es\/web\/wp-json\/wp\/v2\/posts\/9111\/revisions"}],"predecessor-version":[{"id":9115,"href":"https:\/\/cetm-madrid.es\/web\/wp-json\/wp\/v2\/posts\/9111\/revisions\/9115"}],"wp:featuredmedia":[{"embeddable":true,"href":"https:\/\/cetm-madrid.es\/web\/wp-json\/wp\/v2\/media\/9114"}],"wp:attachment":[{"href":"https:\/\/cetm-madrid.es\/web\/wp-json\/wp\/v2\/media?parent=9111"}],"wp:term":[{"taxonomy":"category","embeddable":true,"href":"https:\/\/cetm-madrid.es\/web\/wp-json\/wp\/v2\/categories?post=9111"},{"taxonomy":"post_tag","embeddable":true,"href":"https:\/\/cetm-madrid.es\/web\/wp-json\/wp\/v2\/tags?post=9111"}],"curies":[{"name":"wp","href":"https:\/\/api.w.org\/{rel}","templated":true}]}}