{"id":9095,"date":"2021-09-15T10:02:28","date_gmt":"2021-09-15T10:02:28","guid":{"rendered":"https:\/\/cetm-madrid.es\/web\/?p=9095"},"modified":"2021-09-15T10:02:31","modified_gmt":"2021-09-15T10:02:31","slug":"alerta-naranja-en-cuatro-departamentos-franceses-por-lluvias-tormentas-e-inundaciones","status":"publish","type":"post","link":"https:\/\/cetm-madrid.es\/web\/alerta-naranja-en-cuatro-departamentos-franceses-por-lluvias-tormentas-e-inundaciones\/","title":{"rendered":"Alerta naranja en cuatro departamentos franceses por lluvias, tormentas e inundaciones"},"content":{"rendered":"<p>[et_pb_section fb_built=&#8221;1&#8243; admin_label=&#8221;section&#8221; _builder_version=&#8221;3.22&#8243;][et_pb_row admin_label=&#8221;row&#8221; _builder_version=&#8221;3.25&#8243; background_size=&#8221;initial&#8221; background_position=&#8221;top_left&#8221; background_repeat=&#8221;repeat&#8221; column_structure=&#8221;2_3,1_3&#8243;][et_pb_column type=&#8221;2_3&#8243; _builder_version=&#8221;3.25&#8243; custom_padding=&#8221;|||&#8221; custom_padding__hover=&#8221;|||&#8221;][et_pb_image _builder_version=&#8221;4.7.7&#8243; _module_preset=&#8221;default&#8221; title_text=&#8221;Captura&#8221; src=&#8221;https:\/\/cetm-madrid.es\/web\/wp-content\/uploads\/2021\/09\/Captura-4.jpg&#8221; hover_enabled=&#8221;0&#8243; sticky_enabled=&#8221;0&#8243;][\/et_pb_image][et_pb_text admin_label=&#8221;Texto&#8221; _builder_version=&#8221;4.7.7&#8243; background_size=&#8221;initial&#8221; background_position=&#8221;top_left&#8221; background_repeat=&#8221;repeat&#8221; text_orientation=&#8221;justified&#8221; hover_enabled=&#8221;0&#8243; use_border_color=&#8221;off&#8221; border_color=&#8221;#ffffff&#8221; border_style=&#8221;solid&#8221; sticky_enabled=&#8221;0&#8243;]<\/p>\n<p>Las fuertes lluvias que tuvieron lugar este martes en el sur de Francia <strong>provocaron el corte de la A-9<\/strong> y decenas de camiones quedaron bloqueados debido a las inundaciones.<\/p>\n<p>Este mi\u00e9rcoles cuatro departamentos est\u00e1n <strong>en alerta naranja<\/strong> por lluvias, tormentas e inundaciones: <strong>H\u00e9rault, Gard, Ard\u00e9che y Dr\u00f4me.<\/strong><\/p>\n<p>M\u00e9t\u00e9o France se\u00f1ala que ayer <strong>cay\u00f3 el equivalente a dos meses de lluvias en 3 horas<\/strong>, por lo que es recomendable que no se realicen viajes a las zonas que todav\u00eda permanecen en alerta.<\/p>\n<p>En H\u00e9rault y Gard ya se ha registrado un nuevo episodio de tormentas esta ma\u00f1ana, que se espera que llegue a Ard\u00e8che y Dr\u00f4me esta tarde.<\/p>\n<p>A continuaci\u00f3n, dejamos algunos enlaces de inter\u00e9s:<\/p>\n<p>\u2022 Previsi\u00f3n metereologica: <a href=\"https:\/\/vigilance.meteofrance.fr\/fr\" target=\"_blank\" rel=\"noopener noreferrer\">https:\/\/vigilance.meteofrance.fr\/fr<\/a><\/p>\n<p>\u2022 Estado de las carreteras: <a href=\"https:\/\/www.bison-fute.gouv.fr\/maintenant.html\" target=\"_blank\" rel=\"noopener noreferrer\">https:\/\/www.bison-fute.gouv.fr\/maintenant.html<\/a><\/p>\n<p>[\/et_pb_text][\/et_pb_column][et_pb_column type=&#8221;1_3&#8243; _builder_version=&#8221;3.25&#8243; custom_padding=&#8221;|||&#8221; custom_padding__hover=&#8221;|||&#8221;][\/et_pb_column][\/et_pb_row][\/et_pb_section]<\/p>\n","protected":false},"excerpt":{"rendered":"<p>Las fuertes lluvias que tuvieron lugar este martes en el sur de Francia provocaron el corte de la A-9 y decenas de camiones quedaron bloqueados debido a las inundaciones. Este mi\u00e9rcoles cuatro departamentos est\u00e1n en alerta naranja por lluvias, tormentas e inundaciones: H\u00e9rault, Gard, Ard\u00e9che y Dr\u00f4me. M\u00e9t\u00e9o France se\u00f1ala que ayer cay\u00f3 el equivalente [&hellip;]<\/p>\n","protected":false},"author":1,"featured_media":9098,"comment_status":"closed","ping_status":"open","sticky":false,"template":"","format":"standard","meta":{"_et_pb_use_builder":"on","_et_pb_old_content":"","_et_gb_content_width":"","footnotes":""},"categories":[5,4],"tags":[],"class_list":["post-9095","post","type-post","status-publish","format-standard","has-post-thumbnail","hentry","category-general","category-organizacion"],"_links":{"self":[{"href":"https:\/\/cetm-madrid.es\/web\/wp-json\/wp\/v2\/posts\/9095","targetHints":{"allow":["GET"]}}],"collection":[{"href":"https:\/\/cetm-madrid.es\/web\/wp-json\/wp\/v2\/posts"}],"about":[{"href":"https:\/\/cetm-madrid.es\/web\/wp-json\/wp\/v2\/types\/post"}],"author":[{"embeddable":true,"href":"https:\/\/cetm-madrid.es\/web\/wp-json\/wp\/v2\/users\/1"}],"replies":[{"embeddable":true,"href":"https:\/\/cetm-madrid.es\/web\/wp-json\/wp\/v2\/comments?post=9095"}],"version-history":[{"count":2,"href":"https:\/\/cetm-madrid.es\/web\/wp-json\/wp\/v2\/posts\/9095\/revisions"}],"predecessor-version":[{"id":9099,"href":"https:\/\/cetm-madrid.es\/web\/wp-json\/wp\/v2\/posts\/9095\/revisions\/9099"}],"wp:featuredmedia":[{"embeddable":true,"href":"https:\/\/cetm-madrid.es\/web\/wp-json\/wp\/v2\/media\/9098"}],"wp:attachment":[{"href":"https:\/\/cetm-madrid.es\/web\/wp-json\/wp\/v2\/media?parent=9095"}],"wp:term":[{"taxonomy":"category","embeddable":true,"href":"https:\/\/cetm-madrid.es\/web\/wp-json\/wp\/v2\/categories?post=9095"},{"taxonomy":"post_tag","embeddable":true,"href":"https:\/\/cetm-madrid.es\/web\/wp-json\/wp\/v2\/tags?post=9095"}],"curies":[{"name":"wp","href":"https:\/\/api.w.org\/{rel}","templated":true}]}}