{"id":9085,"date":"2021-09-13T09:51:29","date_gmt":"2021-09-13T09:51:29","guid":{"rendered":"https:\/\/cetm-madrid.es\/web\/?p=9085"},"modified":"2021-09-15T09:54:56","modified_gmt":"2021-09-15T09:54:56","slug":"prohibicion-de-circulacion-para-los-vehiculos-pesados-en-la-rn-125-en-francia-las-noches-del-13-al-16-de-septiembre","status":"publish","type":"post","link":"https:\/\/cetm-madrid.es\/web\/prohibicion-de-circulacion-para-los-vehiculos-pesados-en-la-rn-125-en-francia-las-noches-del-13-al-16-de-septiembre\/","title":{"rendered":"Prohibici\u00f3n de circulaci\u00f3n para los veh\u00edculos pesados en la RN-125 en Francia las noches del 13 al 16 de septiembre"},"content":{"rendered":"<p>[et_pb_section fb_built=&#8221;1&#8243; admin_label=&#8221;section&#8221; _builder_version=&#8221;3.22&#8243;][et_pb_row admin_label=&#8221;row&#8221; _builder_version=&#8221;3.25&#8243; background_size=&#8221;initial&#8221; background_position=&#8221;top_left&#8221; background_repeat=&#8221;repeat&#8221; column_structure=&#8221;2_3,1_3&#8243;][et_pb_column type=&#8221;2_3&#8243; _builder_version=&#8221;3.25&#8243; custom_padding=&#8221;|||&#8221; custom_padding__hover=&#8221;|||&#8221;][et_pb_text admin_label=&#8221;Texto&#8221; _builder_version=&#8221;4.7.7&#8243; background_size=&#8221;initial&#8221; background_position=&#8221;top_left&#8221; background_repeat=&#8221;repeat&#8221; text_orientation=&#8221;justified&#8221; hover_enabled=&#8221;0&#8243; use_border_color=&#8221;off&#8221; border_color=&#8221;#ffffff&#8221; border_style=&#8221;solid&#8221; sticky_enabled=&#8221;0&#8243;]<\/p>\n<p>Tal y como nos informan desde nuestra asociaci\u00f3n en Lleida, ASOTRANS, las autoridades de la polic\u00eda francesa de la comuna de Melles han prohibido la circulaci\u00f3n de veh\u00edculos pesados<strong> por la carretera RN-125<\/strong> (La Haute Garonne) entre la frontera de Francia, con el Valle de Ar\u00e1n (N-230), y Chaum, <strong>las noches del 13 al 16 de septiembre en horario de 22:00 a 06:00 horas.<\/strong><\/p>\n<p>El motivo de esta prohibici\u00f3n se debe a los <strong>trabajos de mantenimiento del firme<\/strong> de la carretera en las comunas de Arlos y Saint Beat.<\/p>\n<p>Adjuntamos el comunicado que les ha hecho llegar Tr\u00e0nsit.<\/p>\n<p>[\/et_pb_text][\/et_pb_column][et_pb_column type=&#8221;1_3&#8243; _builder_version=&#8221;3.25&#8243; custom_padding=&#8221;|||&#8221; custom_padding__hover=&#8221;|||&#8221;][et_pb_image src=&#8221;https:\/\/cetm-madrid.es\/web\/wp-content\/uploads\/2021\/09\/Captura-3.jpg&#8221; align_tablet=&#8221;center&#8221; align_last_edited=&#8221;on|desktop&#8221; admin_label=&#8221;Imagen&#8221; _builder_version=&#8221;4.7.7&#8243; animation_style=&#8221;slide&#8221; animation_direction=&#8221;left&#8221; animation_duration=&#8221;500ms&#8221; animation_intensity_slide=&#8221;10%&#8221; hover_enabled=&#8221;0&#8243; use_border_color=&#8221;off&#8221; border_color=&#8221;#ffffff&#8221; border_style=&#8221;solid&#8221; animation=&#8221;left&#8221; sticky=&#8221;off&#8221; always_center_on_mobile=&#8221;on&#8221; title_text=&#8221;Captura&#8221; sticky_enabled=&#8221;0&#8243;][\/et_pb_image][et_pb_button _builder_version=&#8221;4.7.7&#8243; _module_preset=&#8221;default&#8221; button_text=&#8221;ADJUNTO&#8221; button_url=&#8221;https:\/\/cetm-madrid.es\/web\/wp-content\/uploads\/2021\/09\/PG-ME-78625-21-GE-UTCOI-MELLES-CI-prohibici\u00f3-circulaci\u00f3-camions-RN125-nits-13-al-16-09-21.pdf&#8221; url_new_window=&#8221;on&#8221; hover_enabled=&#8221;0&#8243; sticky_enabled=&#8221;0&#8243;][\/et_pb_button][\/et_pb_column][\/et_pb_row][\/et_pb_section]<\/p>\n","protected":false},"excerpt":{"rendered":"<p>Tal y como nos informan desde nuestra asociaci\u00f3n en Lleida, ASOTRANS, las autoridades de la polic\u00eda francesa de la comuna de Melles han prohibido la circulaci\u00f3n de veh\u00edculos pesados por la carretera RN-125 (La Haute Garonne) entre la frontera de Francia, con el Valle de Ar\u00e1n (N-230), y Chaum, las noches del 13 al 16 [&hellip;]<\/p>\n","protected":false},"author":1,"featured_media":9088,"comment_status":"closed","ping_status":"open","sticky":false,"template":"","format":"standard","meta":{"_et_pb_use_builder":"on","_et_pb_old_content":"","_et_gb_content_width":"","footnotes":""},"categories":[5,4],"tags":[],"class_list":["post-9085","post","type-post","status-publish","format-standard","has-post-thumbnail","hentry","category-general","category-organizacion"],"_links":{"self":[{"href":"https:\/\/cetm-madrid.es\/web\/wp-json\/wp\/v2\/posts\/9085","targetHints":{"allow":["GET"]}}],"collection":[{"href":"https:\/\/cetm-madrid.es\/web\/wp-json\/wp\/v2\/posts"}],"about":[{"href":"https:\/\/cetm-madrid.es\/web\/wp-json\/wp\/v2\/types\/post"}],"author":[{"embeddable":true,"href":"https:\/\/cetm-madrid.es\/web\/wp-json\/wp\/v2\/users\/1"}],"replies":[{"embeddable":true,"href":"https:\/\/cetm-madrid.es\/web\/wp-json\/wp\/v2\/comments?post=9085"}],"version-history":[{"count":2,"href":"https:\/\/cetm-madrid.es\/web\/wp-json\/wp\/v2\/posts\/9085\/revisions"}],"predecessor-version":[{"id":9090,"href":"https:\/\/cetm-madrid.es\/web\/wp-json\/wp\/v2\/posts\/9085\/revisions\/9090"}],"wp:featuredmedia":[{"embeddable":true,"href":"https:\/\/cetm-madrid.es\/web\/wp-json\/wp\/v2\/media\/9088"}],"wp:attachment":[{"href":"https:\/\/cetm-madrid.es\/web\/wp-json\/wp\/v2\/media?parent=9085"}],"wp:term":[{"taxonomy":"category","embeddable":true,"href":"https:\/\/cetm-madrid.es\/web\/wp-json\/wp\/v2\/categories?post=9085"},{"taxonomy":"post_tag","embeddable":true,"href":"https:\/\/cetm-madrid.es\/web\/wp-json\/wp\/v2\/tags?post=9085"}],"curies":[{"name":"wp","href":"https:\/\/api.w.org\/{rel}","templated":true}]}}