{"id":9068,"date":"2021-09-13T09:26:19","date_gmt":"2021-09-13T09:26:19","guid":{"rendered":"https:\/\/cetm-madrid.es\/web\/?p=9068"},"modified":"2021-09-15T09:34:24","modified_gmt":"2021-09-15T09:34:24","slug":"exenciones-a-la-prohibicion-de-circulacion-para-los-camiones-en-la-ap-7","status":"publish","type":"post","link":"https:\/\/cetm-madrid.es\/web\/exenciones-a-la-prohibicion-de-circulacion-para-los-camiones-en-la-ap-7\/","title":{"rendered":"Exenciones a la prohibici\u00f3n de circulaci\u00f3n para los camiones en la AP-7"},"content":{"rendered":"<p>[et_pb_section fb_built=&#8221;1&#8243; admin_label=&#8221;section&#8221; _builder_version=&#8221;3.22&#8243;][et_pb_row admin_label=&#8221;row&#8221; _builder_version=&#8221;3.25&#8243; background_size=&#8221;initial&#8221; background_position=&#8221;top_left&#8221; background_repeat=&#8221;repeat&#8221; column_structure=&#8221;2_3,1_3&#8243;][et_pb_column type=&#8221;2_3&#8243; _builder_version=&#8221;3.25&#8243; custom_padding=&#8221;|||&#8221; custom_padding__hover=&#8221;|||&#8221;][et_pb_text admin_label=&#8221;Texto&#8221; _builder_version=&#8221;4.7.7&#8243; background_size=&#8221;initial&#8221; background_position=&#8221;top_left&#8221; background_repeat=&#8221;repeat&#8221; text_orientation=&#8221;justified&#8221; hover_enabled=&#8221;0&#8243; use_border_color=&#8221;off&#8221; border_color=&#8221;#ffffff&#8221; border_style=&#8221;solid&#8221; sticky_enabled=&#8221;0&#8243;]<\/p>\n<p>El Servicio Catal\u00e1n de Tr\u00e1fico ha enviado una nota en la que aclara que la prohibici\u00f3n de circulaci\u00f3n para los camiones en la AP-7 los domingos de 17:00 a 22:00 horas <strong>no afecta a ning\u00fan otro punto de la Resoluci\u00f3n INT\/332\/2021<\/strong>, de 8 de febrero.<\/p>\n<p>De esta manera explican que lo dispuesto en el punto 2.1.1.1, que dispone que los veh\u00edculos de transporte de mercanc\u00edas en general que cumplan los requisitos establecidos en el Anexo E est\u00e1n exentos de las restricciones, <strong>no se modifica.<\/strong><\/p>\n<p>Por tanto,<strong> las exenciones contempladas en dicho anexo se aplican a la restricci\u00f3n de la AP-7 y podr\u00e1n circular con normalidad.<\/strong><\/p>\n<p>A continuaci\u00f3n, reproducimos la parte del Anexo E que recoge dichas exenciones:<\/p>\n<p><em>&#8220;Anexo E<\/em><br \/><em>Exenciones a las restricciones a la circulaci\u00f3n de veh\u00edculos o conjuntos de veh\u00edculos dedicados al transporte de mercanc\u00edas en general.<\/em><\/p>\n<p><em>Est\u00e1n exentos de restricci\u00f3n, por raz\u00f3n del calendario, con car\u00e1cter permanente, <strong>incluyendo la vuelta de vac\u00edo<\/strong>, los veh\u00edculos que transporten las mercanc\u00edas siguientes:<\/em><\/p>\n<p><em><strong>1. Los veh\u00edculos destinados al transporte de:<\/strong><\/em><\/p>\n<p><em>a) Ganado vivo.<\/em><\/p>\n<p><em>b) Basura provenientes de la recogida municipal; s\u00f3lo la fracci\u00f3n restos (o rechazo) y org\u00e1nica (no se incluyen el vidrio, los envases ni el cart\u00f3n).<\/em><\/p>\n<p><em>c) Leche cruda.<\/em><\/p>\n<p><em>d) Alimentaci\u00f3n animal (piensos y forrajes) para granjas en producci\u00f3n.<\/em><\/p>\n<p><em>e) Veh\u00edculos destinados a operaciones de retransmisi\u00f3n o enlace en telecomunicaciones para cadenas de televisi\u00f3n, radio, sat\u00e9lite o similares.<\/em><\/p>\n<p><strong><em>2. Los veh\u00edculos destinados exclusivamente al transporte de cargas de:<\/em><\/strong><\/p>\n<p><em>a) Agua destinada al consumo humano mediante cisternas m\u00f3viles.<\/em><\/p>\n<p><em>b) Servicio de correos.<\/em><\/p>\n<p><em>c) Distribuci\u00f3n de prensa diaria.<\/em><\/p>\n<p><em>d) Traslado de fundentes de emergencia para las v\u00edas en periodo invernal.<\/em><\/p>\n<p><em><strong>3. Los veh\u00edculos destinados al auxilio en carretera con la placa V-24 correspondiente.<\/strong><\/em><\/p>\n<p><em><strong>4.<\/strong> Los veh\u00edculos vinculados a la campa\u00f1a de la vendimia y sus derivados, entre agosto y octubre; la campa\u00f1a de la fruta dulce, de junio a septiembre, o del cereal y semillas oleaginosas, entre junio y octubre, exclusivamente en todos los casos entre los campos y los almacenes ya la inversa utilizando cualquiera de los tramos restringidos de la red viaria catalana, si queda acreditada documentalmente esta finalidad.<\/em><\/p>\n<p><em>5 &#8230;<\/em><\/p>\n<p><em><strong>6.<\/strong> Los veh\u00edculos que circulen por la AP-7 \/ E-15 en sentido norte, siempre que puedan acreditar de forma documental que tienen sus bases, el lugar de descanso o la residencia habitual en las comarcas del Alt Camp, el Baix Camp o el Tarragon\u00e8s. Estos veh\u00edculos deber\u00e1n abandonar la AP-7 \/ E-15, como m\u00e1ximo, por la salida 33 en Tarragona.<\/em><\/p>\n<p><em>7. Los veh\u00edculos que transporten productos perecederos de los recogidos en el anexo 3 del Acuerdo internacional sobre el transporte de mercanc\u00edas perecederas (ATP), as\u00ed como verduras y frutas frescas en veh\u00edculos que cumplan las definiciones y normas expresadas en el anexo 1 de la ATP, siempre que este tipo de carga suponga como m\u00ednimo la mitad de la capacidad de carga del veh\u00edculo o ocupe la mitad del volumen de carga \u00fatil del veh\u00edculo, pueden circular por los tramos siguientes:<\/em><\/p>\n<p><em>a) Para los movimientos sur-norte, la AP-7 \/ E-15 entre la de los Infantes, PK 281,0, y el Vendrell, PK 221,5, y la C-32 entre el Vendrell, PK 0,0, y Vilanova y la Geltr\u00fa, PK 22,5, para enlazar con la C-15, C-37 y C-25 y viceversa; y la AP-2 entre la Bisbal del Pened\u00e8s, PK 228,8, y el enlace con la AP-7, PK 232, y de este enlace hasta el Vendrell en el PK 119,5 de la AP- 7.<\/em><\/p>\n<p><em>c) &#8230;<\/em><\/p>\n<p>Adjuntamos la nota emitida por Tr\u00e0nsit para su consulta.<\/p>\n<p>[\/et_pb_text][\/et_pb_column][et_pb_column type=&#8221;1_3&#8243; _builder_version=&#8221;3.25&#8243; custom_padding=&#8221;|||&#8221; custom_padding__hover=&#8221;|||&#8221;][et_pb_image src=&#8221;https:\/\/cetm-madrid.es\/web\/wp-content\/uploads\/2021\/06\/Dise\u00f1o-sin-t\u00edtulo-13.png&#8221; align_tablet=&#8221;center&#8221; align_last_edited=&#8221;on|desktop&#8221; admin_label=&#8221;Imagen&#8221; _builder_version=&#8221;4.7.7&#8243; animation_style=&#8221;slide&#8221; animation_direction=&#8221;left&#8221; animation_duration=&#8221;500ms&#8221; animation_intensity_slide=&#8221;10%&#8221; hover_enabled=&#8221;0&#8243; use_border_color=&#8221;off&#8221; border_color=&#8221;#ffffff&#8221; border_style=&#8221;solid&#8221; animation=&#8221;left&#8221; sticky=&#8221;off&#8221; always_center_on_mobile=&#8221;on&#8221; title_text=&#8221;Dise\u00f1o sin t\u00edtulo (13)&#8221; sticky_enabled=&#8221;0&#8243;][\/et_pb_image][\/et_pb_column][\/et_pb_row][\/et_pb_section]<\/p>\n","protected":false},"excerpt":{"rendered":"<p>El Servicio Catal\u00e1n de Tr\u00e1fico ha enviado una nota en la que aclara que la prohibici\u00f3n de circulaci\u00f3n para los camiones en la AP-7 los domingos de 17:00 a 22:00 horas no afecta a ning\u00fan otro punto de la Resoluci\u00f3n INT\/332\/2021, de 8 de febrero. De esta manera explican que lo dispuesto en el punto [&hellip;]<\/p>\n","protected":false},"author":1,"featured_media":8494,"comment_status":"closed","ping_status":"open","sticky":false,"template":"","format":"standard","meta":{"_et_pb_use_builder":"on","_et_pb_old_content":"","_et_gb_content_width":"","footnotes":""},"categories":[5,4],"tags":[],"class_list":["post-9068","post","type-post","status-publish","format-standard","has-post-thumbnail","hentry","category-general","category-organizacion"],"_links":{"self":[{"href":"https:\/\/cetm-madrid.es\/web\/wp-json\/wp\/v2\/posts\/9068","targetHints":{"allow":["GET"]}}],"collection":[{"href":"https:\/\/cetm-madrid.es\/web\/wp-json\/wp\/v2\/posts"}],"about":[{"href":"https:\/\/cetm-madrid.es\/web\/wp-json\/wp\/v2\/types\/post"}],"author":[{"embeddable":true,"href":"https:\/\/cetm-madrid.es\/web\/wp-json\/wp\/v2\/users\/1"}],"replies":[{"embeddable":true,"href":"https:\/\/cetm-madrid.es\/web\/wp-json\/wp\/v2\/comments?post=9068"}],"version-history":[{"count":2,"href":"https:\/\/cetm-madrid.es\/web\/wp-json\/wp\/v2\/posts\/9068\/revisions"}],"predecessor-version":[{"id":9071,"href":"https:\/\/cetm-madrid.es\/web\/wp-json\/wp\/v2\/posts\/9068\/revisions\/9071"}],"wp:featuredmedia":[{"embeddable":true,"href":"https:\/\/cetm-madrid.es\/web\/wp-json\/wp\/v2\/media\/8494"}],"wp:attachment":[{"href":"https:\/\/cetm-madrid.es\/web\/wp-json\/wp\/v2\/media?parent=9068"}],"wp:term":[{"taxonomy":"category","embeddable":true,"href":"https:\/\/cetm-madrid.es\/web\/wp-json\/wp\/v2\/categories?post=9068"},{"taxonomy":"post_tag","embeddable":true,"href":"https:\/\/cetm-madrid.es\/web\/wp-json\/wp\/v2\/tags?post=9068"}],"curies":[{"name":"wp","href":"https:\/\/api.w.org\/{rel}","templated":true}]}}