{"id":9035,"date":"2021-09-10T15:27:51","date_gmt":"2021-09-10T15:27:51","guid":{"rendered":"https:\/\/cetm-madrid.es\/web\/?p=9035"},"modified":"2021-09-11T15:42:55","modified_gmt":"2021-09-11T15:42:55","slug":"la-cetm-apoya-a-cetcat-que-presentara-un-recurso-para-pedir-la-suspension-de-la-prohibicion-de-circulacion-de-camiones-en-la-ap-7","status":"publish","type":"post","link":"https:\/\/cetm-madrid.es\/web\/la-cetm-apoya-a-cetcat-que-presentara-un-recurso-para-pedir-la-suspension-de-la-prohibicion-de-circulacion-de-camiones-en-la-ap-7\/","title":{"rendered":"La CETM  apoya a CETCAT  que presentar\u00e1 un recurso para pedir la suspensi\u00f3n de la prohibici\u00f3n de circulaci\u00f3n de camiones en la ap-7"},"content":{"rendered":"<p>[et_pb_section fb_built=&#8221;1&#8243; admin_label=&#8221;section&#8221; _builder_version=&#8221;3.22&#8243;][et_pb_row admin_label=&#8221;row&#8221; _builder_version=&#8221;3.25&#8243; background_size=&#8221;initial&#8221; background_position=&#8221;top_left&#8221; background_repeat=&#8221;repeat&#8221; column_structure=&#8221;2_3,1_3&#8243;][et_pb_column type=&#8221;2_3&#8243; _builder_version=&#8221;3.25&#8243; custom_padding=&#8221;|||&#8221; custom_padding__hover=&#8221;|||&#8221;][et_pb_text admin_label=&#8221;Texto&#8221; _builder_version=&#8221;4.7.7&#8243; background_size=&#8221;initial&#8221; background_position=&#8221;top_left&#8221; background_repeat=&#8221;repeat&#8221; text_orientation=&#8221;justified&#8221; hover_enabled=&#8221;0&#8243; use_border_color=&#8221;off&#8221; border_color=&#8221;#ffffff&#8221; border_style=&#8221;solid&#8221; sticky_enabled=&#8221;0&#8243;]<\/p>\n<p>La Confederaci\u00f3n Empresarial de Transportes por Carretera de Catalu\u00f1a (CETCAT),\u00a0 miembro de la CETM, se ha reunido de urgencia y ha acordado presentar junto con<br \/>otras organizaciones de transporte un Recurso hoy mismo ante los Tribunales de lo Contencioso-Administrativo para <strong>pedir la suspensi\u00f3n cautelar\u00edsima<\/strong> de la prohibici\u00f3n de circulaci\u00f3n a los camiones por la AP-7 los domingos del presente mes de septiembre.<\/p>\n<p>Las organizaciones del transporte catal\u00e1n entienden que no hay ninguna justificaci\u00f3n que avale la adopci\u00f3n de dicha prohibici\u00f3n, <strong>y se sienten, una vez m\u00e1s, se\u00f1alados<\/strong><br \/><strong>y criminalizados<\/strong> por la Administraci\u00f3n.<\/p>\n<p>La CETM <strong>apoya con rotundidad<\/strong> a CETCAT puesto que la decisi\u00f3n que ha tomado el Servicio Catal\u00e1n de Tr\u00e1fico <strong>perjudica seriamente a las empresas de transporte y atiende a razones injustas.<\/strong><\/p>\n<p>Asimismo, al igual que nuestra Confederaci\u00f3n en Catalu\u00f1a, confiamos en que los Tribunales de Justicia amparen nuestros derechos e instamos a Tr\u00e0nsit a que elimine<br \/>esta prohibici\u00f3n que <strong>no es la soluci\u00f3n real<\/strong> a las retenciones de la AP-7.<\/p>\n<p>[\/et_pb_text][\/et_pb_column][et_pb_column type=&#8221;1_3&#8243; _builder_version=&#8221;3.25&#8243; custom_padding=&#8221;|||&#8221; custom_padding__hover=&#8221;|||&#8221;][et_pb_image src=&#8221;https:\/\/cetm-madrid.es\/web\/wp-content\/uploads\/2021\/05\/Dise\u00f1o-sin-t\u00edtulo-7.png&#8221; align_tablet=&#8221;center&#8221; align_last_edited=&#8221;on|desktop&#8221; admin_label=&#8221;Imagen&#8221; _builder_version=&#8221;4.7.7&#8243; animation_style=&#8221;slide&#8221; animation_direction=&#8221;left&#8221; animation_duration=&#8221;500ms&#8221; animation_intensity_slide=&#8221;10%&#8221; hover_enabled=&#8221;0&#8243; use_border_color=&#8221;off&#8221; border_color=&#8221;#ffffff&#8221; border_style=&#8221;solid&#8221; animation=&#8221;left&#8221; sticky=&#8221;off&#8221; always_center_on_mobile=&#8221;on&#8221; title_text=&#8221;Dise\u00f1o sin t\u00edtulo (7)&#8221; sticky_enabled=&#8221;0&#8243;][\/et_pb_image][\/et_pb_column][\/et_pb_row][\/et_pb_section]<\/p>\n","protected":false},"excerpt":{"rendered":"<p>La Confederaci\u00f3n Empresarial de Transportes por Carretera de Catalu\u00f1a (CETCAT),\u00a0 miembro de la CETM, se ha reunido de urgencia y ha acordado presentar junto conotras organizaciones de transporte un Recurso hoy mismo ante los Tribunales de lo Contencioso-Administrativo para pedir la suspensi\u00f3n cautelar\u00edsima de la prohibici\u00f3n de circulaci\u00f3n a los camiones por la AP-7 los [&hellip;]<\/p>\n","protected":false},"author":1,"featured_media":8398,"comment_status":"closed","ping_status":"open","sticky":false,"template":"","format":"standard","meta":{"_et_pb_use_builder":"on","_et_pb_old_content":"","_et_gb_content_width":"","footnotes":""},"categories":[5,4],"tags":[],"class_list":["post-9035","post","type-post","status-publish","format-standard","has-post-thumbnail","hentry","category-general","category-organizacion"],"_links":{"self":[{"href":"https:\/\/cetm-madrid.es\/web\/wp-json\/wp\/v2\/posts\/9035","targetHints":{"allow":["GET"]}}],"collection":[{"href":"https:\/\/cetm-madrid.es\/web\/wp-json\/wp\/v2\/posts"}],"about":[{"href":"https:\/\/cetm-madrid.es\/web\/wp-json\/wp\/v2\/types\/post"}],"author":[{"embeddable":true,"href":"https:\/\/cetm-madrid.es\/web\/wp-json\/wp\/v2\/users\/1"}],"replies":[{"embeddable":true,"href":"https:\/\/cetm-madrid.es\/web\/wp-json\/wp\/v2\/comments?post=9035"}],"version-history":[{"count":2,"href":"https:\/\/cetm-madrid.es\/web\/wp-json\/wp\/v2\/posts\/9035\/revisions"}],"predecessor-version":[{"id":9038,"href":"https:\/\/cetm-madrid.es\/web\/wp-json\/wp\/v2\/posts\/9035\/revisions\/9038"}],"wp:featuredmedia":[{"embeddable":true,"href":"https:\/\/cetm-madrid.es\/web\/wp-json\/wp\/v2\/media\/8398"}],"wp:attachment":[{"href":"https:\/\/cetm-madrid.es\/web\/wp-json\/wp\/v2\/media?parent=9035"}],"wp:term":[{"taxonomy":"category","embeddable":true,"href":"https:\/\/cetm-madrid.es\/web\/wp-json\/wp\/v2\/categories?post=9035"},{"taxonomy":"post_tag","embeddable":true,"href":"https:\/\/cetm-madrid.es\/web\/wp-json\/wp\/v2\/tags?post=9035"}],"curies":[{"name":"wp","href":"https:\/\/api.w.org\/{rel}","templated":true}]}}