{"id":9031,"date":"2021-09-10T15:10:53","date_gmt":"2021-09-10T15:10:53","guid":{"rendered":"https:\/\/cetm-madrid.es\/web\/?p=9031"},"modified":"2021-09-11T15:22:06","modified_gmt":"2021-09-11T15:22:06","slug":"transit-publica-la-prohibicion-de-circulacion-para-los-camiones-los-domingos-en-la-ap-7-y-la-cetm-manifiesta-su-profundo-rechazo","status":"publish","type":"post","link":"https:\/\/cetm-madrid.es\/web\/transit-publica-la-prohibicion-de-circulacion-para-los-camiones-los-domingos-en-la-ap-7-y-la-cetm-manifiesta-su-profundo-rechazo\/","title":{"rendered":"Tr\u00e0nsit publica la prohibici\u00f3n de circulaci\u00f3n para los camiones los domingos en la ap-7 y la CETM  manifiesta su profundo rechazo"},"content":{"rendered":"<p>[et_pb_section fb_built=&#8221;1&#8243; admin_label=&#8221;section&#8221; _builder_version=&#8221;3.22&#8243;][et_pb_row admin_label=&#8221;row&#8221; _builder_version=&#8221;3.25&#8243; background_size=&#8221;initial&#8221; background_position=&#8221;top_left&#8221; background_repeat=&#8221;repeat&#8221; column_structure=&#8221;2_3,1_3&#8243;][et_pb_column type=&#8221;2_3&#8243; _builder_version=&#8221;3.25&#8243; custom_padding=&#8221;|||&#8221; custom_padding__hover=&#8221;|||&#8221;][et_pb_text admin_label=&#8221;Texto&#8221; _builder_version=&#8221;4.7.7&#8243; background_size=&#8221;initial&#8221; background_position=&#8221;top_left&#8221; background_repeat=&#8221;repeat&#8221; text_orientation=&#8221;justified&#8221; hover_enabled=&#8221;0&#8243; use_border_color=&#8221;off&#8221; border_color=&#8221;#ffffff&#8221; border_style=&#8221;solid&#8221; sticky_enabled=&#8221;0&#8243;]<\/p>\n<p>Tal y como informamos ayer, el Servicio Catal\u00e1n de Tr\u00e1fico ha publicado este viernes en el DOGC la <a href=\"https:\/\/www.cetm.es\/add\/BancoDeDocumentos\/noticias\/restriccion_ap7.pdf\" target=\"_blank\" rel=\"noopener noreferrer\">Resoluci\u00f3n INT\/2750\/2021, de 9 de septiembre<\/a>, por la que se modifica<br \/>la Resoluci\u00f3n INT 332\/2021, de 8 de febrero, por la que se establecen las restricciones a la circulaci\u00f3n durante el a\u00f1o 2021.<\/p>\n<p>Esta Resoluci\u00f3n modifica el anexo B restringiendo la circulaci\u00f3n de los veh\u00edculos o conjuntos de veh\u00edculos que superen los 7.500 kg de masa m\u00e1xima autorizada (MMM)<br \/>o masa del conjunto (MMC)<strong> en la autopista AP-7<\/strong> <span style=\"text-decoration: underline;\">entre los puntos kilom\u00e9tricos 84.5, en Ma\u00e7anet de la Selva, y 281.0, en L\u2019Hospitalet de I\u2019infant<\/span>, entre las 17 y las 22 horas <strong>todos los domingos del mes de septiembre.<\/strong><\/p>\n<p>La CETM manifiesta su profundo rechazo a una medida cuya \u00fanica utilidad ser\u00e1 la de <strong>estigmatizar, una vez m\u00e1s, al transporte de mercanc\u00edas por carretera.<\/strong><\/p>\n<p>Tr\u00e0nsit se escuda en las retenciones que tuvieron lugar el pasado fin de semana para establecer esta medida, a pesar de conocer que las aglomeraciones en la AP-7 se<br \/>generaron por el aumento de desplazamientos debido a la Operaci\u00f3n Retorno de Verano y porque <strong>las concesionarias no han retirado todav\u00eda los p\u00f3rticos de entrada a la autopista.<\/strong><\/p>\n<p>Ahora, en lugar de buscar otras soluciones m\u00e1s factibles, el Servicio Catal\u00e1n de Tr\u00e1fico pone en marcha esta prohibici\u00f3n a sabiendas de que los camiones no fueron<br \/>los causantes y sin importar que <strong>son los que principalmente han estado abonando el importe de los peajes<\/strong> durante su funcionamiento.<\/p>\n<p>De esta manera, son las empresas de transporte <strong>las que tienen que pagar la falta de previsi\u00f3n y la dejadez de Abertis<\/strong>, as\u00ed como la falta de rango de la Administraci\u00f3n con la concesionaria.<\/p>\n<p>En nuestra opini\u00f3n, se trata de un pretexto que Tr\u00e0nsit ha utilizado para lograr que los camiones abandonen las autopistas, sin tener en cuenta que afecta a un sector<br \/><strong>fundamental para garantizar el funcionamiento de la cadena de suministro.<\/strong><\/p>\n<p>Asimismo, esta norma no tiene en cuenta el impacto negativo que supondr\u00e1 para las empresas del sector, <strong>incrementando sus costes<\/strong>, puesto que deber\u00e1n mantener<br \/>inactivas sus flotas durante el horario restringido o planificar rutas m\u00e1s elevadas en cuanto a tiempo y dinero.<\/p>\n<p>Desde la patronal del transporte abogamos por la b\u00fasqueda de otras soluciones que eviten este perjuicio y pedimos que esta medida que se ha establecido de manera<br \/>temporal <strong>no se convierta en una norma perpetua.<\/strong><\/p>\n<p>[\/et_pb_text][\/et_pb_column][et_pb_column type=&#8221;1_3&#8243; _builder_version=&#8221;3.25&#8243; custom_padding=&#8221;|||&#8221; custom_padding__hover=&#8221;|||&#8221;][et_pb_image src=&#8221;https:\/\/cetm-madrid.es\/web\/wp-content\/uploads\/2021\/03\/Dise\u00f1o-sin-t\u00edtulo-26.png&#8221; align_tablet=&#8221;center&#8221; align_last_edited=&#8221;on|desktop&#8221; admin_label=&#8221;Imagen&#8221; _builder_version=&#8221;4.7.7&#8243; animation_style=&#8221;slide&#8221; animation_direction=&#8221;left&#8221; animation_duration=&#8221;500ms&#8221; animation_intensity_slide=&#8221;10%&#8221; hover_enabled=&#8221;0&#8243; use_border_color=&#8221;off&#8221; border_color=&#8221;#ffffff&#8221; border_style=&#8221;solid&#8221; animation=&#8221;left&#8221; sticky=&#8221;off&#8221; always_center_on_mobile=&#8221;on&#8221; title_text=&#8221;Dise\u00f1o sin t\u00edtulo (26)&#8221; sticky_enabled=&#8221;0&#8243;][\/et_pb_image][et_pb_button _builder_version=&#8221;4.7.7&#8243; _module_preset=&#8221;default&#8221; button_text=&#8221;Resoluci\u00f3n &#8221; button_url=&#8221;https:\/\/cetm-madrid.es\/web\/wp-content\/uploads\/2021\/09\/Resoluci\u00f3n-INT-2750-2021-9-de-septiembre-restricci\u00f3n-AP-7.pdf&#8221; url_new_window=&#8221;on&#8221; hover_enabled=&#8221;0&#8243; sticky_enabled=&#8221;0&#8243;][\/et_pb_button][\/et_pb_column][\/et_pb_row][\/et_pb_section]<\/p>\n","protected":false},"excerpt":{"rendered":"<p>Tal y como informamos ayer, el Servicio Catal\u00e1n de Tr\u00e1fico ha publicado este viernes en el DOGC la Resoluci\u00f3n INT\/2750\/2021, de 9 de septiembre, por la que se modificala Resoluci\u00f3n INT 332\/2021, de 8 de febrero, por la que se establecen las restricciones a la circulaci\u00f3n durante el a\u00f1o 2021. Esta Resoluci\u00f3n modifica el anexo [&hellip;]<\/p>\n","protected":false},"author":1,"featured_media":7729,"comment_status":"closed","ping_status":"open","sticky":false,"template":"","format":"standard","meta":{"_et_pb_use_builder":"on","_et_pb_old_content":"","_et_gb_content_width":"","footnotes":""},"categories":[5,4],"tags":[],"class_list":["post-9031","post","type-post","status-publish","format-standard","has-post-thumbnail","hentry","category-general","category-organizacion"],"_links":{"self":[{"href":"https:\/\/cetm-madrid.es\/web\/wp-json\/wp\/v2\/posts\/9031","targetHints":{"allow":["GET"]}}],"collection":[{"href":"https:\/\/cetm-madrid.es\/web\/wp-json\/wp\/v2\/posts"}],"about":[{"href":"https:\/\/cetm-madrid.es\/web\/wp-json\/wp\/v2\/types\/post"}],"author":[{"embeddable":true,"href":"https:\/\/cetm-madrid.es\/web\/wp-json\/wp\/v2\/users\/1"}],"replies":[{"embeddable":true,"href":"https:\/\/cetm-madrid.es\/web\/wp-json\/wp\/v2\/comments?post=9031"}],"version-history":[{"count":2,"href":"https:\/\/cetm-madrid.es\/web\/wp-json\/wp\/v2\/posts\/9031\/revisions"}],"predecessor-version":[{"id":9034,"href":"https:\/\/cetm-madrid.es\/web\/wp-json\/wp\/v2\/posts\/9031\/revisions\/9034"}],"wp:featuredmedia":[{"embeddable":true,"href":"https:\/\/cetm-madrid.es\/web\/wp-json\/wp\/v2\/media\/7729"}],"wp:attachment":[{"href":"https:\/\/cetm-madrid.es\/web\/wp-json\/wp\/v2\/media?parent=9031"}],"wp:term":[{"taxonomy":"category","embeddable":true,"href":"https:\/\/cetm-madrid.es\/web\/wp-json\/wp\/v2\/categories?post=9031"},{"taxonomy":"post_tag","embeddable":true,"href":"https:\/\/cetm-madrid.es\/web\/wp-json\/wp\/v2\/tags?post=9031"}],"curies":[{"name":"wp","href":"https:\/\/api.w.org\/{rel}","templated":true}]}}