{"id":9021,"date":"2021-09-09T06:54:47","date_gmt":"2021-09-09T06:54:47","guid":{"rendered":"https:\/\/cetm-madrid.es\/web\/?p=9021"},"modified":"2021-09-10T07:04:18","modified_gmt":"2021-09-10T07:04:18","slug":"transit-estudia-prohibir-el-trafico-de-camiones-en-las-autopistas-catalanas-todos-los-domingos-del-mes-de-septiembre","status":"publish","type":"post","link":"https:\/\/cetm-madrid.es\/web\/transit-estudia-prohibir-el-trafico-de-camiones-en-las-autopistas-catalanas-todos-los-domingos-del-mes-de-septiembre\/","title":{"rendered":"Tr\u00e0nsit estudia prohibir el tr\u00e1fico de camiones en las autopistas catalanas todos los domingos del mes de septiembre"},"content":{"rendered":"<p>[et_pb_section fb_built=&#8221;1&#8243; admin_label=&#8221;section&#8221; _builder_version=&#8221;3.22&#8243;][et_pb_row column_structure=&#8221;2_3,1_3&#8243; admin_label=&#8221;row&#8221; _builder_version=&#8221;3.25&#8243; background_size=&#8221;initial&#8221; background_position=&#8221;top_left&#8221; background_repeat=&#8221;repeat&#8221;][et_pb_column type=&#8221;2_3&#8243; _builder_version=&#8221;3.25&#8243; custom_padding=&#8221;|||&#8221; custom_padding__hover=&#8221;|||&#8221;][et_pb_text admin_label=&#8221;Texto&#8221; _builder_version=&#8221;4.7.7&#8243; background_size=&#8221;initial&#8221; background_position=&#8221;top_left&#8221; background_repeat=&#8221;repeat&#8221; text_orientation=&#8221;justified&#8221; use_border_color=&#8221;off&#8221; border_color=&#8221;#ffffff&#8221; border_style=&#8221;solid&#8221;]<\/p>\n<p>Seg\u00fan nos informa nuestra federaci\u00f3n empresarial en Tarragona (FEAT), el Servei Catal\u00e0 de Tr\u00e0nsit tiene previsto prohibir la circulaci\u00f3n de veh\u00edculos pesados en las autopistas catalanas todos <strong>los domingos del mes de septiembre desde las 17:00 hasta las 22:00 horas.<\/strong><\/p>\n<p>Tras las retenciones y colapsos que se produjeron el pasado domingo, est\u00e1 previsto que esta medida <strong>se publique ma\u00f1ana en el Diario Oficial<\/strong> de la Generalitat de Catalu\u00f1a.<\/p>\n<p>A pesar de que la congesti\u00f3n de las v\u00edas se produjo debido a la Operaci\u00f3n Retorno del Verano y a <strong>los pocos viales habilitados para pasar en los antiguos peajes<\/strong>, ser\u00e1n los camiones los que paguen la imprevisi\u00f3n que el propio servicio de tr\u00e1fico ha reconocido.<\/p>\n<p>Aunque todav\u00eda no es oficial, desde la CETM queremos hacer llegar a nuestras empresas asociadas est\u00e1 informaci\u00f3n para que <strong>est\u00e9n prevenidas y puedan actuar con agilidad<\/strong> cuando se confirme esta prohibici\u00f3n. Tan pronto como est\u00e9 publicada, la pondremos en su conocimiento.<\/p>\n<p>[\/et_pb_text][\/et_pb_column][et_pb_column type=&#8221;1_3&#8243; _builder_version=&#8221;3.25&#8243; custom_padding=&#8221;|||&#8221; custom_padding__hover=&#8221;|||&#8221;][et_pb_image src=&#8221;https:\/\/cetm-madrid.es\/web\/wp-content\/uploads\/2021\/09\/Dise\u00f1o-sin-t\u00edtulo-22.png&#8221; title_text=&#8221;Dise\u00f1o sin t\u00edtulo (22)&#8221; align_tablet=&#8221;center&#8221; align_phone=&#8221;&#8221; align_last_edited=&#8221;on|desktop&#8221; admin_label=&#8221;Imagen&#8221; _builder_version=&#8221;4.7.7&#8243; animation_style=&#8221;slide&#8221; animation_direction=&#8221;left&#8221; animation_duration=&#8221;500ms&#8221; animation_intensity_slide=&#8221;10%&#8221; use_border_color=&#8221;off&#8221; border_color=&#8221;#ffffff&#8221; border_style=&#8221;solid&#8221; animation=&#8221;left&#8221; sticky=&#8221;off&#8221; always_center_on_mobile=&#8221;on&#8221;][\/et_pb_image][\/et_pb_column][\/et_pb_row][\/et_pb_section]<\/p>\n","protected":false},"excerpt":{"rendered":"<p>Seg\u00fan nos informa nuestra federaci\u00f3n empresarial en Tarragona (FEAT), el Servei Catal\u00e0 de Tr\u00e0nsit tiene previsto prohibir la circulaci\u00f3n de veh\u00edculos pesados en las autopistas catalanas todos los domingos del mes de septiembre desde las 17:00 hasta las 22:00 horas. Tras las retenciones y colapsos que se produjeron el pasado domingo, est\u00e1 previsto que esta [&hellip;]<\/p>\n","protected":false},"author":1,"featured_media":9026,"comment_status":"closed","ping_status":"open","sticky":false,"template":"","format":"standard","meta":{"_et_pb_use_builder":"on","_et_pb_old_content":"","_et_gb_content_width":"","footnotes":""},"categories":[5,4],"tags":[],"class_list":["post-9021","post","type-post","status-publish","format-standard","has-post-thumbnail","hentry","category-general","category-organizacion"],"_links":{"self":[{"href":"https:\/\/cetm-madrid.es\/web\/wp-json\/wp\/v2\/posts\/9021","targetHints":{"allow":["GET"]}}],"collection":[{"href":"https:\/\/cetm-madrid.es\/web\/wp-json\/wp\/v2\/posts"}],"about":[{"href":"https:\/\/cetm-madrid.es\/web\/wp-json\/wp\/v2\/types\/post"}],"author":[{"embeddable":true,"href":"https:\/\/cetm-madrid.es\/web\/wp-json\/wp\/v2\/users\/1"}],"replies":[{"embeddable":true,"href":"https:\/\/cetm-madrid.es\/web\/wp-json\/wp\/v2\/comments?post=9021"}],"version-history":[{"count":3,"href":"https:\/\/cetm-madrid.es\/web\/wp-json\/wp\/v2\/posts\/9021\/revisions"}],"predecessor-version":[{"id":9027,"href":"https:\/\/cetm-madrid.es\/web\/wp-json\/wp\/v2\/posts\/9021\/revisions\/9027"}],"wp:featuredmedia":[{"embeddable":true,"href":"https:\/\/cetm-madrid.es\/web\/wp-json\/wp\/v2\/media\/9026"}],"wp:attachment":[{"href":"https:\/\/cetm-madrid.es\/web\/wp-json\/wp\/v2\/media?parent=9021"}],"wp:term":[{"taxonomy":"category","embeddable":true,"href":"https:\/\/cetm-madrid.es\/web\/wp-json\/wp\/v2\/categories?post=9021"},{"taxonomy":"post_tag","embeddable":true,"href":"https:\/\/cetm-madrid.es\/web\/wp-json\/wp\/v2\/tags?post=9021"}],"curies":[{"name":"wp","href":"https:\/\/api.w.org\/{rel}","templated":true}]}}