{"id":9014,"date":"2021-09-09T06:46:28","date_gmt":"2021-09-09T06:46:28","guid":{"rendered":"https:\/\/cetm-madrid.es\/web\/?p=9014"},"modified":"2021-09-10T06:51:34","modified_gmt":"2021-09-10T06:51:34","slug":"cortada-la-ap-7-en-malaga-debido-a-un-incendio-en-sierra-bermeja-en-jubrique","status":"publish","type":"post","link":"https:\/\/cetm-madrid.es\/web\/cortada-la-ap-7-en-malaga-debido-a-un-incendio-en-sierra-bermeja-en-jubrique\/","title":{"rendered":"Cortada la ap-7 en M\u00e1laga debido a un incendio en Sierra Bermeja en Jubrique"},"content":{"rendered":"<p>[et_pb_section fb_built=&#8221;1&#8243; admin_label=&#8221;section&#8221; _builder_version=&#8221;3.22&#8243;][et_pb_row column_structure=&#8221;2_3,1_3&#8243; admin_label=&#8221;row&#8221; _builder_version=&#8221;3.25&#8243; background_size=&#8221;initial&#8221; background_position=&#8221;top_left&#8221; background_repeat=&#8221;repeat&#8221;][et_pb_column type=&#8221;2_3&#8243; _builder_version=&#8221;3.25&#8243; custom_padding=&#8221;|||&#8221; custom_padding__hover=&#8221;|||&#8221;][et_pb_text admin_label=&#8221;Texto&#8221; _builder_version=&#8221;4.7.7&#8243; background_size=&#8221;initial&#8221; background_position=&#8221;top_left&#8221; background_repeat=&#8221;repeat&#8221; text_orientation=&#8221;justified&#8221; hover_enabled=&#8221;0&#8243; use_border_color=&#8221;off&#8221; border_color=&#8221;#ffffff&#8221; border_style=&#8221;solid&#8221; sticky_enabled=&#8221;0&#8243;]<\/p>\n<p>Un incendio forestal declarado en la Sierra Bermeja, en Jubrique (M\u00e1laga) ha obligado a cortar <strong>la AP-7 entre los kil\u00f3metros 155 y 172<\/strong>, a la altura de San Pedro de Alc\u00e1ntara en sentido C\u00e1diz. Por el mismo motivo tambi\u00e9n <strong>se ha cortado al tr\u00e1fico la MA-8301 y la MA-8302.<\/strong><\/p>\n<p>Los operativos de emergencias en Andaluc\u00eda recuerdan a los conductores que circulen con precauci\u00f3n y <strong>sigan las indicaciones de las autoridades<\/strong> de la zona.<br \/>Pueden consultar el estado de estas v\u00edas en el siguiente enlace: <a href=\"http:\/\/infocar.dgt.es\/etraffic\/\" target=\"_blank\" rel=\"noopener noreferrer\">http:\/\/infocar.dgt.es\/etraffic\/<\/a><\/p>\n<p>[\/et_pb_text][\/et_pb_column][et_pb_column type=&#8221;1_3&#8243; _builder_version=&#8221;3.25&#8243; custom_padding=&#8221;|||&#8221; custom_padding__hover=&#8221;|||&#8221;][et_pb_image src=&#8221;https:\/\/cetm-madrid.es\/web\/wp-content\/uploads\/2021\/09\/Dise\u00f1o-sin-t\u00edtulo-21.png&#8221; align_tablet=&#8221;center&#8221; align_phone=&#8221;&#8221; align_last_edited=&#8221;on|desktop&#8221; admin_label=&#8221;Imagen&#8221; _builder_version=&#8221;4.7.7&#8243; animation_style=&#8221;slide&#8221; animation_direction=&#8221;left&#8221; animation_duration=&#8221;500ms&#8221; animation_intensity_slide=&#8221;10%&#8221; hover_enabled=&#8221;0&#8243; use_border_color=&#8221;off&#8221; border_color=&#8221;#ffffff&#8221; border_style=&#8221;solid&#8221; animation=&#8221;left&#8221; sticky=&#8221;off&#8221; always_center_on_mobile=&#8221;on&#8221; title_text=&#8221;Dise\u00f1o sin t\u00edtulo (21)&#8221; sticky_enabled=&#8221;0&#8243;][\/et_pb_image][\/et_pb_column][\/et_pb_row][\/et_pb_section]<\/p>\n","protected":false},"excerpt":{"rendered":"<p>Un incendio forestal declarado en la Sierra Bermeja, en Jubrique (M\u00e1laga) ha obligado a cortar la AP-7 entre los kil\u00f3metros 155 y 172, a la altura de San Pedro de Alc\u00e1ntara en sentido C\u00e1diz. Por el mismo motivo tambi\u00e9n se ha cortado al tr\u00e1fico la MA-8301 y la MA-8302. Los operativos de emergencias en Andaluc\u00eda [&hellip;]<\/p>\n","protected":false},"author":1,"featured_media":9018,"comment_status":"closed","ping_status":"open","sticky":false,"template":"","format":"standard","meta":{"_et_pb_use_builder":"on","_et_pb_old_content":"","_et_gb_content_width":"","footnotes":""},"categories":[5,4],"tags":[],"class_list":["post-9014","post","type-post","status-publish","format-standard","has-post-thumbnail","hentry","category-general","category-organizacion"],"_links":{"self":[{"href":"https:\/\/cetm-madrid.es\/web\/wp-json\/wp\/v2\/posts\/9014","targetHints":{"allow":["GET"]}}],"collection":[{"href":"https:\/\/cetm-madrid.es\/web\/wp-json\/wp\/v2\/posts"}],"about":[{"href":"https:\/\/cetm-madrid.es\/web\/wp-json\/wp\/v2\/types\/post"}],"author":[{"embeddable":true,"href":"https:\/\/cetm-madrid.es\/web\/wp-json\/wp\/v2\/users\/1"}],"replies":[{"embeddable":true,"href":"https:\/\/cetm-madrid.es\/web\/wp-json\/wp\/v2\/comments?post=9014"}],"version-history":[{"count":2,"href":"https:\/\/cetm-madrid.es\/web\/wp-json\/wp\/v2\/posts\/9014\/revisions"}],"predecessor-version":[{"id":9019,"href":"https:\/\/cetm-madrid.es\/web\/wp-json\/wp\/v2\/posts\/9014\/revisions\/9019"}],"wp:featuredmedia":[{"embeddable":true,"href":"https:\/\/cetm-madrid.es\/web\/wp-json\/wp\/v2\/media\/9018"}],"wp:attachment":[{"href":"https:\/\/cetm-madrid.es\/web\/wp-json\/wp\/v2\/media?parent=9014"}],"wp:term":[{"taxonomy":"category","embeddable":true,"href":"https:\/\/cetm-madrid.es\/web\/wp-json\/wp\/v2\/categories?post=9014"},{"taxonomy":"post_tag","embeddable":true,"href":"https:\/\/cetm-madrid.es\/web\/wp-json\/wp\/v2\/tags?post=9014"}],"curies":[{"name":"wp","href":"https:\/\/api.w.org\/{rel}","templated":true}]}}