{"id":8993,"date":"2021-09-03T09:45:58","date_gmt":"2021-09-03T09:45:58","guid":{"rendered":"https:\/\/cetm-madrid.es\/web\/?p=8993"},"modified":"2021-09-04T09:53:39","modified_gmt":"2021-09-04T09:53:39","slug":"el-mitma-instala-nuevas-marcas-viales-experimentales-en-un-tramo-de-nava-de-roa-burgos","status":"publish","type":"post","link":"https:\/\/cetm-madrid.es\/web\/el-mitma-instala-nuevas-marcas-viales-experimentales-en-un-tramo-de-nava-de-roa-burgos\/","title":{"rendered":"El MITMA instala nuevas marcas viales experimentales en un tramo de Nava de Roa (Burgos)"},"content":{"rendered":"<p>[et_pb_section fb_built=&#8221;1&#8243; admin_label=&#8221;section&#8221; _builder_version=&#8221;3.22&#8243;][et_pb_row admin_label=&#8221;row&#8221; _builder_version=&#8221;3.25&#8243; background_size=&#8221;initial&#8221; background_position=&#8221;top_left&#8221; background_repeat=&#8221;repeat&#8221; column_structure=&#8221;2_3,1_3&#8243;][et_pb_column type=&#8221;2_3&#8243; _builder_version=&#8221;3.25&#8243; custom_padding=&#8221;|||&#8221; custom_padding__hover=&#8221;|||&#8221;][et_pb_text admin_label=&#8221;Texto&#8221; _builder_version=&#8221;4.7.7&#8243; background_size=&#8221;initial&#8221; background_position=&#8221;top_left&#8221; background_repeat=&#8221;repeat&#8221; text_orientation=&#8221;justified&#8221; hover_enabled=&#8221;0&#8243; use_border_color=&#8221;off&#8221; border_color=&#8221;#ffffff&#8221; border_style=&#8221;solid&#8221; sticky_enabled=&#8221;0&#8243;]<\/p>\n<p>El Ministerio de Transportes, Movilidad y Agenda Urbana ha informado de la instalaci\u00f3n de nuevas marcas viales experimentales con el objetivo de<strong> mejorar la seguridad.<\/strong><\/p>\n<p>Se trata de una acci\u00f3n destinada a la elaboraci\u00f3n, a trav\u00e9s de la Direcci\u00f3n General de Carreteras, de una nueva normativa.<\/p>\n<p>El tramo experimental <strong>se ubica en la traves\u00eda de Nava de Roa (Burgos) en la N-122<\/strong>, entre los kil\u00f3metros 293.52 y 294.356.<\/p>\n<p>Los conductores se encontrar\u00e1n con una nueva marca vial al inicio de la traves\u00eda denominada<span style=\"text-decoration: underline;\"> \u201cdientes de drag\u00f3n\u201d<\/span>, que obligar\u00e1 a <strong>reducir la velocidad de circulaci\u00f3n con respecto al tramo precedente<\/strong>, debiendo, a la vez, adaptar la conducci\u00f3n a las nuevas circunstancias del entorno de la carretera.<\/p>\n<p>[\/et_pb_text][et_pb_image _builder_version=&#8221;4.7.7&#8243; _module_preset=&#8221;default&#8221; title_text=&#8221;Captura 1&#8243; src=&#8221;https:\/\/cetm-madrid.es\/web\/wp-content\/uploads\/2021\/09\/Captura-1.jpg&#8221; hover_enabled=&#8221;0&#8243; sticky_enabled=&#8221;0&#8243;][\/et_pb_image][et_pb_text admin_label=&#8221;Texto&#8221; _builder_version=&#8221;4.7.7&#8243; background_size=&#8221;initial&#8221; background_position=&#8221;top_left&#8221; background_repeat=&#8221;repeat&#8221; text_orientation=&#8221;justified&#8221; hover_enabled=&#8221;0&#8243; use_border_color=&#8221;off&#8221; border_color=&#8221;#ffffff&#8221; border_style=&#8221;solid&#8221; sticky_enabled=&#8221;0&#8243;]<\/p>\n<p>Asimismo, se dispondr\u00e1 de un paso de cebra en la zona con m\u00e1s visibilidad al que preceder\u00e1n las <span style=\"text-decoration: underline;\">\u201cl\u00edneas de borde quebradas\u201d<\/span>, una marca vial cuyo objetivo es concienciar al conductor de que <strong>se aproxima a una secci\u00f3n particular por lo que deber\u00e1 reducir la velocidad.<\/strong><\/p>\n<p>[\/et_pb_text][et_pb_image _builder_version=&#8221;4.7.7&#8243; _module_preset=&#8221;default&#8221; title_text=&#8221;Captura 2&#8243; src=&#8221;https:\/\/cetm-madrid.es\/web\/wp-content\/uploads\/2021\/09\/Captura-2.jpg&#8221; hover_enabled=&#8221;0&#8243; sticky_enabled=&#8221;0&#8243;][\/et_pb_image][et_pb_text admin_label=&#8221;Texto&#8221; _builder_version=&#8221;4.7.7&#8243; background_size=&#8221;initial&#8221; background_position=&#8221;top_left&#8221; background_repeat=&#8221;repeat&#8221; text_orientation=&#8221;justified&#8221; hover_enabled=&#8221;0&#8243; use_border_color=&#8221;off&#8221; border_color=&#8221;#ffffff&#8221; border_style=&#8221;solid&#8221; sticky_enabled=&#8221;0&#8243;]<\/p>\n<p>Desde el MITMA indican que la percepci\u00f3n de las marcas viales cuando se circula es muy diferente a la obtenida del dise\u00f1o el papel. Por ello, utilizan estos tramos experimentales para <strong>comprobar su eficacia antes de incorporarlas a la nueva normativa.<\/strong><\/p>\n<p>[\/et_pb_text][\/et_pb_column][et_pb_column type=&#8221;1_3&#8243; _builder_version=&#8221;3.25&#8243; custom_padding=&#8221;|||&#8221; custom_padding__hover=&#8221;|||&#8221;][et_pb_image src=&#8221;https:\/\/cetm-madrid.es\/web\/wp-content\/uploads\/2021\/09\/Dise\u00f1o-sin-t\u00edtulo-20.png&#8221; align_tablet=&#8221;center&#8221; align_last_edited=&#8221;on|desktop&#8221; admin_label=&#8221;Imagen&#8221; _builder_version=&#8221;4.7.7&#8243; animation_style=&#8221;slide&#8221; animation_direction=&#8221;left&#8221; animation_duration=&#8221;500ms&#8221; animation_intensity_slide=&#8221;10%&#8221; hover_enabled=&#8221;0&#8243; use_border_color=&#8221;off&#8221; border_color=&#8221;#ffffff&#8221; border_style=&#8221;solid&#8221; animation=&#8221;left&#8221; sticky=&#8221;off&#8221; always_center_on_mobile=&#8221;on&#8221; title_text=&#8221;Dise\u00f1o sin t\u00edtulo (20)&#8221; sticky_enabled=&#8221;0&#8243;][\/et_pb_image][\/et_pb_column][\/et_pb_row][\/et_pb_section]<\/p>\n","protected":false},"excerpt":{"rendered":"<p>El Ministerio de Transportes, Movilidad y Agenda Urbana ha informado de la instalaci\u00f3n de nuevas marcas viales experimentales con el objetivo de mejorar la seguridad. Se trata de una acci\u00f3n destinada a la elaboraci\u00f3n, a trav\u00e9s de la Direcci\u00f3n General de Carreteras, de una nueva normativa. El tramo experimental se ubica en la traves\u00eda de [&hellip;]<\/p>\n","protected":false},"author":1,"featured_media":8998,"comment_status":"closed","ping_status":"open","sticky":false,"template":"","format":"standard","meta":{"_et_pb_use_builder":"on","_et_pb_old_content":"","_et_gb_content_width":"","footnotes":""},"categories":[5,4],"tags":[],"class_list":["post-8993","post","type-post","status-publish","format-standard","has-post-thumbnail","hentry","category-general","category-organizacion"],"_links":{"self":[{"href":"https:\/\/cetm-madrid.es\/web\/wp-json\/wp\/v2\/posts\/8993","targetHints":{"allow":["GET"]}}],"collection":[{"href":"https:\/\/cetm-madrid.es\/web\/wp-json\/wp\/v2\/posts"}],"about":[{"href":"https:\/\/cetm-madrid.es\/web\/wp-json\/wp\/v2\/types\/post"}],"author":[{"embeddable":true,"href":"https:\/\/cetm-madrid.es\/web\/wp-json\/wp\/v2\/users\/1"}],"replies":[{"embeddable":true,"href":"https:\/\/cetm-madrid.es\/web\/wp-json\/wp\/v2\/comments?post=8993"}],"version-history":[{"count":2,"href":"https:\/\/cetm-madrid.es\/web\/wp-json\/wp\/v2\/posts\/8993\/revisions"}],"predecessor-version":[{"id":8999,"href":"https:\/\/cetm-madrid.es\/web\/wp-json\/wp\/v2\/posts\/8993\/revisions\/8999"}],"wp:featuredmedia":[{"embeddable":true,"href":"https:\/\/cetm-madrid.es\/web\/wp-json\/wp\/v2\/media\/8998"}],"wp:attachment":[{"href":"https:\/\/cetm-madrid.es\/web\/wp-json\/wp\/v2\/media?parent=8993"}],"wp:term":[{"taxonomy":"category","embeddable":true,"href":"https:\/\/cetm-madrid.es\/web\/wp-json\/wp\/v2\/categories?post=8993"},{"taxonomy":"post_tag","embeddable":true,"href":"https:\/\/cetm-madrid.es\/web\/wp-json\/wp\/v2\/tags?post=8993"}],"curies":[{"name":"wp","href":"https:\/\/api.w.org\/{rel}","templated":true}]}}