{"id":8923,"date":"2021-08-25T13:12:31","date_gmt":"2021-08-25T13:12:31","guid":{"rendered":"https:\/\/cetm-madrid.es\/web\/?p=8923"},"modified":"2021-08-25T13:13:07","modified_gmt":"2021-08-25T13:13:07","slug":"fallece-eugeni-manes-secretario-general-de-transcalit","status":"publish","type":"post","link":"https:\/\/cetm-madrid.es\/web\/fallece-eugeni-manes-secretario-general-de-transcalit\/","title":{"rendered":"Fallece Eugeni Ma\u00f1es, secretario general de Transcalit"},"content":{"rendered":"<p>[et_pb_section fb_built=&#8221;1&#8243; admin_label=&#8221;section&#8221; _builder_version=&#8221;3.22&#8243;][et_pb_row column_structure=&#8221;2_3,1_3&#8243; admin_label=&#8221;row&#8221; _builder_version=&#8221;3.25&#8243; background_size=&#8221;initial&#8221; background_position=&#8221;top_left&#8221; background_repeat=&#8221;repeat&#8221;][et_pb_column type=&#8221;2_3&#8243; _builder_version=&#8221;3.25&#8243; custom_padding=&#8221;|||&#8221; custom_padding__hover=&#8221;|||&#8221;][et_pb_text admin_label=&#8221;Texto&#8221; _builder_version=&#8221;4.7.7&#8243; background_size=&#8221;initial&#8221; background_position=&#8221;top_left&#8221; background_repeat=&#8221;repeat&#8221; text_orientation=&#8221;justified&#8221; use_border_color=&#8221;off&#8221; border_color=&#8221;#ffffff&#8221; border_style=&#8221;solid&#8221;]<\/p>\n<p>Lamentamos comunicar que Eugeni Ma\u00f1es Ordu\u00f1a, secretario general de TRANSCALIT, ha fallecido este mi\u00e9rcoles 25 de agosto.<\/p>\n<p><strong>Comprometido con el sector del transporte de mercanc\u00edas<\/strong>, ha dedicado buena parte de su trayectoria profesional como secretario general de la federaci\u00f3n catalana.<\/p>\n<p>El velatorio tendr\u00e1 lugar este mi\u00e9rcoles a partir de las 18:00 horas y ma\u00f1ana jueves desde las 08:30 hasta las 15:00 horas en el tanatorio de Sancho de \u00c1vila (Barcelona). <br \/>El funeral se celebrar\u00e1 ma\u00f1ana jueves a las 16:00 horas en el mismo lugar.\u00a0<\/p>\n<p>Asimismo, <strong>aquellos que deseen hacer llegar sus condolencias<\/strong> pueden hacerlo a trav\u00e9s de la siguiente direcci\u00f3n: transcalit@transcalit.com.<\/p>\n<p>Desde la CETM y sus organizaciones miembro lamentamos profundamente su triste p\u00e9rdida y <strong>transmitimos nuestras m\u00e1s sentidas condolencias<\/strong> a familiares y amigos.<\/p>\n<p>[\/et_pb_text][\/et_pb_column][et_pb_column type=&#8221;1_3&#8243; _builder_version=&#8221;3.25&#8243; custom_padding=&#8221;|||&#8221; custom_padding__hover=&#8221;|||&#8221;][et_pb_image src=&#8221;https:\/\/cetm-madrid.es\/web\/wp-content\/uploads\/2021\/08\/Captura-1.jpg&#8221; title_text=&#8221;Captura&#8221; align_tablet=&#8221;center&#8221; align_phone=&#8221;&#8221; align_last_edited=&#8221;on|desktop&#8221; admin_label=&#8221;Imagen&#8221; _builder_version=&#8221;4.7.7&#8243; animation_style=&#8221;slide&#8221; animation_direction=&#8221;left&#8221; animation_duration=&#8221;500ms&#8221; animation_intensity_slide=&#8221;10%&#8221; animation=&#8221;left&#8221; sticky=&#8221;off&#8221; use_border_color=&#8221;off&#8221; border_color=&#8221;#ffffff&#8221; border_style=&#8221;solid&#8221; always_center_on_mobile=&#8221;on&#8221;][\/et_pb_image][\/et_pb_column][\/et_pb_row][\/et_pb_section]<\/p>\n","protected":false},"excerpt":{"rendered":"<p>Lamentamos comunicar que Eugeni Ma\u00f1es Ordu\u00f1a, secretario general de TRANSCALIT, ha fallecido este mi\u00e9rcoles 25 de agosto. Comprometido con el sector del transporte de mercanc\u00edas, ha dedicado buena parte de su trayectoria profesional como secretario general de la federaci\u00f3n catalana. El velatorio tendr\u00e1 lugar este mi\u00e9rcoles a partir de las 18:00 horas y ma\u00f1ana jueves [&hellip;]<\/p>\n","protected":false},"author":1,"featured_media":8926,"comment_status":"closed","ping_status":"open","sticky":false,"template":"","format":"standard","meta":{"_et_pb_use_builder":"on","_et_pb_old_content":"","_et_gb_content_width":"","footnotes":""},"categories":[5,4],"tags":[],"class_list":["post-8923","post","type-post","status-publish","format-standard","has-post-thumbnail","hentry","category-general","category-organizacion"],"_links":{"self":[{"href":"https:\/\/cetm-madrid.es\/web\/wp-json\/wp\/v2\/posts\/8923","targetHints":{"allow":["GET"]}}],"collection":[{"href":"https:\/\/cetm-madrid.es\/web\/wp-json\/wp\/v2\/posts"}],"about":[{"href":"https:\/\/cetm-madrid.es\/web\/wp-json\/wp\/v2\/types\/post"}],"author":[{"embeddable":true,"href":"https:\/\/cetm-madrid.es\/web\/wp-json\/wp\/v2\/users\/1"}],"replies":[{"embeddable":true,"href":"https:\/\/cetm-madrid.es\/web\/wp-json\/wp\/v2\/comments?post=8923"}],"version-history":[{"count":3,"href":"https:\/\/cetm-madrid.es\/web\/wp-json\/wp\/v2\/posts\/8923\/revisions"}],"predecessor-version":[{"id":8928,"href":"https:\/\/cetm-madrid.es\/web\/wp-json\/wp\/v2\/posts\/8923\/revisions\/8928"}],"wp:featuredmedia":[{"embeddable":true,"href":"https:\/\/cetm-madrid.es\/web\/wp-json\/wp\/v2\/media\/8926"}],"wp:attachment":[{"href":"https:\/\/cetm-madrid.es\/web\/wp-json\/wp\/v2\/media?parent=8923"}],"wp:term":[{"taxonomy":"category","embeddable":true,"href":"https:\/\/cetm-madrid.es\/web\/wp-json\/wp\/v2\/categories?post=8923"},{"taxonomy":"post_tag","embeddable":true,"href":"https:\/\/cetm-madrid.es\/web\/wp-json\/wp\/v2\/tags?post=8923"}],"curies":[{"name":"wp","href":"https:\/\/api.w.org\/{rel}","templated":true}]}}