{"id":8874,"date":"2021-08-04T09:13:31","date_gmt":"2021-08-04T09:13:31","guid":{"rendered":"https:\/\/cetm-madrid.es\/web\/?p=8874"},"modified":"2021-08-08T09:18:52","modified_gmt":"2021-08-08T09:18:52","slug":"la-cetm-reclama-medidas-para-afrontar-la-escasez-de-conductores-y-hacer-mas-atractiva-la-profesion","status":"publish","type":"post","link":"https:\/\/cetm-madrid.es\/web\/la-cetm-reclama-medidas-para-afrontar-la-escasez-de-conductores-y-hacer-mas-atractiva-la-profesion\/","title":{"rendered":"La CETM reclama medidas para afrontar la escasez de conductores y hacer m\u00e1s atractiva la profesi\u00f3n"},"content":{"rendered":"<p>[et_pb_section fb_built=&#8221;1&#8243; admin_label=&#8221;section&#8221; _builder_version=&#8221;3.22&#8243;][et_pb_row admin_label=&#8221;row&#8221; _builder_version=&#8221;3.25&#8243; background_size=&#8221;initial&#8221; background_position=&#8221;top_left&#8221; background_repeat=&#8221;repeat&#8221; column_structure=&#8221;2_3,1_3&#8243;][et_pb_column type=&#8221;2_3&#8243; _builder_version=&#8221;3.25&#8243; custom_padding=&#8221;|||&#8221; custom_padding__hover=&#8221;|||&#8221;][et_pb_text admin_label=&#8221;Texto&#8221; _builder_version=&#8221;4.7.7&#8243; background_size=&#8221;initial&#8221; background_position=&#8221;top_left&#8221; background_repeat=&#8221;repeat&#8221; text_orientation=&#8221;justified&#8221; hover_enabled=&#8221;0&#8243; use_border_color=&#8221;off&#8221; border_color=&#8221;#ffffff&#8221; border_style=&#8221;solid&#8221; sticky_enabled=&#8221;0&#8243;]<\/p>\n<p>La escasez de conductores es un problema que se vive a nivel mundial y ahora<strong> se ha acrecentado<\/strong>, una vez que se han dejado atr\u00e1s los momentos m\u00e1s dif\u00edciles de la pandemia y que la recuperaci\u00f3n econ\u00f3mica se va encauzando.<\/p>\n<p>Reino Unido ha sido uno de los primeros pa\u00edses europeos en notarlo y muchas tiendas y supermercados <strong>est\u00e1n sufriendo problemas de desabastecimiento<\/strong> debido a la falta de conductores profesionales. Estados Unidos tambi\u00e9n se enfrenta a esta escasez y las empresas <strong>buscan desesperadamente conductores en el extranjero<\/strong> ante el aumento de los pedidos online.<\/p>\n<p>Una situaci\u00f3n que <strong>podr\u00eda llegar a Espa\u00f1a a corto plazo<\/strong> si el Gobierno y las Comunidades Aut\u00f3nomas no aplican medidas para combatir la falta de personal cualificado en las empresas de transporte.<\/p>\n<p>Una encuesta reciente de la Organizaci\u00f3n Internacional del Transporte (IRU) revela que la falta de formaci\u00f3n es una de las principales causas y, por ello, es necesario que se invierta en la ense\u00f1anza de nuevos profesionales,<strong> financiando y haciendo m\u00e1s accesible la obtenci\u00f3n de los permisos<\/strong> que se requieren para conducir un veh\u00edculo pesado.<\/p>\n<p>Castilla y Le\u00f3n ya lo ha hecho y ha lanzado un proyecto piloto para fomentar la empleabilidad en el sector, sufragando hasta el 75% del coste de la obtenci\u00f3n de los permisos C y C+E y del CAP. Este <strong>modelo podr\u00eda ser un ejemplo a seguir<\/strong> en el resto de CC. AA. y, sin duda, ayudar\u00eda a atraer a los j\u00f3venes y aquellas personas que est\u00e1n interesadas en la profesi\u00f3n, pero tienen dificultades para hacer frente a los gastos que implica.<\/p>\n<p>Otro de los aspectos que contribuir\u00edan al descenso de esta escasez<strong> es la prohibici\u00f3n de la carga y la descarga<\/strong>, una de las reclamaciones hist\u00f3ricas de la CETM, puesto que mejorar\u00eda las condiciones de trabajo y har\u00eda m\u00e1s atractiva la profesi\u00f3n.<\/p>\n<p>Desde la CETM consideramos que es urgente que, tanto el Gobierno central como los Gobiernos auton\u00f3micos, busquen soluciones para el transporte de mercanc\u00edas por carretera, puesto que el sector <strong>es vital para el abastecimiento de la poblaci\u00f3n<\/strong> y el funcionamiento de la econom\u00eda. Si la escasez de conductores sigue acrecent\u00e1ndose, <strong>las consecuencias podr\u00edan ser demoledoras<\/strong>.<\/p>\n<p>[\/et_pb_text][\/et_pb_column][et_pb_column type=&#8221;1_3&#8243; _builder_version=&#8221;3.25&#8243; custom_padding=&#8221;|||&#8221; custom_padding__hover=&#8221;|||&#8221;][et_pb_image src=&#8221;https:\/\/cetm-madrid.es\/web\/wp-content\/uploads\/2020\/11\/Dise\u00f1o-sin-t\u00edtulo-9.png&#8221; align_tablet=&#8221;center&#8221; align_last_edited=&#8221;on|desktop&#8221; admin_label=&#8221;Imagen&#8221; _builder_version=&#8221;4.7.7&#8243; animation_style=&#8221;slide&#8221; animation_direction=&#8221;left&#8221; animation_duration=&#8221;500ms&#8221; animation_intensity_slide=&#8221;10%&#8221; hover_enabled=&#8221;0&#8243; use_border_color=&#8221;off&#8221; border_color=&#8221;#ffffff&#8221; border_style=&#8221;solid&#8221; animation=&#8221;left&#8221; sticky=&#8221;off&#8221; always_center_on_mobile=&#8221;on&#8221; title_text=&#8221;Dise\u00f1o sin t\u00edtulo (9)&#8221; sticky_enabled=&#8221;0&#8243;][\/et_pb_image][\/et_pb_column][\/et_pb_row][\/et_pb_section]<\/p>\n","protected":false},"excerpt":{"rendered":"<p>La escasez de conductores es un problema que se vive a nivel mundial y ahora se ha acrecentado, una vez que se han dejado atr\u00e1s los momentos m\u00e1s dif\u00edciles de la pandemia y que la recuperaci\u00f3n econ\u00f3mica se va encauzando. Reino Unido ha sido uno de los primeros pa\u00edses europeos en notarlo y muchas tiendas [&hellip;]<\/p>\n","protected":false},"author":1,"featured_media":6587,"comment_status":"closed","ping_status":"open","sticky":false,"template":"","format":"standard","meta":{"_et_pb_use_builder":"on","_et_pb_old_content":"","_et_gb_content_width":"","footnotes":""},"categories":[5,4],"tags":[],"class_list":["post-8874","post","type-post","status-publish","format-standard","has-post-thumbnail","hentry","category-general","category-organizacion"],"_links":{"self":[{"href":"https:\/\/cetm-madrid.es\/web\/wp-json\/wp\/v2\/posts\/8874","targetHints":{"allow":["GET"]}}],"collection":[{"href":"https:\/\/cetm-madrid.es\/web\/wp-json\/wp\/v2\/posts"}],"about":[{"href":"https:\/\/cetm-madrid.es\/web\/wp-json\/wp\/v2\/types\/post"}],"author":[{"embeddable":true,"href":"https:\/\/cetm-madrid.es\/web\/wp-json\/wp\/v2\/users\/1"}],"replies":[{"embeddable":true,"href":"https:\/\/cetm-madrid.es\/web\/wp-json\/wp\/v2\/comments?post=8874"}],"version-history":[{"count":2,"href":"https:\/\/cetm-madrid.es\/web\/wp-json\/wp\/v2\/posts\/8874\/revisions"}],"predecessor-version":[{"id":8877,"href":"https:\/\/cetm-madrid.es\/web\/wp-json\/wp\/v2\/posts\/8874\/revisions\/8877"}],"wp:featuredmedia":[{"embeddable":true,"href":"https:\/\/cetm-madrid.es\/web\/wp-json\/wp\/v2\/media\/6587"}],"wp:attachment":[{"href":"https:\/\/cetm-madrid.es\/web\/wp-json\/wp\/v2\/media?parent=8874"}],"wp:term":[{"taxonomy":"category","embeddable":true,"href":"https:\/\/cetm-madrid.es\/web\/wp-json\/wp\/v2\/categories?post=8874"},{"taxonomy":"post_tag","embeddable":true,"href":"https:\/\/cetm-madrid.es\/web\/wp-json\/wp\/v2\/tags?post=8874"}],"curies":[{"name":"wp","href":"https:\/\/api.w.org\/{rel}","templated":true}]}}