{"id":8863,"date":"2021-08-03T18:57:46","date_gmt":"2021-08-03T18:57:46","guid":{"rendered":"https:\/\/cetm-madrid.es\/web\/?p=8863"},"modified":"2021-08-05T19:03:36","modified_gmt":"2021-08-05T19:03:36","slug":"reduccion-de-carriles-en-la-m-40-creciente-a-la-altura-de-los-tuneles-del-pardo","status":"publish","type":"post","link":"https:\/\/cetm-madrid.es\/web\/reduccion-de-carriles-en-la-m-40-creciente-a-la-altura-de-los-tuneles-del-pardo\/","title":{"rendered":"Reducci\u00f3n de carriles en la M-40 creciente a la altura de los t\u00faneles del Pardo"},"content":{"rendered":"<p>[et_pb_section fb_built=&#8221;1&#8243; admin_label=&#8221;section&#8221; _builder_version=&#8221;3.22&#8243;][et_pb_row admin_label=&#8221;row&#8221; _builder_version=&#8221;3.25&#8243; background_size=&#8221;initial&#8221; background_position=&#8221;top_left&#8221; background_repeat=&#8221;repeat&#8221; column_structure=&#8221;2_3,1_3&#8243;][et_pb_column type=&#8221;2_3&#8243; _builder_version=&#8221;3.25&#8243; custom_padding=&#8221;|||&#8221; custom_padding__hover=&#8221;|||&#8221;][et_pb_text admin_label=&#8221;Texto&#8221; _builder_version=&#8221;4.7.7&#8243; background_size=&#8221;initial&#8221; background_position=&#8221;top_left&#8221; background_repeat=&#8221;repeat&#8221; text_orientation=&#8221;justified&#8221; hover_enabled=&#8221;0&#8243; use_border_color=&#8221;off&#8221; border_color=&#8221;#ffffff&#8221; border_style=&#8221;solid&#8221; sticky_enabled=&#8221;0&#8243;]<\/p>\n<p>La Direcci\u00f3n General de Tr\u00e1fico (DGT) ha informado de que, <strong>a partir de este martes 3 de agosto y hasta el pr\u00f3ximo 10 de octubre<\/strong>, se llevar\u00e1n a cabo trabajos de reparaci\u00f3n en el viaducto de la calzada derecha de la M-40, a la altura del punto kilom\u00e9trico 51 (antes de los t\u00faneles del Pardo), por lo que se van a producir afecciones a la circulaci\u00f3n que <strong>podr\u00edan ocasionar retenciones y tiempos de demora.<\/strong><\/p>\n<p>Las obras realizadas por el Ministerio de Transportes, Movilidad y Agenda Urbana implicar\u00e1n el corte del carril izquierdo entre los puntos kilom\u00e9tricos 50 y 52, quedando <strong>operativos para la circulaci\u00f3n solo dos de ellos.<\/strong><\/p>\n<p>[\/et_pb_text][et_pb_image _builder_version=&#8221;4.7.7&#8243; _module_preset=&#8221;default&#8221; title_text=&#8221;Captura&#8221; src=&#8221;https:\/\/cetm-madrid.es\/web\/wp-content\/uploads\/2021\/08\/Captura.jpg&#8221; hover_enabled=&#8221;0&#8243; sticky_enabled=&#8221;0&#8243;][\/et_pb_image][et_pb_text admin_label=&#8221;Texto&#8221; _builder_version=&#8221;4.7.7&#8243; background_size=&#8221;initial&#8221; background_position=&#8221;top_left&#8221; background_repeat=&#8221;repeat&#8221; text_orientation=&#8221;justified&#8221; hover_enabled=&#8221;0&#8243; use_border_color=&#8221;off&#8221; border_color=&#8221;#ffffff&#8221; border_style=&#8221;solid&#8221; sticky_enabled=&#8221;0&#8243;]<\/p>\n<p>Para los conductores que entren a Madrid por la A-6 (Autov\u00eda de la Coru\u00f1a) y quieran ir a la A-1, se recomienda tomar la salida 23 de la A-6 para circular por la M-50 Sur, direcci\u00f3n A-1, y as\u00ed evitar las posibles retenciones. Otra opci\u00f3n es salir por el km 12 de la A-6 para tomar la M-40 sur y volver a la A-1, o en el km 6 de dicha autov\u00eda para circular por la M-30 direcci\u00f3n A-1.<\/p>\n<p>Para los que transiten<strong> por la M-40 creciente y quieran dirigirse a la A-1<\/strong>, cuando circulen por el pk 46, deber\u00e1n coger la A-6 para posteriormente coger la M-30 direcci\u00f3n A-1.<\/p>\n<p>Cabe destacar que la DGT <strong>anunciar\u00e1 a trav\u00e9s de los paneles de mensaje variable<\/strong> ubicados en la zona, la obra y las posibles retenciones que pudieran generar, as\u00ed como los itinerarios alternativos.<\/p>\n<p>[\/et_pb_text][\/et_pb_column][et_pb_column type=&#8221;1_3&#8243; _builder_version=&#8221;3.25&#8243; custom_padding=&#8221;|||&#8221; custom_padding__hover=&#8221;|||&#8221;][et_pb_image src=&#8221;https:\/\/cetm-madrid.es\/web\/wp-content\/uploads\/2021\/08\/Captura.jpg&#8221; align_tablet=&#8221;center&#8221; align_last_edited=&#8221;on|desktop&#8221; admin_label=&#8221;Imagen&#8221; _builder_version=&#8221;4.7.7&#8243; animation_style=&#8221;slide&#8221; animation_direction=&#8221;left&#8221; animation_duration=&#8221;500ms&#8221; animation_intensity_slide=&#8221;10%&#8221; hover_enabled=&#8221;0&#8243; use_border_color=&#8221;off&#8221; border_color=&#8221;#ffffff&#8221; border_style=&#8221;solid&#8221; animation=&#8221;left&#8221; sticky=&#8221;off&#8221; always_center_on_mobile=&#8221;on&#8221; title_text=&#8221;Captura&#8221; sticky_enabled=&#8221;0&#8243;][\/et_pb_image][\/et_pb_column][\/et_pb_row][\/et_pb_section]<\/p>\n","protected":false},"excerpt":{"rendered":"<p>La Direcci\u00f3n General de Tr\u00e1fico (DGT) ha informado de que, a partir de este martes 3 de agosto y hasta el pr\u00f3ximo 10 de octubre, se llevar\u00e1n a cabo trabajos de reparaci\u00f3n en el viaducto de la calzada derecha de la M-40, a la altura del punto kilom\u00e9trico 51 (antes de los t\u00faneles del Pardo), [&hellip;]<\/p>\n","protected":false},"author":1,"featured_media":8866,"comment_status":"closed","ping_status":"open","sticky":false,"template":"","format":"standard","meta":{"_et_pb_use_builder":"on","_et_pb_old_content":"","_et_gb_content_width":"","footnotes":""},"categories":[5,4],"tags":[],"class_list":["post-8863","post","type-post","status-publish","format-standard","has-post-thumbnail","hentry","category-general","category-organizacion"],"_links":{"self":[{"href":"https:\/\/cetm-madrid.es\/web\/wp-json\/wp\/v2\/posts\/8863","targetHints":{"allow":["GET"]}}],"collection":[{"href":"https:\/\/cetm-madrid.es\/web\/wp-json\/wp\/v2\/posts"}],"about":[{"href":"https:\/\/cetm-madrid.es\/web\/wp-json\/wp\/v2\/types\/post"}],"author":[{"embeddable":true,"href":"https:\/\/cetm-madrid.es\/web\/wp-json\/wp\/v2\/users\/1"}],"replies":[{"embeddable":true,"href":"https:\/\/cetm-madrid.es\/web\/wp-json\/wp\/v2\/comments?post=8863"}],"version-history":[{"count":2,"href":"https:\/\/cetm-madrid.es\/web\/wp-json\/wp\/v2\/posts\/8863\/revisions"}],"predecessor-version":[{"id":8867,"href":"https:\/\/cetm-madrid.es\/web\/wp-json\/wp\/v2\/posts\/8863\/revisions\/8867"}],"wp:featuredmedia":[{"embeddable":true,"href":"https:\/\/cetm-madrid.es\/web\/wp-json\/wp\/v2\/media\/8866"}],"wp:attachment":[{"href":"https:\/\/cetm-madrid.es\/web\/wp-json\/wp\/v2\/media?parent=8863"}],"wp:term":[{"taxonomy":"category","embeddable":true,"href":"https:\/\/cetm-madrid.es\/web\/wp-json\/wp\/v2\/categories?post=8863"},{"taxonomy":"post_tag","embeddable":true,"href":"https:\/\/cetm-madrid.es\/web\/wp-json\/wp\/v2\/tags?post=8863"}],"curies":[{"name":"wp","href":"https:\/\/api.w.org\/{rel}","templated":true}]}}