{"id":8703,"date":"2021-07-07T08:28:27","date_gmt":"2021-07-07T08:28:27","guid":{"rendered":"https:\/\/cetm-madrid.es\/web\/?p=8703"},"modified":"2021-07-08T08:37:19","modified_gmt":"2021-07-08T08:37:19","slug":"la-cetm-reclama-controles-de-alcohol-y-drogas-periodicos-y-obligatorios-para-todos-los-conductores-profesionales-2","status":"publish","type":"post","link":"https:\/\/cetm-madrid.es\/web\/la-cetm-reclama-controles-de-alcohol-y-drogas-periodicos-y-obligatorios-para-todos-los-conductores-profesionales-2\/","title":{"rendered":"La CETM reclama controles de alcohol y drogas peri\u00f3dicos y obligatorios para todos los conductores profesionales"},"content":{"rendered":"<p>[et_pb_section fb_built=&#8221;1&#8243; admin_label=&#8221;section&#8221; _builder_version=&#8221;3.22&#8243;][et_pb_row admin_label=&#8221;row&#8221; _builder_version=&#8221;3.25&#8243; background_size=&#8221;initial&#8221; background_position=&#8221;top_left&#8221; background_repeat=&#8221;repeat&#8221; column_structure=&#8221;2_3,1_3&#8243;][et_pb_column type=&#8221;2_3&#8243; _builder_version=&#8221;3.25&#8243; custom_padding=&#8221;|||&#8221; custom_padding__hover=&#8221;|||&#8221;][et_pb_text admin_label=&#8221;Texto&#8221; _builder_version=&#8221;4.7.7&#8243; background_size=&#8221;initial&#8221; background_position=&#8221;top_left&#8221; background_repeat=&#8221;repeat&#8221; text_orientation=&#8221;justified&#8221; hover_enabled=&#8221;0&#8243; use_border_color=&#8221;off&#8221; border_color=&#8221;#ffffff&#8221; border_style=&#8221;solid&#8221; sticky_enabled=&#8221;0&#8243;]<\/p>\n<p>La Confederaci\u00f3n Espa\u00f1ola de Transporte de Mercanc\u00edas (CETM) est\u00e1 conmocionada y manifiesta su m\u00e1s sentido pesar por la terrible muerte de una reconocida doctora y su marido en un accidente en el que est\u00e1 involucrado un conductor de cami\u00f3n drogado.<\/p>\n<p>Esta tragedia supone una conmoci\u00f3n para cualquier ciudadano, pero representa, adem\u00e1s, un d\u00eda negro para el transporte de mercanc\u00edas por carretera, pues traslada una imagen negativa de nosotros, sembrando la duda y la incertidumbre sobre un sector comprometido con la seguridad vial y que, como norma general, cumple escrupulosa-mente con las normas.<\/p>\n<p>En este sentido, tanto la CETM como todas sus organizaciones de transporte asocia-das, llevamos muchos a\u00f1os reivindicando una modificaci\u00f3n de la actual normativa de forma que se pueda actuar de manera preventiva a la hora de impedir la conducci\u00f3n profesional bajo los efectos del alcohol o de las drogas.<\/p>\n<p>Consecuentemente, tal y como hemos reclamado el pasado 7 de abril en nuestra comparecencia en la Comisi\u00f3n sobre Seguridad Vial del Congreso de los Diputados con ocasi\u00f3n del programa de trabajo sobre la Estrategia Espa\u00f1ola de Seguridad Vial 2021-2030, consideramos imprescindible que se pongan en marcha de manera urgente las siguientes medidas:<\/p>\n<p>\u2713 Modificar la Ley de Seguridad Vial estableciendo un protocolo espec\u00edfico de reconocimientos m\u00e9dicos peri\u00f3dicos para los conductores profesionales en los que se incluya el control de consumo de alcohol y drogas y otras enfermedades como la apnea del sue\u00f1o, sin cuya superaci\u00f3n no puedan renovar su permiso de conducir.<\/p>\n<p>\u2713 Establecer la obligatoriedad de los reconocimientos m\u00e9dicos peri\u00f3dicos en las empresas para los conductores profesionales, que incluyan an\u00e1lisis espec\u00edficos para detectar el consumo de alcohol y drogas.<\/p>\n<p>\u2713 Permitir en el \u00e1mbito de la empresa que se puedan realizar controles de consumo de alcohol y drogas aleatorios a los conductores profesionales.<\/p>\n<p>\u2713 Otorgar a las empresas el derecho a conocer el saldo de puntos de sus conducto-res, con el objetivo de evitar que puedan conducir un veh\u00edculo pesado cuando se les retire el permiso de conducir.<\/p>\n<p>\u2713 Instalaci\u00f3n obligatoria en los camiones del alcoholock, de manera que estos solo se puedan arrancar si el conductor est\u00e1 por debajo del l\u00edmite de alcohol permitido.<\/p>\n<p>En nuestra opini\u00f3n, solo con una pol\u00edtica activa en prevenci\u00f3n conseguiremos mejorar la seguridad vial del transporte por carretera, al tiempo que eliminamos la inseguridad jur\u00eddica a la que se enfrentan las empresas de transporte que no tienen manera de conocer en qu\u00e9 condiciones se encuentran aquellos a quienes confiamos la responsabilidad de conducir un veh\u00edculo de gran tonelaje por las carreteras de toda Europa.<\/p>\n<p>[\/et_pb_text][\/et_pb_column][et_pb_column type=&#8221;1_3&#8243; _builder_version=&#8221;3.25&#8243; custom_padding=&#8221;|||&#8221; custom_padding__hover=&#8221;|||&#8221;][et_pb_image src=&#8221;https:\/\/cetm-madrid.es\/web\/wp-content\/uploads\/2021\/07\/Dise\u00f1o-sin-t\u00edtulo-18.png&#8221; align_tablet=&#8221;center&#8221; align_last_edited=&#8221;on|desktop&#8221; admin_label=&#8221;Imagen&#8221; _builder_version=&#8221;4.7.7&#8243; animation_style=&#8221;slide&#8221; animation_direction=&#8221;left&#8221; animation_duration=&#8221;500ms&#8221; animation_intensity_slide=&#8221;10%&#8221; hover_enabled=&#8221;0&#8243; use_border_color=&#8221;off&#8221; border_color=&#8221;#ffffff&#8221; border_style=&#8221;solid&#8221; animation=&#8221;left&#8221; sticky=&#8221;off&#8221; always_center_on_mobile=&#8221;on&#8221; title_text=&#8221;Dise\u00f1o sin t\u00edtulo (18)&#8221; sticky_enabled=&#8221;0&#8243;][\/et_pb_image][\/et_pb_column][\/et_pb_row][\/et_pb_section]<\/p>\n","protected":false},"excerpt":{"rendered":"<p>La Confederaci\u00f3n Espa\u00f1ola de Transporte de Mercanc\u00edas (CETM) est\u00e1 conmocionada y manifiesta su m\u00e1s sentido pesar por la terrible muerte de una reconocida doctora y su marido en un accidente en el que est\u00e1 involucrado un conductor de cami\u00f3n drogado. Esta tragedia supone una conmoci\u00f3n para cualquier ciudadano, pero representa, adem\u00e1s, un d\u00eda negro para [&hellip;]<\/p>\n","protected":false},"author":1,"featured_media":8706,"comment_status":"closed","ping_status":"open","sticky":false,"template":"","format":"standard","meta":{"_et_pb_use_builder":"on","_et_pb_old_content":"","_et_gb_content_width":"","footnotes":""},"categories":[5,4],"tags":[],"class_list":["post-8703","post","type-post","status-publish","format-standard","has-post-thumbnail","hentry","category-general","category-organizacion"],"_links":{"self":[{"href":"https:\/\/cetm-madrid.es\/web\/wp-json\/wp\/v2\/posts\/8703","targetHints":{"allow":["GET"]}}],"collection":[{"href":"https:\/\/cetm-madrid.es\/web\/wp-json\/wp\/v2\/posts"}],"about":[{"href":"https:\/\/cetm-madrid.es\/web\/wp-json\/wp\/v2\/types\/post"}],"author":[{"embeddable":true,"href":"https:\/\/cetm-madrid.es\/web\/wp-json\/wp\/v2\/users\/1"}],"replies":[{"embeddable":true,"href":"https:\/\/cetm-madrid.es\/web\/wp-json\/wp\/v2\/comments?post=8703"}],"version-history":[{"count":2,"href":"https:\/\/cetm-madrid.es\/web\/wp-json\/wp\/v2\/posts\/8703\/revisions"}],"predecessor-version":[{"id":8707,"href":"https:\/\/cetm-madrid.es\/web\/wp-json\/wp\/v2\/posts\/8703\/revisions\/8707"}],"wp:featuredmedia":[{"embeddable":true,"href":"https:\/\/cetm-madrid.es\/web\/wp-json\/wp\/v2\/media\/8706"}],"wp:attachment":[{"href":"https:\/\/cetm-madrid.es\/web\/wp-json\/wp\/v2\/media?parent=8703"}],"wp:term":[{"taxonomy":"category","embeddable":true,"href":"https:\/\/cetm-madrid.es\/web\/wp-json\/wp\/v2\/categories?post=8703"},{"taxonomy":"post_tag","embeddable":true,"href":"https:\/\/cetm-madrid.es\/web\/wp-json\/wp\/v2\/tags?post=8703"}],"curies":[{"name":"wp","href":"https:\/\/api.w.org\/{rel}","templated":true}]}}