{"id":8596,"date":"2021-06-24T17:35:21","date_gmt":"2021-06-24T17:35:21","guid":{"rendered":"https:\/\/cetm-madrid.es\/web\/?p=8596"},"modified":"2021-06-24T17:35:25","modified_gmt":"2021-06-24T17:35:25","slug":"ovidio-de-la-roza-reelegido-presidente-de-la-cetm-el-transporte-de-mercancias-necesita-con-urgencia-pasar-de-las-palabras-a-los-hechos","status":"publish","type":"post","link":"https:\/\/cetm-madrid.es\/web\/ovidio-de-la-roza-reelegido-presidente-de-la-cetm-el-transporte-de-mercancias-necesita-con-urgencia-pasar-de-las-palabras-a-los-hechos\/","title":{"rendered":"Ovidio de la Roza, reelegido presidente de la CETM: \u201cEl transporte de  mercanc\u00edas necesita con urgencia pasar de las palabras a los hechos\u201d"},"content":{"rendered":"<p>[et_pb_section fb_built=&#8221;1&#8243; admin_label=&#8221;section&#8221; _builder_version=&#8221;3.22&#8243;][et_pb_row admin_label=&#8221;row&#8221; _builder_version=&#8221;3.25&#8243; background_size=&#8221;initial&#8221; background_position=&#8221;top_left&#8221; background_repeat=&#8221;repeat&#8221; column_structure=&#8221;2_3,1_3&#8243;][et_pb_column type=&#8221;2_3&#8243; _builder_version=&#8221;3.25&#8243; custom_padding=&#8221;|||&#8221; custom_padding__hover=&#8221;|||&#8221;][et_pb_text admin_label=&#8221;Texto&#8221; _builder_version=&#8221;4.7.7&#8243; background_size=&#8221;initial&#8221; background_position=&#8221;top_left&#8221; background_repeat=&#8221;repeat&#8221; text_orientation=&#8221;justified&#8221; hover_enabled=&#8221;0&#8243; use_border_color=&#8221;off&#8221; border_color=&#8221;#ffffff&#8221; border_style=&#8221;solid&#8221; sticky_enabled=&#8221;0&#8243;]<\/p>\n<p>La Confederaci\u00f3n Espa\u00f1ola de Transporte de Mercanc\u00edas (CETM) ha celebrado este jueves su Asamblea General Ordinaria en la que Ovidio de la Roza Braga <strong>ha sido<\/strong><br \/><strong>reelegido presidente por unanimidad para el periodo 2021-2025.\u00a0<\/strong><\/p>\n<p>El empresario asturiano se ha mantenido al frente de la Confederaci\u00f3n en los \u00faltimos seis a\u00f1os y cuenta con una extensa trayectoria profesional dedicada al mundo del<br \/>transporte y la log\u00edstica.<\/p>\n<p>De la Roza ha comenzado su intervenci\u00f3n en el Acto de Clausura <strong>agradeciendo el<\/strong> <strong>apoyo y la confianza que ha recibido<\/strong> del Comit\u00e9 Ejecutivo y de la Junta Directiva<br \/>para renovar su mandato y ha celebrado que, despu\u00e9s de haber superado lo peor\u00a0 de la pandemia, la Asamblea se haya podido realizar de manera presencial.<\/p>\n<p>El presidente de la CETM ha hecho un repaso a las dificultades a las que se ha enfrentado el sector en el \u00faltimo a\u00f1o y ha sido rotundo: \u201cEl transporte de mercanc\u00edas<br \/>necesita con urgencia pasar de las palabras a los hechos\u201d.<\/p>\n<p>Despu\u00e9s de que las empresas de transporte y sus profesionales hayan sido elogiadas por la sociedad y las administraciones debido al papel fundamental que han<br \/>desempe\u00f1ado durante la crisis sanitaria, De la Roza considera que<strong> han intentado \u201ctorpedear\u201d al transporte de mercanc\u00edas en todos los frentes:<\/strong> la presi\u00f3n de los cargadores para instaurar las 44 toneladas, el fracaso de la regulaci\u00f3n de la carga y la descarga o la posible implantaci\u00f3n de los peajes, son solo algunas de las cuestiones por las que sector ha salido malparado.<\/p>\n<p>Respecto al pago por uso de las carreteras, el presidente electo ha declarado que \u201ces un cap\u00edtulo especialmente vergonzante\u201d principalmente porque los transportistas ya<br \/>pagan m\u00e1s de 11.000 millones de euros anuales con el impuesto de hidrocarburos y ha sido tajante:<strong> \u201cNo vamos a ser los paganos de una medida que puede destrozar a\u00fan m\u00e1s nuestras empresas.<\/strong> No nos queda otro camino que el de establecer medidas de presi\u00f3n en el momento que sea preciso\u201d.<\/p>\n<p>La subida de los precios de los carburantes, la imprecisi\u00f3n del Plan de Recuperaci\u00f3n, Transformaci\u00f3n y Resiliencia o la falta de ayudas para la renovaci\u00f3n de flotas han<br \/>sido otros de los asuntos que Ovidio de la Roza ha recogido en su discurso, sin olvidarse de la negativa a incluir a los conductores profesionales como personal esencial en el plan de vacunaci\u00f3n, la falta de ayudas a las empresas del transporte\u00a0de mercanc\u00edas, la competencia desleal que ejercen las VTC o la reactivaci\u00f3n de la p\u00e9rdida de honorabilidad.<\/p>\n<p>Por otra parte, ha recordado que, gracias a la intervenci\u00f3n del Comit\u00e9 Nacional de Transporte por Carretera (CNTC) lo m\u00e1s probable es que se elimine el requisito de<br \/>antig\u00fcedad media de la flota y ha puesto en evidencia que el \u201ctan cacareado\u201d Plan de Impulso a la Sostenibilidad <strong>solo establece \u201cfuturibles\u201d y promesas<\/strong> de las que, adem\u00e1s, muchas no benefician a las empresas del sector. Si bien, ha tendido la mano al di\u00e1logo para alcanzar un acuerdo y resolver los problemas que se han ido<br \/>prolongando en los \u00faltimos a\u00f1os.<\/p>\n<p>Para finalizar, De la Roza ha reconocido que no se han alcanzado los objetivos marcados, pero se ha mostrado firme y ha pedido la implicaci\u00f3n de todos:<strong> \u201cNuestra<\/strong><br \/><strong>mejor vacuna ser\u00e1 nuestro compromiso\u201d<\/strong>, ha recalcado.<\/p>\n<p>Adem\u00e1s, el presidente de la CETM ha adelantado que el XVIII Congreso Nacional de Empresarios <strong>se celebrar\u00e1 del 5 al 7 de mayo de 2022 en Alicante,<\/strong> despu\u00e9s de<br \/>haber sido suspendido debido a la pandemia.<\/p>\n<p>La secretaria general de Transportes, Mar\u00eda Jos\u00e9 Rallo, ha participado en el Acto de Clausura de la Asamblea General Ordinaria de la CETM y ha comenzado su discurso<br \/>destacando la importancia del sector y el papel estrat\u00e9gico que ha jugado en estos meses de crisis garantizando el abastecimiento de la poblaci\u00f3n.<\/p>\n<p>Rallo ha subrayado las medidas que el MITMA llevar\u00e1 a cabo para dar respuesta a sus necesidades, como el denominado Plan Impulsa, haciendo hincapi\u00e9 en que <strong>es la<\/strong><br \/><strong>primera vez que se elabora un plan espec\u00edfico para el transporte por carretera<\/strong> y ha manifestado que es necesario que se haga manteniendo el di\u00e1logo. \u201cQueremos pensar que el sector aprovechar\u00e1 esta oportunidad para poder hacer un cambio\u201d, ha insistido.<\/p>\n<p>Por otra parte, la secretaria de Transporte <strong>ha reconocido la labor del Grupo de Trabajo del Documento Electr\u00f3nico de Transporte<\/strong>, del que forma parte la CETM, porque \u201ces esencial concienciar a las empresas de las ventajas de la digitalizaci\u00f3n\u201d.<\/p>\n<p>Otro de los temas en los que ha ahondado ha sido el Paquete de Movilidad, asegurando que mejorar\u00e1 las condiciones salariales y sociales de los profesionales<br \/>del sector y permitir\u00e1 la lucha contras las empresas buz\u00f3n y la competencia desleal.<\/p>\n<p>Por \u00faltimo, Rallo ha hecho \u00e9nfasis en la aprobaci\u00f3n de la modificaci\u00f3n de la LOTT para establecer el r\u00e9gimen sancionador en el transporte y el anteproyecto del Real<br \/>Decreto que ha remitido al CNTC para eliminar el requisito de antig\u00fcedad de la flota media.<\/p>\n<p>Sobre los peajes, la secretaria de Transportes se ha mostrado tajante y ha afirmado que el debate es necesario, pero<strong> no se puede abandonar el compromiso que se<\/strong><br \/><strong>alcanz\u00f3 con el CNTC<\/strong> en julio de 2020 y ha se\u00f1alado que no se podr\u00eda llevar a cabo antes de 2024 porque ahora le econom\u00eda necesita un impulso.<strong> \u201cEsta medida no se<\/strong><br \/><strong>puede llevar a cabo si no existe consenso\u201d, ha insistido.\u00a0<\/strong><\/p>\n<p>*** Durante el Acto de Clausura la CETM ha hecho entrega de las Placas de Honor. Adjuntamos listado con los galardonados.<\/p>\n<p>[\/et_pb_text][\/et_pb_column][et_pb_column type=&#8221;1_3&#8243; _builder_version=&#8221;3.25&#8243; custom_padding=&#8221;|||&#8221; custom_padding__hover=&#8221;|||&#8221;][et_pb_image src=&#8221;https:\/\/cetm-madrid.es\/web\/wp-content\/uploads\/2021\/06\/Ovidio_De_La_Roza.jpg&#8221; align_tablet=&#8221;center&#8221; align_last_edited=&#8221;on|desktop&#8221; admin_label=&#8221;Imagen&#8221; _builder_version=&#8221;4.7.7&#8243; animation_style=&#8221;slide&#8221; animation_direction=&#8221;left&#8221; animation_duration=&#8221;500ms&#8221; animation_intensity_slide=&#8221;10%&#8221; hover_enabled=&#8221;0&#8243; use_border_color=&#8221;off&#8221; border_color=&#8221;#ffffff&#8221; border_style=&#8221;solid&#8221; animation=&#8221;left&#8221; sticky=&#8221;off&#8221; always_center_on_mobile=&#8221;on&#8221; title_text=&#8221;Ovidio_De_La_Roza&#8221; sticky_enabled=&#8221;0&#8243;][\/et_pb_image][et_pb_button _builder_version=&#8221;4.7.7&#8243; _module_preset=&#8221;default&#8221; button_text=&#8221;LISTA DE GALARDONADOS&#8221; button_url=&#8221;https:\/\/cetm-madrid.es\/web\/wp-content\/uploads\/2021\/06\/CETM-INFORMA-LISTA-DE-GALARDONADOS-CON-LA-PLACA-DE-HONOR-DE-LA-CETM-.pdf&#8221; url_new_window=&#8221;on&#8221; hover_enabled=&#8221;0&#8243; sticky_enabled=&#8221;0&#8243;][\/et_pb_button][\/et_pb_column][\/et_pb_row][\/et_pb_section]<\/p>\n","protected":false},"excerpt":{"rendered":"<p>La Confederaci\u00f3n Espa\u00f1ola de Transporte de Mercanc\u00edas (CETM) ha celebrado este jueves su Asamblea General Ordinaria en la que Ovidio de la Roza Braga ha sidoreelegido presidente por unanimidad para el periodo 2021-2025.\u00a0 El empresario asturiano se ha mantenido al frente de la Confederaci\u00f3n en los \u00faltimos seis a\u00f1os y cuenta con una extensa trayectoria [&hellip;]<\/p>\n","protected":false},"author":1,"featured_media":8599,"comment_status":"closed","ping_status":"open","sticky":false,"template":"","format":"standard","meta":{"_et_pb_use_builder":"on","_et_pb_old_content":"","_et_gb_content_width":"","footnotes":""},"categories":[5,4],"tags":[],"class_list":["post-8596","post","type-post","status-publish","format-standard","has-post-thumbnail","hentry","category-general","category-organizacion"],"_links":{"self":[{"href":"https:\/\/cetm-madrid.es\/web\/wp-json\/wp\/v2\/posts\/8596","targetHints":{"allow":["GET"]}}],"collection":[{"href":"https:\/\/cetm-madrid.es\/web\/wp-json\/wp\/v2\/posts"}],"about":[{"href":"https:\/\/cetm-madrid.es\/web\/wp-json\/wp\/v2\/types\/post"}],"author":[{"embeddable":true,"href":"https:\/\/cetm-madrid.es\/web\/wp-json\/wp\/v2\/users\/1"}],"replies":[{"embeddable":true,"href":"https:\/\/cetm-madrid.es\/web\/wp-json\/wp\/v2\/comments?post=8596"}],"version-history":[{"count":2,"href":"https:\/\/cetm-madrid.es\/web\/wp-json\/wp\/v2\/posts\/8596\/revisions"}],"predecessor-version":[{"id":8601,"href":"https:\/\/cetm-madrid.es\/web\/wp-json\/wp\/v2\/posts\/8596\/revisions\/8601"}],"wp:featuredmedia":[{"embeddable":true,"href":"https:\/\/cetm-madrid.es\/web\/wp-json\/wp\/v2\/media\/8599"}],"wp:attachment":[{"href":"https:\/\/cetm-madrid.es\/web\/wp-json\/wp\/v2\/media?parent=8596"}],"wp:term":[{"taxonomy":"category","embeddable":true,"href":"https:\/\/cetm-madrid.es\/web\/wp-json\/wp\/v2\/categories?post=8596"},{"taxonomy":"post_tag","embeddable":true,"href":"https:\/\/cetm-madrid.es\/web\/wp-json\/wp\/v2\/tags?post=8596"}],"curies":[{"name":"wp","href":"https:\/\/api.w.org\/{rel}","templated":true}]}}