{"id":8559,"date":"2021-06-18T09:31:29","date_gmt":"2021-06-18T09:31:29","guid":{"rendered":"https:\/\/cetm-madrid.es\/web\/?p=8559"},"modified":"2021-06-20T09:36:06","modified_gmt":"2021-06-20T09:36:06","slug":"la-cetm-confia-en-que-el-mitma-haya-escuchado-al-sector-y-elimine-el-requisito-de-la-antiguedad-media-de-la-flota","status":"publish","type":"post","link":"https:\/\/cetm-madrid.es\/web\/la-cetm-confia-en-que-el-mitma-haya-escuchado-al-sector-y-elimine-el-requisito-de-la-antiguedad-media-de-la-flota\/","title":{"rendered":"La CETM conf\u00eda en que el MITMA haya escuchado al sector y elimine el requisito de la antig\u00fcedad media de la flota"},"content":{"rendered":"<p>[et_pb_section fb_built=&#8221;1&#8243; admin_label=&#8221;section&#8221; _builder_version=&#8221;3.22&#8243;][et_pb_row admin_label=&#8221;row&#8221; _builder_version=&#8221;3.25&#8243; background_size=&#8221;initial&#8221; background_position=&#8221;top_left&#8221; background_repeat=&#8221;repeat&#8221; column_structure=&#8221;2_3,1_3&#8243;][et_pb_column type=&#8221;2_3&#8243; _builder_version=&#8221;3.25&#8243; custom_padding=&#8221;|||&#8221; custom_padding__hover=&#8221;|||&#8221;][et_pb_text admin_label=&#8221;Texto&#8221; _builder_version=&#8221;4.7.7&#8243; background_size=&#8221;initial&#8221; background_position=&#8221;top_left&#8221; background_repeat=&#8221;repeat&#8221; text_orientation=&#8221;justified&#8221; hover_enabled=&#8221;0&#8243; use_border_color=&#8221;off&#8221; border_color=&#8221;#ffffff&#8221; border_style=&#8221;solid&#8221; sticky_enabled=&#8221;0&#8243;]<\/p>\n<p>La eliminaci\u00f3n del requisito de contar con un veh\u00edculo de una antig\u00fcedad inicial no superior a cinco meses para acceder al sector del transporte, que fue declarado nulo por el Tribunal Supremo en sus Sentencias 1218\/2020, de 28 de septiembre y 1220\/2020, de 29 de septiembre, propici\u00f3 una reacci\u00f3n del propio sector que, <strong>a trav\u00e9s del Comit\u00e9 Nacional de Transporte por Carretera<\/strong> (CNTC), denunci\u00f3 que esta medida no solo no favorec\u00eda a la seguridad vial, ni al medioambiente ni a la necesidad de regular el acceso a un sector esencial como es el del transporte de mercanc\u00edas, sino que adem\u00e1s<strong> favorec\u00eda a las empresas de nueva creaci\u00f3n frente a las que ya estaban operando<\/strong> en el mercado que s\u00ed que estaban obligadas a rejuvenecer la antig\u00fcedad media de sus flotas cada vez que adquir\u00edan un nuevo veh\u00edculo.<\/p>\n<p>En consecuencia, la Confederaci\u00f3n Espa\u00f1ola de Transporte de Mercanc\u00edas (CETM) se congratula de que el MITMA haya escuchado esta reclamaci\u00f3n sectorial y que en el d\u00eda de ayer <strong>nos haya remitido un Proyecto de Real Decreto<\/strong> que, de salir adelante, pondr\u00e1 fin a esta injusticia al eliminar el requisito de antig\u00fcedad media de la flota y permitir que las flotas que ya se encuentran en el mercado <strong>puedan crecer sin mayores trabas<\/strong>.<\/p>\n<p>[\/et_pb_text][\/et_pb_column][et_pb_column type=&#8221;1_3&#8243; _builder_version=&#8221;3.25&#8243; custom_padding=&#8221;|||&#8221; custom_padding__hover=&#8221;|||&#8221;][et_pb_image src=&#8221;https:\/\/cetm-madrid.es\/web\/wp-content\/uploads\/2021\/06\/Dise\u00f1o-sin-t\u00edtulo-14.png&#8221; align_tablet=&#8221;center&#8221; align_last_edited=&#8221;on|desktop&#8221; admin_label=&#8221;Imagen&#8221; _builder_version=&#8221;4.7.7&#8243; animation_style=&#8221;slide&#8221; animation_direction=&#8221;left&#8221; animation_duration=&#8221;500ms&#8221; animation_intensity_slide=&#8221;10%&#8221; hover_enabled=&#8221;0&#8243; use_border_color=&#8221;off&#8221; border_color=&#8221;#ffffff&#8221; border_style=&#8221;solid&#8221; animation=&#8221;left&#8221; sticky=&#8221;off&#8221; always_center_on_mobile=&#8221;on&#8221; alt=&#8221;RESTRICCIONES EN ALEMANIA&#8221; sticky_enabled=&#8221;0&#8243; title_text=&#8221;Dise\u00f1o sin t\u00edtulo (14)&#8221;][\/et_pb_image][\/et_pb_column][\/et_pb_row][\/et_pb_section]<\/p>\n","protected":false},"excerpt":{"rendered":"<p>La eliminaci\u00f3n del requisito de contar con un veh\u00edculo de una antig\u00fcedad inicial no superior a cinco meses para acceder al sector del transporte, que fue declarado nulo por el Tribunal Supremo en sus Sentencias 1218\/2020, de 28 de septiembre y 1220\/2020, de 29 de septiembre, propici\u00f3 una reacci\u00f3n del propio sector que, a trav\u00e9s [&hellip;]<\/p>\n","protected":false},"author":1,"featured_media":8562,"comment_status":"closed","ping_status":"open","sticky":false,"template":"","format":"standard","meta":{"_et_pb_use_builder":"on","_et_pb_old_content":"","_et_gb_content_width":"","footnotes":""},"categories":[5,4],"tags":[],"class_list":["post-8559","post","type-post","status-publish","format-standard","has-post-thumbnail","hentry","category-general","category-organizacion"],"_links":{"self":[{"href":"https:\/\/cetm-madrid.es\/web\/wp-json\/wp\/v2\/posts\/8559","targetHints":{"allow":["GET"]}}],"collection":[{"href":"https:\/\/cetm-madrid.es\/web\/wp-json\/wp\/v2\/posts"}],"about":[{"href":"https:\/\/cetm-madrid.es\/web\/wp-json\/wp\/v2\/types\/post"}],"author":[{"embeddable":true,"href":"https:\/\/cetm-madrid.es\/web\/wp-json\/wp\/v2\/users\/1"}],"replies":[{"embeddable":true,"href":"https:\/\/cetm-madrid.es\/web\/wp-json\/wp\/v2\/comments?post=8559"}],"version-history":[{"count":2,"href":"https:\/\/cetm-madrid.es\/web\/wp-json\/wp\/v2\/posts\/8559\/revisions"}],"predecessor-version":[{"id":8563,"href":"https:\/\/cetm-madrid.es\/web\/wp-json\/wp\/v2\/posts\/8559\/revisions\/8563"}],"wp:featuredmedia":[{"embeddable":true,"href":"https:\/\/cetm-madrid.es\/web\/wp-json\/wp\/v2\/media\/8562"}],"wp:attachment":[{"href":"https:\/\/cetm-madrid.es\/web\/wp-json\/wp\/v2\/media?parent=8559"}],"wp:term":[{"taxonomy":"category","embeddable":true,"href":"https:\/\/cetm-madrid.es\/web\/wp-json\/wp\/v2\/categories?post=8559"},{"taxonomy":"post_tag","embeddable":true,"href":"https:\/\/cetm-madrid.es\/web\/wp-json\/wp\/v2\/tags?post=8559"}],"curies":[{"name":"wp","href":"https:\/\/api.w.org\/{rel}","templated":true}]}}