{"id":8525,"date":"2021-06-17T07:38:21","date_gmt":"2021-06-17T07:38:21","guid":{"rendered":"https:\/\/cetm-madrid.es\/web\/?p=8525"},"modified":"2021-06-18T07:43:05","modified_gmt":"2021-06-18T07:43:05","slug":"continua-la-alerta-por-lluvias-y-tormentas-en-gran-parte-de-espana","status":"publish","type":"post","link":"https:\/\/cetm-madrid.es\/web\/continua-la-alerta-por-lluvias-y-tormentas-en-gran-parte-de-espana\/","title":{"rendered":"Contin\u00faa la alerta por lluvias y tormentas en gran parte de Espa\u00f1a"},"content":{"rendered":"<p>[et_pb_section fb_built=&#8221;1&#8243; admin_label=&#8221;section&#8221; _builder_version=&#8221;3.22&#8243;][et_pb_row admin_label=&#8221;row&#8221; _builder_version=&#8221;3.25&#8243; background_size=&#8221;initial&#8221; background_position=&#8221;top_left&#8221; background_repeat=&#8221;repeat&#8221; column_structure=&#8221;2_3,1_3&#8243;][et_pb_column type=&#8221;2_3&#8243; _builder_version=&#8221;3.25&#8243; custom_padding=&#8221;|||&#8221; custom_padding__hover=&#8221;|||&#8221;][et_pb_text admin_label=&#8221;Texto&#8221; _builder_version=&#8221;4.7.7&#8243; background_size=&#8221;initial&#8221; background_position=&#8221;top_left&#8221; background_repeat=&#8221;repeat&#8221; text_orientation=&#8221;justified&#8221; hover_enabled=&#8221;0&#8243; use_border_color=&#8221;off&#8221; border_color=&#8221;#ffffff&#8221; border_style=&#8221;solid&#8221; sticky_enabled=&#8221;0&#8243;]<\/p>\n<p>Tras las lluvias y tormentas que tuvieron lugar este mi\u00e9rcoles y que provocaron incidencias en algunas carreteras como las de La Rioja, la alerta contin\u00faa y hoy <strong>se esperan fuertes tormentas en casi toda Espa\u00f1a.<\/strong><\/p>\n<p>La Agencia Estatal de Meteorolog\u00eda (AEMET) ha activado la <strong>alerta naranja<\/strong> (riesgo importante) en <strong>Arag\u00f3n, Catalu\u00f1a, Navarra y Pa\u00eds Vasco<\/strong>. Asturias, Cantabria, Castilla y Le\u00f3n, Galicia, Madrid, Castilla-La Mancha, Murcia, La Rioja y la Comunidad Valenciana se encuentran en alerta amarilla.<\/p>\n<p>Como hemos venido avisando, las tormentas podr\u00e1n ir acompa\u00f1adas de <strong>vientos fuertes y granizo<\/strong> y en las zonas con mayor riesgo se esperan precipitaciones en las que se acumular\u00e1n hasta 30 litros por metro cuadrado en una hora.<\/p>\n<p>Desde la CETM aconsejamos que <strong>se extreme la precauci\u00f3n en las carreteras<\/strong> y se reduzca la velocidad. Siguiendo las recomendaciones de Protecci\u00f3n Civil, es preciso no detener los veh\u00edculos donde puedan discurrir grandes cantidades de agua ni atravesar tramos inundados, puesto que se desconoce lo que puede haber debajo del agua.<\/p>\n<p>Ante esta alerta, es necesario consultar la predicci\u00f3n meteorol\u00f3gica y el estado de las v\u00edas<strong> con frecuencia para evitar contratiempos.<\/strong><\/p>\n<p>Enlaces de inter\u00e9s:<\/p>\n<p>\u2022 Mapa del tr\u00e1fico en tiempo real: <a href=\"http:\/\/infocar.dgt.es\/etraffic\/\" target=\"_blank\" rel=\"noopener noreferrer\">http:\/\/infocar.dgt.es\/etraffic\/<\/a><\/p>\n<p>\u2022 Avisos AEMET: <a href=\"http:\/\/www.aemet.es\/es\/eltiempo\/prediccion\/avisos\" target=\"_blank\" rel=\"noopener noreferrer\">http:\/\/www.aemet.es\/es\/eltiempo\/prediccion\/avisos<\/a><\/p>\n<p>\u2022 Consejos para conducir durante una tormenta: <a href=\"https:\/\/revista.dgt.es\/es\/noticias\/nacional\/2017\/08AGOSTO\/0825-Conducir-con-tormenta.shtml#:~:text=Reduce%20la%20adherencia.,evitar%20frenar%20en%20las%20curvas.\" target=\"_blank\" rel=\"noopener noreferrer\">https:\/\/revista.dgt.es\/es\/noticias\/nacional\/2017\/08AGOSTO\/0825-Conducir-con-tormenta.shtml#:~:text=Reduce%20la%20adherencia.,evitar%20frenar%20en%20las%20curvas.<\/a><\/p>\n<p>[\/et_pb_text][\/et_pb_column][et_pb_column type=&#8221;1_3&#8243; _builder_version=&#8221;3.25&#8243; custom_padding=&#8221;|||&#8221; custom_padding__hover=&#8221;|||&#8221;][et_pb_image src=&#8221;https:\/\/cetm-madrid.es\/web\/wp-content\/uploads\/2021\/06\/Dise\u00f1o-sin-t\u00edtulo-8.png&#8221; align_tablet=&#8221;center&#8221; align_last_edited=&#8221;on|desktop&#8221; admin_label=&#8221;Imagen&#8221; _builder_version=&#8221;4.7.7&#8243; animation_style=&#8221;slide&#8221; animation_direction=&#8221;left&#8221; animation_duration=&#8221;500ms&#8221; animation_intensity_slide=&#8221;10%&#8221; hover_enabled=&#8221;0&#8243; use_border_color=&#8221;off&#8221; border_color=&#8221;#ffffff&#8221; border_style=&#8221;solid&#8221; animation=&#8221;left&#8221; sticky=&#8221;off&#8221; always_center_on_mobile=&#8221;on&#8221; title_text=&#8221;Dise\u00f1o sin t\u00edtulo (8)&#8221; sticky_enabled=&#8221;0&#8243;][\/et_pb_image][\/et_pb_column][\/et_pb_row][\/et_pb_section]<\/p>\n","protected":false},"excerpt":{"rendered":"<p>Tras las lluvias y tormentas que tuvieron lugar este mi\u00e9rcoles y que provocaron incidencias en algunas carreteras como las de La Rioja, la alerta contin\u00faa y hoy se esperan fuertes tormentas en casi toda Espa\u00f1a. La Agencia Estatal de Meteorolog\u00eda (AEMET) ha activado la alerta naranja (riesgo importante) en Arag\u00f3n, Catalu\u00f1a, Navarra y Pa\u00eds Vasco. [&hellip;]<\/p>\n","protected":false},"author":1,"featured_media":8427,"comment_status":"closed","ping_status":"open","sticky":false,"template":"","format":"standard","meta":{"_et_pb_use_builder":"on","_et_pb_old_content":"","_et_gb_content_width":"","footnotes":""},"categories":[5,4],"tags":[],"class_list":["post-8525","post","type-post","status-publish","format-standard","has-post-thumbnail","hentry","category-general","category-organizacion"],"_links":{"self":[{"href":"https:\/\/cetm-madrid.es\/web\/wp-json\/wp\/v2\/posts\/8525","targetHints":{"allow":["GET"]}}],"collection":[{"href":"https:\/\/cetm-madrid.es\/web\/wp-json\/wp\/v2\/posts"}],"about":[{"href":"https:\/\/cetm-madrid.es\/web\/wp-json\/wp\/v2\/types\/post"}],"author":[{"embeddable":true,"href":"https:\/\/cetm-madrid.es\/web\/wp-json\/wp\/v2\/users\/1"}],"replies":[{"embeddable":true,"href":"https:\/\/cetm-madrid.es\/web\/wp-json\/wp\/v2\/comments?post=8525"}],"version-history":[{"count":2,"href":"https:\/\/cetm-madrid.es\/web\/wp-json\/wp\/v2\/posts\/8525\/revisions"}],"predecessor-version":[{"id":8528,"href":"https:\/\/cetm-madrid.es\/web\/wp-json\/wp\/v2\/posts\/8525\/revisions\/8528"}],"wp:featuredmedia":[{"embeddable":true,"href":"https:\/\/cetm-madrid.es\/web\/wp-json\/wp\/v2\/media\/8427"}],"wp:attachment":[{"href":"https:\/\/cetm-madrid.es\/web\/wp-json\/wp\/v2\/media?parent=8525"}],"wp:term":[{"taxonomy":"category","embeddable":true,"href":"https:\/\/cetm-madrid.es\/web\/wp-json\/wp\/v2\/categories?post=8525"},{"taxonomy":"post_tag","embeddable":true,"href":"https:\/\/cetm-madrid.es\/web\/wp-json\/wp\/v2\/tags?post=8525"}],"curies":[{"name":"wp","href":"https:\/\/api.w.org\/{rel}","templated":true}]}}