{"id":8490,"date":"2021-06-08T19:03:35","date_gmt":"2021-06-08T19:03:35","guid":{"rendered":"https:\/\/cetm-madrid.es\/web\/?p=8490"},"modified":"2021-06-08T19:03:38","modified_gmt":"2021-06-08T19:03:38","slug":"prohibida-la-circulacion-para-vehiculos-especiales-en-los-viaductos-de-el-castro-leon","status":"publish","type":"post","link":"https:\/\/cetm-madrid.es\/web\/prohibida-la-circulacion-para-vehiculos-especiales-en-los-viaductos-de-el-castro-leon\/","title":{"rendered":"Prohibida la circulaci\u00f3n para veh\u00edculos especiales en los viaductos de El Castro (Le\u00f3n)"},"content":{"rendered":"<p>[et_pb_section fb_built=&#8221;1&#8243; admin_label=&#8221;section&#8221; _builder_version=&#8221;3.22&#8243;][et_pb_row admin_label=&#8221;row&#8221; _builder_version=&#8221;3.25&#8243; background_size=&#8221;initial&#8221; background_position=&#8221;top_left&#8221; background_repeat=&#8221;repeat&#8221; column_structure=&#8221;2_3,1_3&#8243;][et_pb_column type=&#8221;2_3&#8243; _builder_version=&#8221;3.25&#8243; custom_padding=&#8221;|||&#8221; custom_padding__hover=&#8221;|||&#8221;][et_pb_text admin_label=&#8221;Texto&#8221; _builder_version=&#8221;4.7.7&#8243; background_size=&#8221;initial&#8221; background_position=&#8221;top_left&#8221; background_repeat=&#8221;repeat&#8221; text_orientation=&#8221;justified&#8221; hover_enabled=&#8221;0&#8243; use_border_color=&#8221;off&#8221; border_color=&#8221;#ffffff&#8221; border_style=&#8221;solid&#8221; sticky_enabled=&#8221;0&#8243;]<\/p>\n<p>La Direcci\u00f3n General de Tr\u00e1fico ha informado de la prohibici\u00f3n de circulaci\u00f3n durante los pr\u00f3ximos meses para los veh\u00edculos<strong> que excedan las 44 toneladas de MMA<\/strong> entre los puntos kilom\u00e9tricos <strong>428 y 432 de la A-6<\/strong> debido a las obras de mantenimiento y reparaci\u00f3n estructural de los viaductos de El Castro.<\/p>\n<p>Esta prohibici\u00f3n afecta a<strong> los veh\u00edculos especiales y en r\u00e9gimen de transporte especial<\/strong> provistos de la correspondiente autorizaci\u00f3n complementaria de circulaci\u00f3n (ACC), as\u00ed como los que circulen, debidamente autorizados, en configuraci\u00f3n euro-modular excediendo la referida masa m\u00e1xima.<\/p>\n<p>Tal y como informa la DGT, en el caso de los veh\u00edculos amparados por una autorizaci\u00f3n complementaria de circulaci\u00f3n, se ha establecido el siguiente itinerario alternativo, debidamente se\u00f1alizado mediante los paneles de mensaje variable (PMV) y la correspondiente se\u00f1alizaci\u00f3n circunstancial, puesto que <strong>no es posible la utilizaci\u00f3n como alternativa de la N-6a, paralela a la A-6:<\/strong><\/p>\n<p>[\/et_pb_text][et_pb_image _builder_version=&#8221;4.7.7&#8243; _module_preset=&#8221;default&#8221; hover_enabled=&#8221;0&#8243; sticky_enabled=&#8221;0&#8243; title_text=&#8221;Captura&#8221; src=&#8221;https:\/\/cetm-madrid.es\/web\/wp-content\/uploads\/2021\/06\/Captura.jpg&#8221;][\/et_pb_image][et_pb_text admin_label=&#8221;Texto&#8221; _builder_version=&#8221;4.7.7&#8243; background_size=&#8221;initial&#8221; background_position=&#8221;top_left&#8221; background_repeat=&#8221;repeat&#8221; text_orientation=&#8221;justified&#8221; hover_enabled=&#8221;0&#8243; use_border_color=&#8221;off&#8221; border_color=&#8221;#ffffff&#8221; border_style=&#8221;solid&#8221; sticky_enabled=&#8221;0&#8243;]<\/p>\n<p>\u2022 N-120: acceso desde la salida 400 de la A-6 (provincias de Le\u00f3n, Ourense y Lugo)<br \/>\u2022 LU-652 (provincia de Lugo, enlace desde km.512 de la N-120)<br \/>\u2022 CG 2.2, hasta Nadela (provincia de Lugo, enlace con A-6, A-54 y N-6).<\/p>\n<p>Los transportistas <strong>deben tener en cuenta<\/strong> que:<\/p>\n<p>&#8211; El tr\u00e1nsito por la N-120 en la provincia de Lugo de los veh\u00edculos dotados de ACC deber\u00e1 realizarse preferentemente <strong>con car\u00e1cter nocturno<\/strong>.<\/p>\n<p>&#8211; La CG 2.2 <strong>permanecer\u00e1 cerrada entre las 13:00 y las 15:00 horas<\/strong> con motivo de obras que incluyen voladuras, por lo que deber\u00e1 evitarse el tr\u00e1nsito durante esas horas.<\/p>\n<p><strong>No hay fecha prevista de finalizaci\u00f3n de los trabajos<\/strong> y por tanto este ser\u00e1 el itinerario alternativo durante los pr\u00f3ximos meses, a la espera, seg\u00fan ha indicado la DGT, de que la circulaci\u00f3n pueda reanudarse \u201ctan pronto como sea posible\u201d.<\/p>\n<p>[\/et_pb_text][\/et_pb_column][et_pb_column type=&#8221;1_3&#8243; _builder_version=&#8221;3.25&#8243; custom_padding=&#8221;|||&#8221; custom_padding__hover=&#8221;|||&#8221;][et_pb_image src=&#8221;https:\/\/cetm-madrid.es\/web\/wp-content\/uploads\/2021\/06\/Dise\u00f1o-sin-t\u00edtulo-13.png&#8221; align_tablet=&#8221;center&#8221; align_last_edited=&#8221;on|desktop&#8221; admin_label=&#8221;Imagen&#8221; _builder_version=&#8221;4.7.7&#8243; animation_style=&#8221;slide&#8221; animation_direction=&#8221;left&#8221; animation_duration=&#8221;500ms&#8221; animation_intensity_slide=&#8221;10%&#8221; hover_enabled=&#8221;0&#8243; use_border_color=&#8221;off&#8221; border_color=&#8221;#ffffff&#8221; border_style=&#8221;solid&#8221; animation=&#8221;left&#8221; sticky=&#8221;off&#8221; always_center_on_mobile=&#8221;on&#8221; title_text=&#8221;Dise\u00f1o sin t\u00edtulo (13)&#8221; sticky_enabled=&#8221;0&#8243;][\/et_pb_image][\/et_pb_column][\/et_pb_row][\/et_pb_section]<\/p>\n","protected":false},"excerpt":{"rendered":"<p>La Direcci\u00f3n General de Tr\u00e1fico ha informado de la prohibici\u00f3n de circulaci\u00f3n durante los pr\u00f3ximos meses para los veh\u00edculos que excedan las 44 toneladas de MMA entre los puntos kilom\u00e9tricos 428 y 432 de la A-6 debido a las obras de mantenimiento y reparaci\u00f3n estructural de los viaductos de El Castro. Esta prohibici\u00f3n afecta a [&hellip;]<\/p>\n","protected":false},"author":1,"featured_media":8494,"comment_status":"closed","ping_status":"open","sticky":false,"template":"","format":"standard","meta":{"_et_pb_use_builder":"on","_et_pb_old_content":"","_et_gb_content_width":"","footnotes":""},"categories":[5,4],"tags":[],"class_list":["post-8490","post","type-post","status-publish","format-standard","has-post-thumbnail","hentry","category-general","category-organizacion"],"_links":{"self":[{"href":"https:\/\/cetm-madrid.es\/web\/wp-json\/wp\/v2\/posts\/8490","targetHints":{"allow":["GET"]}}],"collection":[{"href":"https:\/\/cetm-madrid.es\/web\/wp-json\/wp\/v2\/posts"}],"about":[{"href":"https:\/\/cetm-madrid.es\/web\/wp-json\/wp\/v2\/types\/post"}],"author":[{"embeddable":true,"href":"https:\/\/cetm-madrid.es\/web\/wp-json\/wp\/v2\/users\/1"}],"replies":[{"embeddable":true,"href":"https:\/\/cetm-madrid.es\/web\/wp-json\/wp\/v2\/comments?post=8490"}],"version-history":[{"count":4,"href":"https:\/\/cetm-madrid.es\/web\/wp-json\/wp\/v2\/posts\/8490\/revisions"}],"predecessor-version":[{"id":8497,"href":"https:\/\/cetm-madrid.es\/web\/wp-json\/wp\/v2\/posts\/8490\/revisions\/8497"}],"wp:featuredmedia":[{"embeddable":true,"href":"https:\/\/cetm-madrid.es\/web\/wp-json\/wp\/v2\/media\/8494"}],"wp:attachment":[{"href":"https:\/\/cetm-madrid.es\/web\/wp-json\/wp\/v2\/media?parent=8490"}],"wp:term":[{"taxonomy":"category","embeddable":true,"href":"https:\/\/cetm-madrid.es\/web\/wp-json\/wp\/v2\/categories?post=8490"},{"taxonomy":"post_tag","embeddable":true,"href":"https:\/\/cetm-madrid.es\/web\/wp-json\/wp\/v2\/tags?post=8490"}],"curies":[{"name":"wp","href":"https:\/\/api.w.org\/{rel}","templated":true}]}}