{"id":8455,"date":"2021-06-04T15:54:48","date_gmt":"2021-06-04T15:54:48","guid":{"rendered":"https:\/\/cetm-madrid.es\/web\/?p=8455"},"modified":"2021-06-04T15:54:52","modified_gmt":"2021-06-04T15:54:52","slug":"una-encuesta-de-la-iru-revela-que-la-escasez-de-conductores-aumentara-este-ano-mas-de-una-cuarta-parte-respecto-a-2020","status":"publish","type":"post","link":"https:\/\/cetm-madrid.es\/web\/una-encuesta-de-la-iru-revela-que-la-escasez-de-conductores-aumentara-este-ano-mas-de-una-cuarta-parte-respecto-a-2020\/","title":{"rendered":"Una encuesta de la IRU revela que la escasez de conductores aumentar\u00e1 este a\u00f1o m\u00e1s de una cuarta parte respecto a 2020"},"content":{"rendered":"<p>[et_pb_section fb_built=&#8221;1&#8243; admin_label=&#8221;section&#8221; _builder_version=&#8221;3.22&#8243;][et_pb_row column_structure=&#8221;2_3,1_3&#8243; admin_label=&#8221;row&#8221; _builder_version=&#8221;3.25&#8243; background_size=&#8221;initial&#8221; background_position=&#8221;top_left&#8221; background_repeat=&#8221;repeat&#8221;][et_pb_column type=&#8221;2_3&#8243; _builder_version=&#8221;3.25&#8243; custom_padding=&#8221;|||&#8221; custom_padding__hover=&#8221;|||&#8221;][et_pb_text admin_label=&#8221;Texto&#8221; _builder_version=&#8221;4.7.7&#8243; background_size=&#8221;initial&#8221; background_position=&#8221;top_left&#8221; background_repeat=&#8221;repeat&#8221; text_orientation=&#8221;justified&#8221; hover_enabled=&#8221;0&#8243; use_border_color=&#8221;off&#8221; border_color=&#8221;#ffffff&#8221; border_style=&#8221;solid&#8221; sticky_enabled=&#8221;0&#8243;]<\/p>\n<p>La Organizaci\u00f3n Internacional del Transporte (IRU), de la que forma parte la CETM, ha revelado los resultados de una encuesta que analiza la escasez de conductores.<\/p>\n<p>Seg\u00fan este sondeo en el que han participado empresas de transporte de 23 pa\u00edses diferentes, Espa\u00f1a es uno de los territorios en los que la brecha de profesionales <strong>aumentar\u00e1 en mayor grado durante el 2021<\/strong>, concretamente un 150%.<\/p>\n<p>El 40% de las empresas encuestadas citan<strong> la falta de habilidades como la principal causa<\/strong> de esta carencia en el caso de mercados como la Rep\u00fablica Checa, Noruega, Rusia, Ucrania o M\u00e9xico.<\/p>\n<p>Si bien, <strong>la ca\u00edda de la demanda en 2020 debido a la pandemia<\/strong> es otro de los principales factores por los que se producir\u00e1 un aumento m\u00e1s alto de lo normal en la escasez que viene ocurriendo en los \u00faltimos a\u00f1os. Ante este problema y la previsi\u00f3n de que la econom\u00eda se recupere, la IRU prev\u00e9 que los transportistas <strong>tendr\u00e1n que enfrentarse a m\u00e1s problemas<\/strong> como el aumento de los costes, dificultades operativas o clientes insatisfechos.<\/p>\n<p>\u201cMuchos conductores dejaron de trabajar el a\u00f1o pasado para evitar contraer el Covid-19, se cerraron centros de capacitaci\u00f3n u otros dejaron la profesi\u00f3n debido a los desaf\u00edos y barreras que se impusieron para trabajar\u201d, se\u00f1ala el secretario general de la IRU, Umberto de Pretto.<\/p>\n<p>Desde la IRU destacan que las empresas de transporte ya est\u00e1n dedicando importantes recursos a identificar, contratar y desarrollar conductores y estima que para administrar el talento ser\u00e1 necesario que <strong>vayan m\u00e1s all\u00e1 de las tradicionales situaciones de capacitaci\u00f3n<\/strong> que, en algunos casos, est\u00e1n desactualizadas y son costosas.<\/p>\n<p>El Foro Econ\u00f3mico Mundial estima que el 30% de la fuerza laboral mundial <strong>necesitar\u00e1 volver a capacitarse para 2025<\/strong> y por ello la organizaci\u00f3n insta a los transportistas a que act\u00faen con rapidez.<\/p>\n<p>[\/et_pb_text][\/et_pb_column][et_pb_column type=&#8221;1_3&#8243; _builder_version=&#8221;3.25&#8243; custom_padding=&#8221;|||&#8221; custom_padding__hover=&#8221;|||&#8221;][et_pb_image src=&#8221;https:\/\/cetm-madrid.es\/web\/wp-content\/uploads\/2021\/06\/Dise\u00f1o-sin-t\u00edtulo-10.png&#8221; align_tablet=&#8221;center&#8221; align_phone=&#8221;&#8221; align_last_edited=&#8221;on|desktop&#8221; admin_label=&#8221;Imagen&#8221; _builder_version=&#8221;4.7.7&#8243; animation_style=&#8221;slide&#8221; animation_direction=&#8221;left&#8221; animation_duration=&#8221;500ms&#8221; animation_intensity_slide=&#8221;10%&#8221; hover_enabled=&#8221;0&#8243; use_border_color=&#8221;off&#8221; border_color=&#8221;#ffffff&#8221; border_style=&#8221;solid&#8221; animation=&#8221;left&#8221; sticky=&#8221;off&#8221; always_center_on_mobile=&#8221;on&#8221; title_text=&#8221;Dise\u00f1o sin t\u00edtulo (10)&#8221; sticky_enabled=&#8221;0&#8243;][\/et_pb_image][\/et_pb_column][\/et_pb_row][\/et_pb_section]<\/p>\n","protected":false},"excerpt":{"rendered":"<p>La Organizaci\u00f3n Internacional del Transporte (IRU), de la que forma parte la CETM, ha revelado los resultados de una encuesta que analiza la escasez de conductores. Seg\u00fan este sondeo en el que han participado empresas de transporte de 23 pa\u00edses diferentes, Espa\u00f1a es uno de los territorios en los que la brecha de profesionales aumentar\u00e1 [&hellip;]<\/p>\n","protected":false},"author":1,"featured_media":8459,"comment_status":"closed","ping_status":"open","sticky":false,"template":"","format":"standard","meta":{"_et_pb_use_builder":"on","_et_pb_old_content":"","_et_gb_content_width":"","footnotes":""},"categories":[5,4],"tags":[],"class_list":["post-8455","post","type-post","status-publish","format-standard","has-post-thumbnail","hentry","category-general","category-organizacion"],"_links":{"self":[{"href":"https:\/\/cetm-madrid.es\/web\/wp-json\/wp\/v2\/posts\/8455","targetHints":{"allow":["GET"]}}],"collection":[{"href":"https:\/\/cetm-madrid.es\/web\/wp-json\/wp\/v2\/posts"}],"about":[{"href":"https:\/\/cetm-madrid.es\/web\/wp-json\/wp\/v2\/types\/post"}],"author":[{"embeddable":true,"href":"https:\/\/cetm-madrid.es\/web\/wp-json\/wp\/v2\/users\/1"}],"replies":[{"embeddable":true,"href":"https:\/\/cetm-madrid.es\/web\/wp-json\/wp\/v2\/comments?post=8455"}],"version-history":[{"count":2,"href":"https:\/\/cetm-madrid.es\/web\/wp-json\/wp\/v2\/posts\/8455\/revisions"}],"predecessor-version":[{"id":8460,"href":"https:\/\/cetm-madrid.es\/web\/wp-json\/wp\/v2\/posts\/8455\/revisions\/8460"}],"wp:featuredmedia":[{"embeddable":true,"href":"https:\/\/cetm-madrid.es\/web\/wp-json\/wp\/v2\/media\/8459"}],"wp:attachment":[{"href":"https:\/\/cetm-madrid.es\/web\/wp-json\/wp\/v2\/media?parent=8455"}],"wp:term":[{"taxonomy":"category","embeddable":true,"href":"https:\/\/cetm-madrid.es\/web\/wp-json\/wp\/v2\/categories?post=8455"},{"taxonomy":"post_tag","embeddable":true,"href":"https:\/\/cetm-madrid.es\/web\/wp-json\/wp\/v2\/tags?post=8455"}],"curies":[{"name":"wp","href":"https:\/\/api.w.org\/{rel}","templated":true}]}}