{"id":8437,"date":"2021-06-03T08:13:43","date_gmt":"2021-06-03T08:13:43","guid":{"rendered":"https:\/\/cetm-madrid.es\/web\/?p=8437"},"modified":"2021-06-04T08:20:27","modified_gmt":"2021-06-04T08:20:27","slug":"las-lluvias-y-tormentas-vuelven-con-fuerza-a-partir-de-esta-tarde","status":"publish","type":"post","link":"https:\/\/cetm-madrid.es\/web\/las-lluvias-y-tormentas-vuelven-con-fuerza-a-partir-de-esta-tarde\/","title":{"rendered":"Las lluvias y tormentas vuelven con fuerza a partir de esta tarde"},"content":{"rendered":"<p>[et_pb_section fb_built=&#8221;1&#8243; admin_label=&#8221;section&#8221; _builder_version=&#8221;3.22&#8243;][et_pb_row admin_label=&#8221;row&#8221; _builder_version=&#8221;3.25&#8243; background_size=&#8221;initial&#8221; background_position=&#8221;top_left&#8221; background_repeat=&#8221;repeat&#8221; column_structure=&#8221;2_3,1_3&#8243;][et_pb_column type=&#8221;2_3&#8243; _builder_version=&#8221;3.25&#8243; custom_padding=&#8221;|||&#8221; custom_padding__hover=&#8221;|||&#8221;][et_pb_text admin_label=&#8221;Texto&#8221; _builder_version=&#8221;4.7.7&#8243; background_size=&#8221;initial&#8221; background_position=&#8221;top_left&#8221; background_repeat=&#8221;repeat&#8221; text_orientation=&#8221;justified&#8221; hover_enabled=&#8221;0&#8243; use_border_color=&#8221;off&#8221; border_color=&#8221;#ffffff&#8221; border_style=&#8221;solid&#8221; sticky_enabled=&#8221;0&#8243;]<\/p>\n<p>La Agencia Estatal de Meteorolog\u00eda (AEMET) ha alertado de la presencia de lluvias a partir de la tarde de este jueves y durante el fin de semana ante la llegada de una nueva DANA. Se espera que en algunas zonas<strong> lleguen a acumularse entre 15-20 litros<\/strong> de agua en una hora y es posible que los chubascos tormentosos vayan acompa\u00f1ados de granizo.<\/p>\n<p>Este jueves habr\u00e1 chubascos y tormentas localmente fuertes en el interior de la mitad este, sobre todo en las sierras del sureste, Sistema Ib\u00e9rico, Cant\u00e1brico oriental, alto y medio Ebro y Pirineo occidental. <span style=\"text-decoration: underline;\"><strong>Zaragoza se encuentra en alerta naranja<\/strong><\/span> y en <span style=\"text-decoration: underline;\"><strong>alerta amarilla<\/strong><\/span> se sit\u00faan <span style=\"text-decoration: underline;\">Granada, Ja\u00e9n, Huesca, Burgos, Soria, \u00c1lava, Guip\u00fazcoa, Navarra y La Rioja.<\/span> Las temperaturas descender\u00e1n, aunque en muchas zonas a\u00fan se registrar\u00e1n m\u00e1ximas de entre 25 y 30 \u00baC.<\/p>\n<p>La AEMET prev\u00e9 que el viernes haya chubascos y tormentas <strong>que podr\u00e1n ser localmente fuertes<\/strong> en un amplio entorno del alto Ebro durante la primera mitad del d\u00eda, y en el medio Ebro y este de Castilla y Le\u00f3n durante la segunda mitad. Los chubascos se podr\u00e1n extender de forma m\u00e1s d\u00e9bil y aislada al resto del Cant\u00e1brico, de Castilla y Le\u00f3n, al noreste de la meseta sur y Catalu\u00f1a. De igual modo, en el sur y sudeste peninsular hay probabilidad de chubascos que ocasionalmente ir\u00e1n acompa\u00f1ados de tormentas.<\/p>\n<p>Como en anteriores ocasiones, desde la CETM pedimos <strong>precauci\u00f3n en las carreteras<\/strong> y aconsejamos consultar con frecuencia la predicci\u00f3n del tiempo para este fin de semana as\u00ed como el estado de las v\u00edas.<\/p>\n<p>Enlaces de inter\u00e9s:<br \/>\u2022 Estado del tr\u00e1fico en tiempo real: <a href=\"http:\/\/infocar.dgt.es\/etraffic\/\" target=\"_blank\" rel=\"noopener noreferrer\">http:\/\/infocar.dgt.es\/etraffic\/<\/a><br \/>\u2022 Predicci\u00f3n meteorol\u00f3gica: <a href=\"http:\/\/www.aemet.es\/es\/eltiempo\/prediccion\" target=\"_blank\" rel=\"noopener noreferrer\">http:\/\/www.aemet.es\/es\/eltiempo\/prediccion<\/a><br \/>\u2022 Consejos para conducir bajo la lluvia: <a href=\"https:\/\/revista.dgt.es\/es\/motor\/noticias\/2019\/10OCTUBRE\/1017-conducir-con-lluvia.shtml\" target=\"_blank\" rel=\"noopener noreferrer\">https:\/\/revista.dgt.es\/es\/motor\/noticias\/2019\/10OCTUBRE\/1017-conducir-con-lluvia.shtml<\/a><\/p>\n<p>[\/et_pb_text][\/et_pb_column][et_pb_column type=&#8221;1_3&#8243; _builder_version=&#8221;3.25&#8243; custom_padding=&#8221;|||&#8221; custom_padding__hover=&#8221;|||&#8221;][et_pb_image src=&#8221;https:\/\/cetm-madrid.es\/web\/wp-content\/uploads\/2021\/06\/Dise\u00f1o-sin-t\u00edtulo-9.png&#8221; align_tablet=&#8221;center&#8221; align_last_edited=&#8221;on|desktop&#8221; admin_label=&#8221;Imagen&#8221; _builder_version=&#8221;4.7.7&#8243; animation_style=&#8221;slide&#8221; animation_direction=&#8221;left&#8221; animation_duration=&#8221;500ms&#8221; animation_intensity_slide=&#8221;10%&#8221; hover_enabled=&#8221;0&#8243; use_border_color=&#8221;off&#8221; border_color=&#8221;#ffffff&#8221; border_style=&#8221;solid&#8221; animation=&#8221;left&#8221; sticky=&#8221;off&#8221; always_center_on_mobile=&#8221;on&#8221; title_text=&#8221;Dise\u00f1o sin t\u00edtulo (9)&#8221; sticky_enabled=&#8221;0&#8243;][\/et_pb_image][\/et_pb_column][\/et_pb_row][\/et_pb_section]<\/p>\n","protected":false},"excerpt":{"rendered":"<p>La Agencia Estatal de Meteorolog\u00eda (AEMET) ha alertado de la presencia de lluvias a partir de la tarde de este jueves y durante el fin de semana ante la llegada de una nueva DANA. Se espera que en algunas zonas lleguen a acumularse entre 15-20 litros de agua en una hora y es posible que [&hellip;]<\/p>\n","protected":false},"author":1,"featured_media":8440,"comment_status":"closed","ping_status":"open","sticky":false,"template":"","format":"standard","meta":{"_et_pb_use_builder":"on","_et_pb_old_content":"","_et_gb_content_width":"","footnotes":""},"categories":[5,4],"tags":[],"class_list":["post-8437","post","type-post","status-publish","format-standard","has-post-thumbnail","hentry","category-general","category-organizacion"],"_links":{"self":[{"href":"https:\/\/cetm-madrid.es\/web\/wp-json\/wp\/v2\/posts\/8437","targetHints":{"allow":["GET"]}}],"collection":[{"href":"https:\/\/cetm-madrid.es\/web\/wp-json\/wp\/v2\/posts"}],"about":[{"href":"https:\/\/cetm-madrid.es\/web\/wp-json\/wp\/v2\/types\/post"}],"author":[{"embeddable":true,"href":"https:\/\/cetm-madrid.es\/web\/wp-json\/wp\/v2\/users\/1"}],"replies":[{"embeddable":true,"href":"https:\/\/cetm-madrid.es\/web\/wp-json\/wp\/v2\/comments?post=8437"}],"version-history":[{"count":2,"href":"https:\/\/cetm-madrid.es\/web\/wp-json\/wp\/v2\/posts\/8437\/revisions"}],"predecessor-version":[{"id":8441,"href":"https:\/\/cetm-madrid.es\/web\/wp-json\/wp\/v2\/posts\/8437\/revisions\/8441"}],"wp:featuredmedia":[{"embeddable":true,"href":"https:\/\/cetm-madrid.es\/web\/wp-json\/wp\/v2\/media\/8440"}],"wp:attachment":[{"href":"https:\/\/cetm-madrid.es\/web\/wp-json\/wp\/v2\/media?parent=8437"}],"wp:term":[{"taxonomy":"category","embeddable":true,"href":"https:\/\/cetm-madrid.es\/web\/wp-json\/wp\/v2\/categories?post=8437"},{"taxonomy":"post_tag","embeddable":true,"href":"https:\/\/cetm-madrid.es\/web\/wp-json\/wp\/v2\/tags?post=8437"}],"curies":[{"name":"wp","href":"https:\/\/api.w.org\/{rel}","templated":true}]}}