{"id":8424,"date":"2021-06-01T10:59:05","date_gmt":"2021-06-01T10:59:05","guid":{"rendered":"https:\/\/cetm-madrid.es\/web\/?p=8424"},"modified":"2021-06-02T11:04:37","modified_gmt":"2021-06-02T11:04:37","slug":"alerta-por-lluvias-y-tormentas-en-gran-parte-de-la-peninsula","status":"publish","type":"post","link":"https:\/\/cetm-madrid.es\/web\/alerta-por-lluvias-y-tormentas-en-gran-parte-de-la-peninsula\/","title":{"rendered":"Alerta por lluvias y tormentas en gran parte de la Pen\u00ednsula"},"content":{"rendered":"<p>[et_pb_section fb_built=&#8221;1&#8243; admin_label=&#8221;section&#8221; _builder_version=&#8221;3.22&#8243;][et_pb_row admin_label=&#8221;row&#8221; _builder_version=&#8221;3.25&#8243; background_size=&#8221;initial&#8221; background_position=&#8221;top_left&#8221; background_repeat=&#8221;repeat&#8221; column_structure=&#8221;2_3,1_3&#8243;][et_pb_column type=&#8221;2_3&#8243; _builder_version=&#8221;3.25&#8243; custom_padding=&#8221;|||&#8221; custom_padding__hover=&#8221;|||&#8221;][et_pb_text admin_label=&#8221;Texto&#8221; _builder_version=&#8221;4.7.7&#8243; background_size=&#8221;initial&#8221; background_position=&#8221;top_left&#8221; background_repeat=&#8221;repeat&#8221; text_orientation=&#8221;justified&#8221; hover_enabled=&#8221;0&#8243; use_border_color=&#8221;off&#8221; border_color=&#8221;#ffffff&#8221; border_style=&#8221;solid&#8221; sticky_enabled=&#8221;0&#8243;]<\/p>\n<p>La Agencia Estatal de Meteorolog\u00eda (AEMET) ha informado de la llegada de una DANA que<strong> dejar\u00e1 lluvias y tormentas en gran parte de la Pen\u00ednsula<\/strong> durante esta semana.<\/p>\n<p>Este martes Zaragoza, Teruel, Cuenca y Guadalajara se encuentran <strong>en riesgo naranja,<\/strong> por lo que es probable que las lluvias y tormentas vayan <strong>acompa\u00f1adas de granizo y rachas de viento fuertes<\/strong>. La AEMET prev\u00e9 que en estas zonas se puedan acumular <span style=\"text-decoration: underline;\">hasta 30 litros por metro cuadrado en una hora.<\/span><\/p>\n<p>Por otra parte, Asturias, Pa\u00eds Vasco, Navarra, Cantabria, Galicia, La Rioja, la Comunidad de Madrid, el resto de Castilla-La Mancha, Castilla y Le\u00f3n, Catalu\u00f1a, Murcia, Andaluc\u00eda, parte de la Comunidad Valenciana y las Islas Baleares se encuentran <strong>en alerta amarilla,<\/strong> por lo que tambi\u00e9n se esperan lluvias y tormentas intensas en estas zonas.<\/p>\n<p>La Direcci\u00f3n General de Protecci\u00f3n Civil y Emergencias ha alertado del peligro que pueden suponer estas tormentas para las personas que tienen que conducir. En tal caso, pide que se disminuya la velocidad y <strong>no se detengan los veh\u00edculos en zonas en las que pueda discurrir una gran cantidad de agua.<\/strong><\/p>\n<p>Desde la CETM pedimos que <strong>se extreme la precauci\u00f3n<\/strong> y aconsejamos consultar la predicci\u00f3n meteorol\u00f3gica y el estado de las carreteras con asiduidad.<\/p>\n<p>Enlaces de inter\u00e9s:<br \/>\u2022 Mapa del tr\u00e1fico en tiempo real: <a href=\"http:\/\/infocar.dgt.es\/etraffic\/\" target=\"_blank\" rel=\"noopener noreferrer\">http:\/\/infocar.dgt.es\/etraffic\/<\/a><br \/>\u2022 Mapa de avisos AEMET: <a href=\"http:\/\/www.aemet.es\/es\/eltiempo\/prediccion\/avisos\" target=\"_blank\" rel=\"noopener noreferrer\">http:\/\/www.aemet.es\/es\/eltiempo\/prediccion\/avisos<\/a><\/p>\n<p>[\/et_pb_text][\/et_pb_column][et_pb_column type=&#8221;1_3&#8243; _builder_version=&#8221;3.25&#8243; custom_padding=&#8221;|||&#8221; custom_padding__hover=&#8221;|||&#8221;][et_pb_image src=&#8221;https:\/\/cetm-madrid.es\/web\/wp-content\/uploads\/2021\/06\/Dise\u00f1o-sin-t\u00edtulo-8.png&#8221; align_tablet=&#8221;center&#8221; align_last_edited=&#8221;on|desktop&#8221; admin_label=&#8221;Imagen&#8221; _builder_version=&#8221;4.7.7&#8243; animation_style=&#8221;slide&#8221; animation_direction=&#8221;left&#8221; animation_duration=&#8221;500ms&#8221; animation_intensity_slide=&#8221;10%&#8221; hover_enabled=&#8221;0&#8243; use_border_color=&#8221;off&#8221; border_color=&#8221;#ffffff&#8221; border_style=&#8221;solid&#8221; animation=&#8221;left&#8221; sticky=&#8221;off&#8221; always_center_on_mobile=&#8221;on&#8221; title_text=&#8221;Dise\u00f1o sin t\u00edtulo (8)&#8221; sticky_enabled=&#8221;0&#8243;][\/et_pb_image][\/et_pb_column][\/et_pb_row][\/et_pb_section]<\/p>\n","protected":false},"excerpt":{"rendered":"<p>La Agencia Estatal de Meteorolog\u00eda (AEMET) ha informado de la llegada de una DANA que dejar\u00e1 lluvias y tormentas en gran parte de la Pen\u00ednsula durante esta semana. Este martes Zaragoza, Teruel, Cuenca y Guadalajara se encuentran en riesgo naranja, por lo que es probable que las lluvias y tormentas vayan acompa\u00f1adas de granizo y [&hellip;]<\/p>\n","protected":false},"author":1,"featured_media":8427,"comment_status":"closed","ping_status":"open","sticky":false,"template":"","format":"standard","meta":{"_et_pb_use_builder":"on","_et_pb_old_content":"","_et_gb_content_width":"","footnotes":""},"categories":[5,4],"tags":[],"class_list":["post-8424","post","type-post","status-publish","format-standard","has-post-thumbnail","hentry","category-general","category-organizacion"],"_links":{"self":[{"href":"https:\/\/cetm-madrid.es\/web\/wp-json\/wp\/v2\/posts\/8424","targetHints":{"allow":["GET"]}}],"collection":[{"href":"https:\/\/cetm-madrid.es\/web\/wp-json\/wp\/v2\/posts"}],"about":[{"href":"https:\/\/cetm-madrid.es\/web\/wp-json\/wp\/v2\/types\/post"}],"author":[{"embeddable":true,"href":"https:\/\/cetm-madrid.es\/web\/wp-json\/wp\/v2\/users\/1"}],"replies":[{"embeddable":true,"href":"https:\/\/cetm-madrid.es\/web\/wp-json\/wp\/v2\/comments?post=8424"}],"version-history":[{"count":2,"href":"https:\/\/cetm-madrid.es\/web\/wp-json\/wp\/v2\/posts\/8424\/revisions"}],"predecessor-version":[{"id":8428,"href":"https:\/\/cetm-madrid.es\/web\/wp-json\/wp\/v2\/posts\/8424\/revisions\/8428"}],"wp:featuredmedia":[{"embeddable":true,"href":"https:\/\/cetm-madrid.es\/web\/wp-json\/wp\/v2\/media\/8427"}],"wp:attachment":[{"href":"https:\/\/cetm-madrid.es\/web\/wp-json\/wp\/v2\/media?parent=8424"}],"wp:term":[{"taxonomy":"category","embeddable":true,"href":"https:\/\/cetm-madrid.es\/web\/wp-json\/wp\/v2\/categories?post=8424"},{"taxonomy":"post_tag","embeddable":true,"href":"https:\/\/cetm-madrid.es\/web\/wp-json\/wp\/v2\/tags?post=8424"}],"curies":[{"name":"wp","href":"https:\/\/api.w.org\/{rel}","templated":true}]}}