{"id":8400,"date":"2021-05-28T10:37:59","date_gmt":"2021-05-28T10:37:59","guid":{"rendered":"https:\/\/cetm-madrid.es\/web\/?p=8400"},"modified":"2021-05-29T10:46:18","modified_gmt":"2021-05-29T10:46:18","slug":"acte-homenajeada-en-los-premios-heroes-de-la-pandemia","status":"publish","type":"post","link":"https:\/\/cetm-madrid.es\/web\/acte-homenajeada-en-los-premios-heroes-de-la-pandemia\/","title":{"rendered":"ACTE homenajeada en los Premios \u2018H\u00e9roes de la pandemia\u2019"},"content":{"rendered":"<p>[et_pb_section fb_built=&#8221;1&#8243; admin_label=&#8221;section&#8221; _builder_version=&#8221;3.22&#8243;][et_pb_row column_structure=&#8221;2_3,1_3&#8243; admin_label=&#8221;row&#8221; _builder_version=&#8221;3.25&#8243; background_size=&#8221;initial&#8221; background_position=&#8221;top_left&#8221; background_repeat=&#8221;repeat&#8221;][et_pb_column type=&#8221;2_3&#8243; _builder_version=&#8221;3.25&#8243; custom_padding=&#8221;|||&#8221; custom_padding__hover=&#8221;|||&#8221;][et_pb_image src=&#8221;https:\/\/cetm-madrid.es\/web\/wp-content\/uploads\/2021\/05\/Captura-1-1.jpg&#8221; title_text=&#8221;Captura 1&#8243; _builder_version=&#8221;4.7.7&#8243; _module_preset=&#8221;default&#8221;][\/et_pb_image][et_pb_text admin_label=&#8221;Texto&#8221; _builder_version=&#8221;4.7.7&#8243; background_size=&#8221;initial&#8221; background_position=&#8221;top_left&#8221; background_repeat=&#8221;repeat&#8221; text_orientation=&#8221;justified&#8221; use_border_color=&#8221;off&#8221; border_color=&#8221;#ffffff&#8221; border_style=&#8221;solid&#8221;]<\/p>\n<p>La Asociaci\u00f3n de Centros de Transporte y Log\u00edstica de Espa\u00f1a (ACTE) ha sido homenajeada con una \u2018menci\u00f3n especial\u2019 por El Economista <strong>como punto de encuentro del transporte y la log\u00edstica,<\/strong> en un acto celebrado el jueves 27 de mayo en el hotel Westin Palace de Madrid. Un total de 15 organizaciones pertenecientes a colectivos denominados \u2018trabajadores esenciales\u2019 recibieron este galard\u00f3n.<\/p>\n<p>El presidente de ACTE, Ram\u00f3n V\u00e1zquez, recibi\u00f3 el premio de manos de Juan Cierco Jim\u00e9nez de Parga, director Corporativo y consejero de Iberia.<\/p>\n<p>En su breve alocuci\u00f3n, V\u00e1zquez agradeci\u00f3 <strong>el reconocimiento \u201cpor nuestra actuaci\u00f3n en primera l\u00ednea durante esta pandemia\u201d<\/strong> que hizo extensivo a los directores y empleados de los centros de ACTE de toda Espa\u00f1a, as\u00ed como a los integrados en la organizaci\u00f3n europea Europlatforms.<\/p>\n<p>Ram\u00f3n V\u00e1zquez tuvo unas emotivas palabras para los empresarios y trabajadores del transporte de mercanc\u00edas por carretera y especialmente para \u201clos conductores que, con sus camiones, han recorrido y recorren Espa\u00f1a y Europa de punta a punta, 24 horas al d\u00eda, 365 d\u00edas al a\u00f1o, llevando abastecimientos a las f\u00e1bricas, productos industriales y agroalimentarios a los almacenes y al comercio, materiales sanitarios y medicamentos a hospitales y farmacias, llegando a los consumidores finales en sus viviendas, <strong>expresando con hechos y d\u00eda a d\u00eda su compromiso con la sociedad\u201d.<\/strong><\/p>\n<p>Para el presidente de ACTE el transporte es algo m\u00e1s que un sector estrat\u00e9gico, como manifiestan las autoridades. \u201cLas administraciones no siempre reconocen nuestra funci\u00f3n: somos esenciales, pero no dejan que vacunemos a los conductores\u201d. \u201cYo digo que el transporte es, sencillamente, vital, comparable a la sangre que circula por nuestro cuerpo a trav\u00e9s de las autov\u00edas y carreteras como lo son las arterias y venas llegando a todos los \u00f3rganos, desde el cerebro hasta la punta de nuestros pies, haci\u00e9ndolos funcionar. Si falta o falla sangre, los \u00f3rganos se quedan sin vida, se mueren\u201d.<\/p>\n<p>Con el esp\u00edritu cr\u00edtico que le caracteriza, Ram\u00f3n V\u00e1zquez cerr\u00f3 su alocuci\u00f3n con dos llamadas o reivindicaciones: <strong>una para las administraciones p\u00fablicas<\/strong> para que \u201cadem\u00e1s de halagar al sector, act\u00faen en su favor con legislaci\u00f3n y decisiones que lo potencien y lo hagan m\u00e1s competitivo y sostenible y no legislando contra el transporte por carretera que posibilita el 54% de los m\u00e1s de 530.000 millones de la actividad exportadora e importadora de la econom\u00eda espa\u00f1ola\u201d. Y como no, la segunda estaba dedicada <strong>a los medios de comunicaci\u00f3n<\/strong> \u201cpara que hablen de nosotros, de lo que somos, hacemos y necesitamos no solo cuando estamos involucrados en un desgraciado accidente o cuando convocamos un paro patronal para defender nuestros derechos sustanciales, ya que aportamos a la econom\u00eda espa\u00f1ola \u201csomos un 9% del PIB y recuerden que sin transporte no hay nada\u201d.<\/p>\n<p><strong>Clausur\u00f3 el acto el presidente de la CEOE,<\/strong> Antonio Garamendi, quien habl\u00f3 de la \u201cresponsabilidad social corporativa\u201d se\u00f1alando que lo m\u00e1s destacado de la misma es \u201cgenerar empleo\u201d.<\/p>\n<p>[\/et_pb_text][et_pb_image src=&#8221;https:\/\/cetm-madrid.es\/web\/wp-content\/uploads\/2021\/05\/Captura-3.jpg&#8221; title_text=&#8221;Captura 3&#8243; _builder_version=&#8221;4.7.7&#8243; _module_preset=&#8221;default&#8221;][\/et_pb_image][et_pb_text admin_label=&#8221;Texto&#8221; _builder_version=&#8221;4.7.7&#8243; background_size=&#8221;initial&#8221; background_position=&#8221;top_left&#8221; background_repeat=&#8221;repeat&#8221; text_orientation=&#8221;justified&#8221; use_border_color=&#8221;off&#8221; border_color=&#8221;#ffffff&#8221; border_style=&#8221;solid&#8221;]<\/p>\n<p>Adem\u00e1s de ACTE, fueron honrados con esta distinci\u00f3n las siguientes organizaciones y entidades, por orden alfab\u00e9tico:<\/p>\n<p>&#8211; Asociaci\u00f3n Profesional de Empresas de Limpieza<br \/>&#8211; Consejo General de Colegios Oficiales de Farmac\u00e9uticos de Espa\u00f1a<br \/>&#8211; Consejo General de Colegios Oficiales de M\u00e9dicos<br \/>&#8211; Consejo General de Enfermer\u00eda de Espa\u00f1a<br \/>&#8211; Cuerpo de Bomberos de la Comunidad de Madrid<br \/>&#8211; Cuerpo Nacional de Polic\u00eda<br \/>&#8211; Cruz Roja Espa\u00f1ola<br \/>&#8211; Federaci\u00f3n de Asociaciones de Periodistas de Espa\u00f1a (FAPE)<br \/>&#8211; Fundaci\u00f3n Banco de Alimentos<br \/>&#8211; Guardia Civil<br \/>&#8211; Polic\u00eda Municipal de Madrid<br \/>&#8211; SAMUR<br \/>&#8211; SUMMA<br \/>&#8211; Unidad Militar de Emergencia (UME)<\/p>\n<p>[\/et_pb_text][\/et_pb_column][et_pb_column type=&#8221;1_3&#8243; _builder_version=&#8221;3.25&#8243; custom_padding=&#8221;|||&#8221; custom_padding__hover=&#8221;|||&#8221;][et_pb_image src=&#8221;https:\/\/cetm-madrid.es\/web\/wp-content\/uploads\/2021\/05\/Captura-2-1.jpg&#8221; title_text=&#8221;Captura 2&#8243; align_tablet=&#8221;center&#8221; align_phone=&#8221;&#8221; align_last_edited=&#8221;on|desktop&#8221; admin_label=&#8221;Imagen&#8221; _builder_version=&#8221;4.7.7&#8243; animation_style=&#8221;slide&#8221; animation_direction=&#8221;left&#8221; animation_duration=&#8221;500ms&#8221; animation_intensity_slide=&#8221;10%&#8221; animation=&#8221;left&#8221; sticky=&#8221;off&#8221; use_border_color=&#8221;off&#8221; border_color=&#8221;#ffffff&#8221; border_style=&#8221;solid&#8221; always_center_on_mobile=&#8221;on&#8221;][\/et_pb_image][\/et_pb_column][\/et_pb_row][\/et_pb_section]<\/p>\n","protected":false},"excerpt":{"rendered":"<p>La Asociaci\u00f3n de Centros de Transporte y Log\u00edstica de Espa\u00f1a (ACTE) ha sido homenajeada con una \u2018menci\u00f3n especial\u2019 por El Economista como punto de encuentro del transporte y la log\u00edstica, en un acto celebrado el jueves 27 de mayo en el hotel Westin Palace de Madrid. Un total de 15 organizaciones pertenecientes a colectivos denominados [&hellip;]<\/p>\n","protected":false},"author":1,"featured_media":8405,"comment_status":"closed","ping_status":"open","sticky":false,"template":"","format":"standard","meta":{"_et_pb_use_builder":"on","_et_pb_old_content":"","_et_gb_content_width":"","footnotes":""},"categories":[5,4],"tags":[],"class_list":["post-8400","post","type-post","status-publish","format-standard","has-post-thumbnail","hentry","category-general","category-organizacion"],"_links":{"self":[{"href":"https:\/\/cetm-madrid.es\/web\/wp-json\/wp\/v2\/posts\/8400","targetHints":{"allow":["GET"]}}],"collection":[{"href":"https:\/\/cetm-madrid.es\/web\/wp-json\/wp\/v2\/posts"}],"about":[{"href":"https:\/\/cetm-madrid.es\/web\/wp-json\/wp\/v2\/types\/post"}],"author":[{"embeddable":true,"href":"https:\/\/cetm-madrid.es\/web\/wp-json\/wp\/v2\/users\/1"}],"replies":[{"embeddable":true,"href":"https:\/\/cetm-madrid.es\/web\/wp-json\/wp\/v2\/comments?post=8400"}],"version-history":[{"count":3,"href":"https:\/\/cetm-madrid.es\/web\/wp-json\/wp\/v2\/posts\/8400\/revisions"}],"predecessor-version":[{"id":8407,"href":"https:\/\/cetm-madrid.es\/web\/wp-json\/wp\/v2\/posts\/8400\/revisions\/8407"}],"wp:featuredmedia":[{"embeddable":true,"href":"https:\/\/cetm-madrid.es\/web\/wp-json\/wp\/v2\/media\/8405"}],"wp:attachment":[{"href":"https:\/\/cetm-madrid.es\/web\/wp-json\/wp\/v2\/media?parent=8400"}],"wp:term":[{"taxonomy":"category","embeddable":true,"href":"https:\/\/cetm-madrid.es\/web\/wp-json\/wp\/v2\/categories?post=8400"},{"taxonomy":"post_tag","embeddable":true,"href":"https:\/\/cetm-madrid.es\/web\/wp-json\/wp\/v2\/tags?post=8400"}],"curies":[{"name":"wp","href":"https:\/\/api.w.org\/{rel}","templated":true}]}}