{"id":8395,"date":"2021-05-26T10:01:01","date_gmt":"2021-05-26T10:01:01","guid":{"rendered":"https:\/\/cetm-madrid.es\/web\/?p=8395"},"modified":"2021-05-29T10:29:10","modified_gmt":"2021-05-29T10:29:10","slug":"la-cetm-reclamara-los-importes-pagados-en-la-n-1-y-la-a-15-en-guipuzcoa-y-pide-a-la-diputacion-que-afronte-la-decision-de-los-tribunales","status":"publish","type":"post","link":"https:\/\/cetm-madrid.es\/web\/la-cetm-reclamara-los-importes-pagados-en-la-n-1-y-la-a-15-en-guipuzcoa-y-pide-a-la-diputacion-que-afronte-la-decision-de-los-tribunales\/","title":{"rendered":"La CETM reclamar\u00e1 los importes pagados en la N-1 y la A-15 en Guip\u00fazcoa y pide a la Diputaci\u00f3n que afronte la decisi\u00f3n de los tribunales"},"content":{"rendered":"<p>[et_pb_section fb_built=&#8221;1&#8243; admin_label=&#8221;section&#8221; _builder_version=&#8221;3.22&#8243;][et_pb_row admin_label=&#8221;row&#8221; _builder_version=&#8221;3.25&#8243; background_size=&#8221;initial&#8221; background_position=&#8221;top_left&#8221; background_repeat=&#8221;repeat&#8221; column_structure=&#8221;2_3,1_3&#8243;][et_pb_column type=&#8221;2_3&#8243; _builder_version=&#8221;3.25&#8243; custom_padding=&#8221;|||&#8221; custom_padding__hover=&#8221;|||&#8221;][et_pb_text admin_label=&#8221;Texto&#8221; _builder_version=&#8221;4.7.7&#8243; background_size=&#8221;initial&#8221; background_position=&#8221;top_left&#8221; background_repeat=&#8221;repeat&#8221; text_orientation=&#8221;justified&#8221; hover_enabled=&#8221;0&#8243; use_border_color=&#8221;off&#8221; border_color=&#8221;#ffffff&#8221; border_style=&#8221;solid&#8221; sticky_enabled=&#8221;0&#8243;]<\/p>\n<p>Despu\u00e9s de que el Tribunal Supremo haya revocado definitivamente los peajes a camiones en la N-1 y la A-15, la Diputaci\u00f3n Foral de Guip\u00fazcoa <strong>no es capaz de<\/strong><br \/><strong>afrontar este nuevo rev\u00e9s judicial<\/strong> y, lejos de eliminar esta medida injusta y discriminatoria, ahora anuncia que <strong>extender\u00e1 los peajes en todo el recorrido de dichas v\u00edas.<\/strong><\/p>\n<p>La Diputaci\u00f3n se ve obligada a cambiar la forma de la normativa ante su empe\u00f1o de seguir cobrando a los veh\u00edculos pesados y lo har\u00e1 cueste lo que cueste. Es lo que<br \/>demuestra el anuncio realizado por la diputada foral de Infraestructuras, Aintzane Oiarbide, que se\u00f1ala a nuestro sector sin tapujos culpabiliz\u00e1ndole, adem\u00e1s, de esta<br \/>nueva alternativa.<\/p>\n<p>En lugar de admitir la decisi\u00f3n del Tribunal Superior de Justicia del Pa\u00eds Vasco y del Tribunal Supremo, que <strong>ha dado la raz\u00f3n al sector del transporte por carretera<\/strong><br \/><strong>al considerar que los peajes injustos y discriminatorios,<\/strong> y no contenta con esta nueva astucia para seguir cobrando a los veh\u00edculos pesados, Oiarbide amenaza con analizar \u201cuno por uno los casos de reclamaci\u00f3n de los trasportistas\u201d.<\/p>\n<p>Ante esto, la Confederaci\u00f3n Espa\u00f1ola de Transporte de Mercanc\u00edas (CETM) pide a la Diputaci\u00f3n de Guip\u00fazcoa <strong>que acate las decisiones judiciales<\/strong> y deje de perseguir<br \/>a un sector que es vital para el funcionamiento de la econom\u00eda y de la sociedad en su conjunto.<\/p>\n<p>La principal patronal del transporte de mercanc\u00edas ya trabaja en\u00e9rgicamente en un sistema <strong>que facilite a sus empresas asociadas la reclamaci\u00f3n de los importes<\/strong><br \/>abonados hasta el momento, as\u00ed como los intereses de demora, y advierte que no permanecer\u00e1 impasible ante la nueva norma que prepara la Diputaci\u00f3n y <strong>emprender\u00e1 las acciones necesarias para dar fin a esta obcecaci\u00f3n.<\/strong><\/p>\n<p>[\/et_pb_text][\/et_pb_column][et_pb_column type=&#8221;1_3&#8243; _builder_version=&#8221;3.25&#8243; custom_padding=&#8221;|||&#8221; custom_padding__hover=&#8221;|||&#8221;][et_pb_image src=&#8221;https:\/\/cetm-madrid.es\/web\/wp-content\/uploads\/2021\/05\/Dise\u00f1o-sin-t\u00edtulo-7.png&#8221; align_tablet=&#8221;center&#8221; align_last_edited=&#8221;on|desktop&#8221; admin_label=&#8221;Imagen&#8221; _builder_version=&#8221;4.7.7&#8243; animation_style=&#8221;slide&#8221; animation_direction=&#8221;left&#8221; animation_duration=&#8221;500ms&#8221; animation_intensity_slide=&#8221;10%&#8221; hover_enabled=&#8221;0&#8243; use_border_color=&#8221;off&#8221; border_color=&#8221;#ffffff&#8221; border_style=&#8221;solid&#8221; animation=&#8221;left&#8221; sticky=&#8221;off&#8221; always_center_on_mobile=&#8221;on&#8221; title_text=&#8221;Dise\u00f1o sin t\u00edtulo (7)&#8221; sticky_enabled=&#8221;0&#8243;][\/et_pb_image][\/et_pb_column][\/et_pb_row][\/et_pb_section]<\/p>\n","protected":false},"excerpt":{"rendered":"<p>Despu\u00e9s de que el Tribunal Supremo haya revocado definitivamente los peajes a camiones en la N-1 y la A-15, la Diputaci\u00f3n Foral de Guip\u00fazcoa no es capaz deafrontar este nuevo rev\u00e9s judicial y, lejos de eliminar esta medida injusta y discriminatoria, ahora anuncia que extender\u00e1 los peajes en todo el recorrido de dichas v\u00edas. La [&hellip;]<\/p>\n","protected":false},"author":1,"featured_media":8398,"comment_status":"closed","ping_status":"open","sticky":false,"template":"","format":"standard","meta":{"_et_pb_use_builder":"on","_et_pb_old_content":"","_et_gb_content_width":"","footnotes":""},"categories":[5,4],"tags":[],"class_list":["post-8395","post","type-post","status-publish","format-standard","has-post-thumbnail","hentry","category-general","category-organizacion"],"_links":{"self":[{"href":"https:\/\/cetm-madrid.es\/web\/wp-json\/wp\/v2\/posts\/8395","targetHints":{"allow":["GET"]}}],"collection":[{"href":"https:\/\/cetm-madrid.es\/web\/wp-json\/wp\/v2\/posts"}],"about":[{"href":"https:\/\/cetm-madrid.es\/web\/wp-json\/wp\/v2\/types\/post"}],"author":[{"embeddable":true,"href":"https:\/\/cetm-madrid.es\/web\/wp-json\/wp\/v2\/users\/1"}],"replies":[{"embeddable":true,"href":"https:\/\/cetm-madrid.es\/web\/wp-json\/wp\/v2\/comments?post=8395"}],"version-history":[{"count":2,"href":"https:\/\/cetm-madrid.es\/web\/wp-json\/wp\/v2\/posts\/8395\/revisions"}],"predecessor-version":[{"id":8399,"href":"https:\/\/cetm-madrid.es\/web\/wp-json\/wp\/v2\/posts\/8395\/revisions\/8399"}],"wp:featuredmedia":[{"embeddable":true,"href":"https:\/\/cetm-madrid.es\/web\/wp-json\/wp\/v2\/media\/8398"}],"wp:attachment":[{"href":"https:\/\/cetm-madrid.es\/web\/wp-json\/wp\/v2\/media?parent=8395"}],"wp:term":[{"taxonomy":"category","embeddable":true,"href":"https:\/\/cetm-madrid.es\/web\/wp-json\/wp\/v2\/categories?post=8395"},{"taxonomy":"post_tag","embeddable":true,"href":"https:\/\/cetm-madrid.es\/web\/wp-json\/wp\/v2\/tags?post=8395"}],"curies":[{"name":"wp","href":"https:\/\/api.w.org\/{rel}","templated":true}]}}