{"id":8323,"date":"2021-05-14T11:11:44","date_gmt":"2021-05-14T11:11:44","guid":{"rendered":"https:\/\/cetm-madrid.es\/web\/?p=8323"},"modified":"2021-05-15T11:19:59","modified_gmt":"2021-05-15T11:19:59","slug":"la-subida-de-impuestos-y-el-cambio-en-la-cuota-de-autonomos-haran-inviable-la-recuperacion-del-transporte-espanol","status":"publish","type":"post","link":"https:\/\/cetm-madrid.es\/web\/la-subida-de-impuestos-y-el-cambio-en-la-cuota-de-autonomos-haran-inviable-la-recuperacion-del-transporte-espanol\/","title":{"rendered":"La subida de impuestos y el cambio en la cuota de aut\u00f3nomos har\u00e1n inviable la recuperaci\u00f3n del transporte espa\u00f1ol"},"content":{"rendered":"<p>[et_pb_section fb_built=&#8221;1&#8243; admin_label=&#8221;section&#8221; _builder_version=&#8221;3.22&#8243;][et_pb_row admin_label=&#8221;row&#8221; _builder_version=&#8221;3.25&#8243; background_size=&#8221;initial&#8221; background_position=&#8221;top_left&#8221; background_repeat=&#8221;repeat&#8221; column_structure=&#8221;2_3,1_3&#8243;][et_pb_column type=&#8221;2_3&#8243; _builder_version=&#8221;3.25&#8243; custom_padding=&#8221;|||&#8221; custom_padding__hover=&#8221;|||&#8221;][et_pb_text admin_label=&#8221;Texto&#8221; _builder_version=&#8221;4.7.7&#8243; background_size=&#8221;initial&#8221; background_position=&#8221;top_left&#8221; background_repeat=&#8221;repeat&#8221; text_orientation=&#8221;justified&#8221; hover_enabled=&#8221;0&#8243; use_border_color=&#8221;off&#8221; border_color=&#8221;#ffffff&#8221; border_style=&#8221;solid&#8221; sticky_enabled=&#8221;0&#8243;]<\/p>\n<p>La Confederaci\u00f3n Espa\u00f1ola de Transporte de Mercanc\u00edas (CETM) manifiesta su rechazo a las nuevas cuotas de aut\u00f3nomos que ha anunciado el Gobierno, una medida que se une a la subida de impuestos planteada en el Plan de Recuperaci\u00f3n y que<strong> impedir\u00e1 la salida de la crisis<\/strong> provocada por la pandemia de la Covid-19.<\/p>\n<p>Frente a la posici\u00f3n del resto de pa\u00edses europeos, como Alemania, Italia o Francia, que <strong>han optado por una rebaja fiscal<\/strong> para encauzar la recuperaci\u00f3n econ\u00f3mica, el Ejecutivo espa\u00f1ol prepara una subida de impuestos que supondr\u00e1 <strong>un aut\u00e9ntico descalabro tanto<\/strong> para las empresas como para los trabajadores por cuenta propia de nuestro pa\u00eds.<\/p>\n<p>La recuperaci\u00f3n pasa por la implantaci\u00f3n del pago por uso en las carreteras, la subida del di\u00e9sel o el IRPF y, tambi\u00e9n, el aumento del impuesto de sociedades y una fuerte subida de las cotizaciones de los aut\u00f3nomos, perjudicando a todo el tejido empresarial. La CETM considera que de esta manera <strong>la \u00fanica recaudaci\u00f3n que har\u00e1 Moncloa ser\u00e1 la del aumento del paro<\/strong> y la merma de la econom\u00eda espa\u00f1ola.<\/p>\n<p>Es inaceptable que no se planteen medidas que estimulen la recuperaci\u00f3n de las empresas y aut\u00f3nomos de nuestro pa\u00eds y que el \u201chachazo fiscal\u201d sea el \u00fanico camino.<\/p>\n<p>El sector del transporte de mercanc\u00edas, como era de esperar,<strong> ser\u00e1 uno de los m\u00e1s perjudicados<\/strong>, puesto que no solo se ver\u00e1 afectado si se lleva a cabo la subida del di\u00e9sel o la implantaci\u00f3n de peajes, sino que, adem\u00e1s, cuenta con una alta presencia de trabajadores aut\u00f3nomos que tendr\u00e1n que hacer frente a la subida de sus cuotas, ahog\u00e1ndoles a\u00fan m\u00e1s y<strong> haciendo inviable la tan sonada recuperaci\u00f3n que prometen desde el Gobierno.<\/strong><\/p>\n<p>[\/et_pb_text][\/et_pb_column][et_pb_column type=&#8221;1_3&#8243; _builder_version=&#8221;3.25&#8243; custom_padding=&#8221;|||&#8221; custom_padding__hover=&#8221;|||&#8221;][et_pb_image src=&#8221;https:\/\/cetm-madrid.es\/web\/wp-content\/uploads\/2021\/05\/Dise\u00f1o-sin-t\u00edtulo.png&#8221; align_tablet=&#8221;center&#8221; align_last_edited=&#8221;on|desktop&#8221; admin_label=&#8221;Imagen&#8221; _builder_version=&#8221;4.7.7&#8243; animation_style=&#8221;slide&#8221; animation_direction=&#8221;left&#8221; animation_duration=&#8221;500ms&#8221; animation_intensity_slide=&#8221;10%&#8221; hover_enabled=&#8221;0&#8243; use_border_color=&#8221;off&#8221; border_color=&#8221;#ffffff&#8221; border_style=&#8221;solid&#8221; animation=&#8221;left&#8221; sticky=&#8221;off&#8221; always_center_on_mobile=&#8221;on&#8221; title_text=&#8221;Dise\u00f1o sin t\u00edtulo&#8221; sticky_enabled=&#8221;0&#8243;][\/et_pb_image][\/et_pb_column][\/et_pb_row][\/et_pb_section]<\/p>\n","protected":false},"excerpt":{"rendered":"<p>La Confederaci\u00f3n Espa\u00f1ola de Transporte de Mercanc\u00edas (CETM) manifiesta su rechazo a las nuevas cuotas de aut\u00f3nomos que ha anunciado el Gobierno, una medida que se une a la subida de impuestos planteada en el Plan de Recuperaci\u00f3n y que impedir\u00e1 la salida de la crisis provocada por la pandemia de la Covid-19. Frente a [&hellip;]<\/p>\n","protected":false},"author":1,"featured_media":8326,"comment_status":"closed","ping_status":"open","sticky":false,"template":"","format":"standard","meta":{"_et_pb_use_builder":"on","_et_pb_old_content":"","_et_gb_content_width":"","footnotes":""},"categories":[5,4],"tags":[],"class_list":["post-8323","post","type-post","status-publish","format-standard","has-post-thumbnail","hentry","category-general","category-organizacion"],"_links":{"self":[{"href":"https:\/\/cetm-madrid.es\/web\/wp-json\/wp\/v2\/posts\/8323","targetHints":{"allow":["GET"]}}],"collection":[{"href":"https:\/\/cetm-madrid.es\/web\/wp-json\/wp\/v2\/posts"}],"about":[{"href":"https:\/\/cetm-madrid.es\/web\/wp-json\/wp\/v2\/types\/post"}],"author":[{"embeddable":true,"href":"https:\/\/cetm-madrid.es\/web\/wp-json\/wp\/v2\/users\/1"}],"replies":[{"embeddable":true,"href":"https:\/\/cetm-madrid.es\/web\/wp-json\/wp\/v2\/comments?post=8323"}],"version-history":[{"count":2,"href":"https:\/\/cetm-madrid.es\/web\/wp-json\/wp\/v2\/posts\/8323\/revisions"}],"predecessor-version":[{"id":8327,"href":"https:\/\/cetm-madrid.es\/web\/wp-json\/wp\/v2\/posts\/8323\/revisions\/8327"}],"wp:featuredmedia":[{"embeddable":true,"href":"https:\/\/cetm-madrid.es\/web\/wp-json\/wp\/v2\/media\/8326"}],"wp:attachment":[{"href":"https:\/\/cetm-madrid.es\/web\/wp-json\/wp\/v2\/media?parent=8323"}],"wp:term":[{"taxonomy":"category","embeddable":true,"href":"https:\/\/cetm-madrid.es\/web\/wp-json\/wp\/v2\/categories?post=8323"},{"taxonomy":"post_tag","embeddable":true,"href":"https:\/\/cetm-madrid.es\/web\/wp-json\/wp\/v2\/tags?post=8323"}],"curies":[{"name":"wp","href":"https:\/\/api.w.org\/{rel}","templated":true}]}}