{"id":8314,"date":"2021-05-14T11:00:37","date_gmt":"2021-05-14T11:00:37","guid":{"rendered":"https:\/\/cetm-madrid.es\/web\/?p=8314"},"modified":"2021-05-15T11:04:29","modified_gmt":"2021-05-15T11:04:29","slug":"nuevos-cortes-en-navarra-para-pedir-el-desvio-del-trafico-pesado-a-la-a-15","status":"publish","type":"post","link":"https:\/\/cetm-madrid.es\/web\/nuevos-cortes-en-navarra-para-pedir-el-desvio-del-trafico-pesado-a-la-a-15\/","title":{"rendered":"Nuevos cortes en Navarra para pedir el desv\u00edo del tr\u00e1fico pesado a la A-15"},"content":{"rendered":"<p>[et_pb_section fb_built=&#8221;1&#8243; admin_label=&#8221;section&#8221; _builder_version=&#8221;3.22&#8243;][et_pb_row column_structure=&#8221;2_3,1_3&#8243; admin_label=&#8221;row&#8221; _builder_version=&#8221;3.25&#8243; background_size=&#8221;initial&#8221; background_position=&#8221;top_left&#8221; background_repeat=&#8221;repeat&#8221;][et_pb_column type=&#8221;2_3&#8243; _builder_version=&#8221;3.25&#8243; custom_padding=&#8221;|||&#8221; custom_padding__hover=&#8221;|||&#8221;][et_pb_text admin_label=&#8221;Texto&#8221; _builder_version=&#8221;4.7.7&#8243; background_size=&#8221;initial&#8221; background_position=&#8221;top_left&#8221; background_repeat=&#8221;repeat&#8221; text_orientation=&#8221;justified&#8221; use_border_color=&#8221;off&#8221; border_color=&#8221;#ffffff&#8221; border_style=&#8221;solid&#8221;]<\/p>\n<p>La Delegaci\u00f3n del Gobierno de Navarra ha informado a nuestra asociaci\u00f3n en la Comunidad Foral, ANET, que esta tarde se producir\u00e1n <strong>nuevos cortes<\/strong> para pedir el desv\u00edo de los camiones a la A-15.<\/p>\n<p>Las protestas tendr\u00e1n una duraci\u00f3n de media hora (de 20:00 a 20:30 horas) y se producir\u00e1 en las siguientes v\u00edas:<\/p>\n<p>\u2022 N-121-A p.k 63-64 (Lesaka)<\/p>\n<p>\u2022 PA-30 p.k 8-9 (Huarte)<\/p>\n<p>Como ha ocurrido en anteriores ocasiones, aconsejamos a las empresas de transporte que<strong> tengan en cuenta esta informaci\u00f3n<\/strong> a la hora de planificar sus rutas.<\/p>\n<p>[\/et_pb_text][\/et_pb_column][et_pb_column type=&#8221;1_3&#8243; _builder_version=&#8221;3.25&#8243; custom_padding=&#8221;|||&#8221; custom_padding__hover=&#8221;|||&#8221;][et_pb_image src=&#8221;https:\/\/cetm-madrid.es\/web\/wp-content\/uploads\/2021\/04\/Dise\u00f1o-sin-t\u00edtulo-36.png&#8221; title_text=&#8221;Dise\u00f1o sin t\u00edtulo (36)&#8221; align_tablet=&#8221;center&#8221; align_phone=&#8221;&#8221; align_last_edited=&#8221;on|desktop&#8221; admin_label=&#8221;Imagen&#8221; _builder_version=&#8221;4.7.7&#8243; animation_style=&#8221;slide&#8221; animation_direction=&#8221;left&#8221; animation_duration=&#8221;500ms&#8221; animation_intensity_slide=&#8221;10%&#8221; hover_enabled=&#8221;0&#8243; use_border_color=&#8221;off&#8221; border_color=&#8221;#ffffff&#8221; border_style=&#8221;solid&#8221; animation=&#8221;left&#8221; sticky=&#8221;off&#8221; always_center_on_mobile=&#8221;on&#8221; sticky_enabled=&#8221;0&#8243;][\/et_pb_image][\/et_pb_column][\/et_pb_row][\/et_pb_section]<\/p>\n","protected":false},"excerpt":{"rendered":"<p>La Delegaci\u00f3n del Gobierno de Navarra ha informado a nuestra asociaci\u00f3n en la Comunidad Foral, ANET, que esta tarde se producir\u00e1n nuevos cortes para pedir el desv\u00edo de los camiones a la A-15. Las protestas tendr\u00e1n una duraci\u00f3n de media hora (de 20:00 a 20:30 horas) y se producir\u00e1 en las siguientes v\u00edas: \u2022 N-121-A [&hellip;]<\/p>\n","protected":false},"author":1,"featured_media":8117,"comment_status":"closed","ping_status":"open","sticky":false,"template":"","format":"standard","meta":{"_et_pb_use_builder":"on","_et_pb_old_content":"","_et_gb_content_width":"","footnotes":""},"categories":[5,4],"tags":[],"class_list":["post-8314","post","type-post","status-publish","format-standard","has-post-thumbnail","hentry","category-general","category-organizacion"],"_links":{"self":[{"href":"https:\/\/cetm-madrid.es\/web\/wp-json\/wp\/v2\/posts\/8314","targetHints":{"allow":["GET"]}}],"collection":[{"href":"https:\/\/cetm-madrid.es\/web\/wp-json\/wp\/v2\/posts"}],"about":[{"href":"https:\/\/cetm-madrid.es\/web\/wp-json\/wp\/v2\/types\/post"}],"author":[{"embeddable":true,"href":"https:\/\/cetm-madrid.es\/web\/wp-json\/wp\/v2\/users\/1"}],"replies":[{"embeddable":true,"href":"https:\/\/cetm-madrid.es\/web\/wp-json\/wp\/v2\/comments?post=8314"}],"version-history":[{"count":3,"href":"https:\/\/cetm-madrid.es\/web\/wp-json\/wp\/v2\/posts\/8314\/revisions"}],"predecessor-version":[{"id":8319,"href":"https:\/\/cetm-madrid.es\/web\/wp-json\/wp\/v2\/posts\/8314\/revisions\/8319"}],"wp:featuredmedia":[{"embeddable":true,"href":"https:\/\/cetm-madrid.es\/web\/wp-json\/wp\/v2\/media\/8117"}],"wp:attachment":[{"href":"https:\/\/cetm-madrid.es\/web\/wp-json\/wp\/v2\/media?parent=8314"}],"wp:term":[{"taxonomy":"category","embeddable":true,"href":"https:\/\/cetm-madrid.es\/web\/wp-json\/wp\/v2\/categories?post=8314"},{"taxonomy":"post_tag","embeddable":true,"href":"https:\/\/cetm-madrid.es\/web\/wp-json\/wp\/v2\/tags?post=8314"}],"curies":[{"name":"wp","href":"https:\/\/api.w.org\/{rel}","templated":true}]}}