{"id":8293,"date":"2021-05-12T13:59:58","date_gmt":"2021-05-12T13:59:58","guid":{"rendered":"https:\/\/cetm-madrid.es\/web\/?p=8293"},"modified":"2021-05-12T14:00:02","modified_gmt":"2021-05-12T14:00:02","slug":"el-indigno-silencio-de-los-cargadores-con-los-peajes","status":"publish","type":"post","link":"https:\/\/cetm-madrid.es\/web\/el-indigno-silencio-de-los-cargadores-con-los-peajes\/","title":{"rendered":"El indigno silencio de los cargadores con los peajes"},"content":{"rendered":"<p>[et_pb_section fb_built=&#8221;1&#8243; admin_label=&#8221;section&#8221; _builder_version=&#8221;3.22&#8243;][et_pb_row admin_label=&#8221;row&#8221; _builder_version=&#8221;3.25&#8243; background_size=&#8221;initial&#8221; background_position=&#8221;top_left&#8221; background_repeat=&#8221;repeat&#8221; column_structure=&#8221;2_3,1_3&#8243;][et_pb_column type=&#8221;2_3&#8243; _builder_version=&#8221;3.25&#8243; custom_padding=&#8221;|||&#8221; custom_padding__hover=&#8221;|||&#8221;][et_pb_text admin_label=&#8221;Texto&#8221; _builder_version=&#8221;4.7.7&#8243; background_size=&#8221;initial&#8221; background_position=&#8221;top_left&#8221; background_repeat=&#8221;repeat&#8221; text_orientation=&#8221;justified&#8221; hover_enabled=&#8221;0&#8243; use_border_color=&#8221;off&#8221; border_color=&#8221;#ffffff&#8221; border_style=&#8221;solid&#8221; sticky_enabled=&#8221;0&#8243;]<\/p>\n<p>De todos los apoyos que el transporte de mercanc\u00edas por carretera ha tenido desde que el Gobierno anunci\u00f3 su idea de imponer peajes en todas las carreteras, no se <br \/>encuentra el de las principales organizaciones de cargadores.\u00a0<\/p>\n<p>Quienes habitualmente muestran una obsesi\u00f3n casi compulsiva por reducir los costes del transporte, <strong>no han mostrado la m\u00e1s m\u00ednima preocupaci\u00f3n e indignaci\u00f3n<\/strong> <br \/>por una situaci\u00f3n absolutamente injusta para toda la cadena de suministro, y que puede incrementar los costes de transporte en casi un 20%, a pesar incluso de que <br \/>desde el Ejecutivo se ha insinuado que<strong> no deber\u00eda de ser el transportista sino el propio cargador quien se hiciera cargo<\/strong> de asumir el importe total de dichos peajes.<\/p>\n<p>En la CETM nos preguntamos, \u00bfa qu\u00e9 se debe este silencio?, \u00bfpor qu\u00e9 no han protestado ante una situaci\u00f3n que claramente les perjudica?, \u00bfd\u00f3nde ha quedado su <br \/>preocupaci\u00f3n por el aumento de los costes en la cadena de suministro? Debe ser que no est\u00e1n preocupados porque saben que, como siempre, conseguir\u00e1n que seamos <br \/>nosotros los que soportemos la mayor parte del importe de estas nuevas tasas, y <strong>hemos tenido que ser los transportistas quienes asumamos en solitario<\/strong> la <br \/>responsabilidad de reclamar que no se aumente a\u00fan m\u00e1s la fiscalidad de un sector que cubre sobradamente los costes externos que genera.<\/p>\n<p>Probablemente, los cargadores se<strong> est\u00e9n guardando las fuerzas negociadoras<\/strong> para continuar reclamando la puesta en marcha de las 44 toneladas o para impedir <br \/>que se proh\u00edba que los conductores sigan cargando y descargando sus mercanc\u00edas, porque solo esto explicar\u00eda que estas organizaciones, tan beligerantes cuando les <br \/>interesa, no se hayan preocupado ni una sola vez por si la amenaza de los peajes se hace realidad.<\/p>\n<p>Una vez m\u00e1s, la dignidad ha brillado por su ausencia entre unos cargadores que, como ya han demostrado durante toda la pandemia,<strong> solo se preocupan se lo suyo,<\/strong> <br \/>algo que seguramente lastrar\u00e1, a\u00fan m\u00e1s, sus relaciones con unos transportistas que<strong> se han sentido abandonados en sus reclamaciones<\/strong> tanto por el Gobierno como <br \/>por sus clientes.\u00a0<\/p>\n<p>[\/et_pb_text][\/et_pb_column][et_pb_column type=&#8221;1_3&#8243; _builder_version=&#8221;3.25&#8243; custom_padding=&#8221;|||&#8221; custom_padding__hover=&#8221;|||&#8221;][et_pb_image src=&#8221;https:\/\/cetm-madrid.es\/web\/wp-content\/uploads\/2021\/05\/Dise\u00f1o-sin-t\u00edtulo-39.png&#8221; align_tablet=&#8221;center&#8221; align_last_edited=&#8221;on|desktop&#8221; admin_label=&#8221;Imagen&#8221; _builder_version=&#8221;4.7.7&#8243; animation_style=&#8221;slide&#8221; animation_direction=&#8221;left&#8221; animation_duration=&#8221;500ms&#8221; animation_intensity_slide=&#8221;10%&#8221; hover_enabled=&#8221;0&#8243; use_border_color=&#8221;off&#8221; border_color=&#8221;#ffffff&#8221; border_style=&#8221;solid&#8221; animation=&#8221;left&#8221; sticky=&#8221;off&#8221; always_center_on_mobile=&#8221;on&#8221; title_text=&#8221;Dise\u00f1o sin t\u00edtulo (39)&#8221; sticky_enabled=&#8221;0&#8243;][\/et_pb_image][\/et_pb_column][\/et_pb_row][\/et_pb_section]<\/p>\n","protected":false},"excerpt":{"rendered":"<p>De todos los apoyos que el transporte de mercanc\u00edas por carretera ha tenido desde que el Gobierno anunci\u00f3 su idea de imponer peajes en todas las carreteras, no se encuentra el de las principales organizaciones de cargadores.\u00a0 Quienes habitualmente muestran una obsesi\u00f3n casi compulsiva por reducir los costes del transporte, no han mostrado la m\u00e1s [&hellip;]<\/p>\n","protected":false},"author":1,"featured_media":8296,"comment_status":"closed","ping_status":"open","sticky":false,"template":"","format":"standard","meta":{"_et_pb_use_builder":"on","_et_pb_old_content":"","_et_gb_content_width":"","footnotes":""},"categories":[5,4],"tags":[],"class_list":["post-8293","post","type-post","status-publish","format-standard","has-post-thumbnail","hentry","category-general","category-organizacion"],"_links":{"self":[{"href":"https:\/\/cetm-madrid.es\/web\/wp-json\/wp\/v2\/posts\/8293","targetHints":{"allow":["GET"]}}],"collection":[{"href":"https:\/\/cetm-madrid.es\/web\/wp-json\/wp\/v2\/posts"}],"about":[{"href":"https:\/\/cetm-madrid.es\/web\/wp-json\/wp\/v2\/types\/post"}],"author":[{"embeddable":true,"href":"https:\/\/cetm-madrid.es\/web\/wp-json\/wp\/v2\/users\/1"}],"replies":[{"embeddable":true,"href":"https:\/\/cetm-madrid.es\/web\/wp-json\/wp\/v2\/comments?post=8293"}],"version-history":[{"count":2,"href":"https:\/\/cetm-madrid.es\/web\/wp-json\/wp\/v2\/posts\/8293\/revisions"}],"predecessor-version":[{"id":8297,"href":"https:\/\/cetm-madrid.es\/web\/wp-json\/wp\/v2\/posts\/8293\/revisions\/8297"}],"wp:featuredmedia":[{"embeddable":true,"href":"https:\/\/cetm-madrid.es\/web\/wp-json\/wp\/v2\/media\/8296"}],"wp:attachment":[{"href":"https:\/\/cetm-madrid.es\/web\/wp-json\/wp\/v2\/media?parent=8293"}],"wp:term":[{"taxonomy":"category","embeddable":true,"href":"https:\/\/cetm-madrid.es\/web\/wp-json\/wp\/v2\/categories?post=8293"},{"taxonomy":"post_tag","embeddable":true,"href":"https:\/\/cetm-madrid.es\/web\/wp-json\/wp\/v2\/tags?post=8293"}],"curies":[{"name":"wp","href":"https:\/\/api.w.org\/{rel}","templated":true}]}}