{"id":8286,"date":"2021-05-11T13:43:51","date_gmt":"2021-05-11T13:43:51","guid":{"rendered":"https:\/\/cetm-madrid.es\/web\/?p=8286"},"modified":"2021-05-12T13:47:12","modified_gmt":"2021-05-12T13:47:12","slug":"la-cetm-alerta-del-riesgo-que-corren-los-conductores-profesionales-ante-las-nuevas-cepas-y-reclama-prioridad-en-la-vacunacion-para-el-colectivo","status":"publish","type":"post","link":"https:\/\/cetm-madrid.es\/web\/la-cetm-alerta-del-riesgo-que-corren-los-conductores-profesionales-ante-las-nuevas-cepas-y-reclama-prioridad-en-la-vacunacion-para-el-colectivo\/","title":{"rendered":"La CETM alerta del riesgo que corren los conductores profesionales ante las nuevas cepas y reclama prioridad en la vacunaci\u00f3n para el colectivo"},"content":{"rendered":"<p>[et_pb_section fb_built=&#8221;1&#8243; admin_label=&#8221;section&#8221; _builder_version=&#8221;3.22&#8243;][et_pb_row column_structure=&#8221;2_3,1_3&#8243; admin_label=&#8221;row&#8221; _builder_version=&#8221;3.25&#8243; background_size=&#8221;initial&#8221; background_position=&#8221;top_left&#8221; background_repeat=&#8221;repeat&#8221;][et_pb_column type=&#8221;2_3&#8243; _builder_version=&#8221;3.25&#8243; custom_padding=&#8221;|||&#8221; custom_padding__hover=&#8221;|||&#8221;][et_pb_text admin_label=&#8221;Texto&#8221; _builder_version=&#8221;4.7.7&#8243; background_size=&#8221;initial&#8221; background_position=&#8221;top_left&#8221; background_repeat=&#8221;repeat&#8221; text_orientation=&#8221;justified&#8221; use_border_color=&#8221;off&#8221; border_color=&#8221;#ffffff&#8221; border_style=&#8221;solid&#8221;]<\/p>\n<p>La Confederaci\u00f3n Espa\u00f1ola de Transporte de Mercanc\u00edas (CETM) reclama una vez m\u00e1s al Gobierno la incorporaci\u00f3n de los conductores profesionales como grupo <br \/>prioritario en la vacunaci\u00f3n frente al Covid-19.\u00a0<\/p>\n<p>Andaluc\u00eda ya ha comenzado a vacunar a los estibadores, consider\u00e1ndolos como grupo esencial, para <strong>evitar la llegada de nuevas cepas<\/strong> como la india, que la <br \/>Organizaci\u00f3n Mundial de la Salud (OMS) ha calificado hoy mismo como <strong>\u201cuna variante de preocupaci\u00f3n mundial\u201d.<\/strong><\/p>\n<p>Desde la CETM consideramos que el Ministerio de Sanidad deber\u00eda incluir a los profesionales de las empresas de transporte de mercanc\u00edas en la Estrategia de <br \/>Vacunaci\u00f3n frente al Covid-19 puesto que, al igual que los estibadores, <strong>es un grupo de riesgo debido a la movilidad que implica su actividad,<\/strong> un hecho que se <br \/>suma a la exigencia de los cargadores para que realicen las labores de carga y descarga.<\/p>\n<p>Espa\u00f1a no puede arriesgarse a que se produzcan fracturas en las cadenas de suministro si nuestros conductores se contagian, puesto que su papel es fundamental <br \/>para <strong>garantizar el abastecimiento de la poblaci\u00f3n y el suministro (la propia vacuna incluida).<\/strong><\/p>\n<p>Han pasado m\u00e1s de tres meses desde que la Confederaci\u00f3n envi\u00f3 una carta a la ministra Carolina Darias pidi\u00e9ndole la inclusi\u00f3n del colectivo y ni siquiera hemos <br \/>obtenido su respuesta.\u00a0<\/p>\n<p>El abandono que sufre el transporte de mercanc\u00edas por carretera nos hace pensar que el Ejecutivo no es consciente de la importancia de su labor o que, como el <br \/>compromiso de nuestras empresas para mantener el funcionamiento de la cadena de suministro siempre ha sido firme, no es capaz de valorar todo el esfuerzo que hay <br \/>detr\u00e1s, <strong>omitiendo que gracias a las empresas de transporte no ha faltado de nada<\/strong> en supermercados, farmacias y hospitales durante la pandemia<\/p>\n<p>A nuestro parecer, no deber\u00eda hacer falta seguir exponiendo motivos por los que los profesionales del transporte deben incluirse a la mayor celeridad posible en el plan <br \/>de vacunaci\u00f3n, puesto que todos deber\u00edamos ser conscientes de que, <strong>si la salud de los conductores profesionales est\u00e1 en riesgo, corre peligro todo lo dem\u00e1s. <\/strong><\/p>\n<p>[\/et_pb_text][et_pb_image src=&#8221;https:\/\/cetm-madrid.es\/web\/wp-content\/uploads\/2021\/05\/infograf\u00eda_vacunaci\u00f3n.png&#8221; title_text=&#8221;infograf\u00eda_vacunaci\u00f3n&#8221; _builder_version=&#8221;4.7.7&#8243; _module_preset=&#8221;default&#8221;][\/et_pb_image][\/et_pb_column][et_pb_column type=&#8221;1_3&#8243; _builder_version=&#8221;3.25&#8243; custom_padding=&#8221;|||&#8221; custom_padding__hover=&#8221;|||&#8221;][et_pb_image src=&#8221;https:\/\/cetm-madrid.es\/web\/wp-content\/uploads\/2021\/05\/infograf\u00eda_vacunaci\u00f3n.png&#8221; title_text=&#8221;infograf\u00eda_vacunaci\u00f3n&#8221; align_tablet=&#8221;center&#8221; align_phone=&#8221;&#8221; align_last_edited=&#8221;on|desktop&#8221; admin_label=&#8221;Imagen&#8221; _builder_version=&#8221;4.7.7&#8243; animation_style=&#8221;slide&#8221; animation_direction=&#8221;left&#8221; animation_duration=&#8221;500ms&#8221; animation_intensity_slide=&#8221;10%&#8221; use_border_color=&#8221;off&#8221; border_color=&#8221;#ffffff&#8221; border_style=&#8221;solid&#8221; animation=&#8221;left&#8221; sticky=&#8221;off&#8221; always_center_on_mobile=&#8221;on&#8221;][\/et_pb_image][\/et_pb_column][\/et_pb_row][\/et_pb_section]<\/p>\n","protected":false},"excerpt":{"rendered":"<p>La Confederaci\u00f3n Espa\u00f1ola de Transporte de Mercanc\u00edas (CETM) reclama una vez m\u00e1s al Gobierno la incorporaci\u00f3n de los conductores profesionales como grupo prioritario en la vacunaci\u00f3n frente al Covid-19.\u00a0 Andaluc\u00eda ya ha comenzado a vacunar a los estibadores, consider\u00e1ndolos como grupo esencial, para evitar la llegada de nuevas cepas como la india, que la Organizaci\u00f3n [&hellip;]<\/p>\n","protected":false},"author":1,"featured_media":8289,"comment_status":"closed","ping_status":"open","sticky":false,"template":"","format":"standard","meta":{"_et_pb_use_builder":"on","_et_pb_old_content":"","_et_gb_content_width":"","footnotes":""},"categories":[5,4],"tags":[],"class_list":["post-8286","post","type-post","status-publish","format-standard","has-post-thumbnail","hentry","category-general","category-organizacion"],"_links":{"self":[{"href":"https:\/\/cetm-madrid.es\/web\/wp-json\/wp\/v2\/posts\/8286","targetHints":{"allow":["GET"]}}],"collection":[{"href":"https:\/\/cetm-madrid.es\/web\/wp-json\/wp\/v2\/posts"}],"about":[{"href":"https:\/\/cetm-madrid.es\/web\/wp-json\/wp\/v2\/types\/post"}],"author":[{"embeddable":true,"href":"https:\/\/cetm-madrid.es\/web\/wp-json\/wp\/v2\/users\/1"}],"replies":[{"embeddable":true,"href":"https:\/\/cetm-madrid.es\/web\/wp-json\/wp\/v2\/comments?post=8286"}],"version-history":[{"count":3,"href":"https:\/\/cetm-madrid.es\/web\/wp-json\/wp\/v2\/posts\/8286\/revisions"}],"predecessor-version":[{"id":8292,"href":"https:\/\/cetm-madrid.es\/web\/wp-json\/wp\/v2\/posts\/8286\/revisions\/8292"}],"wp:featuredmedia":[{"embeddable":true,"href":"https:\/\/cetm-madrid.es\/web\/wp-json\/wp\/v2\/media\/8289"}],"wp:attachment":[{"href":"https:\/\/cetm-madrid.es\/web\/wp-json\/wp\/v2\/media?parent=8286"}],"wp:term":[{"taxonomy":"category","embeddable":true,"href":"https:\/\/cetm-madrid.es\/web\/wp-json\/wp\/v2\/categories?post=8286"},{"taxonomy":"post_tag","embeddable":true,"href":"https:\/\/cetm-madrid.es\/web\/wp-json\/wp\/v2\/tags?post=8286"}],"curies":[{"name":"wp","href":"https:\/\/api.w.org\/{rel}","templated":true}]}}